{"id":1025,"date":"2022-07-30T11:20:15","date_gmt":"2022-07-30T09:20:15","guid":{"rendered":"https:\/\/kuriercodziennychicago.com\/?p=1025"},"modified":"2022-07-30T11:20:17","modified_gmt":"2022-07-30T09:20:17","slug":"tusk-mowiacy-o-okradaniu-polakow-przez-pis-bezczelne-to-i-zuchwale","status":"publish","type":"post","link":"https:\/\/kuriercodziennychicago.com\/index.php\/2022\/07\/30\/tusk-mowiacy-o-okradaniu-polakow-przez-pis-bezczelne-to-i-zuchwale\/","title":{"rendered":"Tusk m\u00f3wi\u0105cy o okradaniu Polak\u00f3w przez PiS- bezczelne to i zuchwa\u0142e"},"content":{"rendered":"<div class=\"wp-block-image\">\n<figure class=\"alignleft size-large is-resized\"><img decoding=\"async\" src=\"https:\/\/kuriercodziennychicago.com\/wp-content\/uploads\/2022\/05\/Zbigniew_Kuzmiuk_Sejm_2015-edited-768x1024.jpg\" alt=\"\" class=\"wp-image-126\" width=\"70\" height=\"93\"\/><\/figure>\n<\/div>\n\n\n<h3 class=\"wp-block-heading\"><a href=\"https:\/\/wpolityce.pl\/autorzy\/274-zbigniew-kuzmiuk\">Zbigniew Ku\u017amiuk<\/a><\/h3>\n\n\n\n<p><strong>Przewodnicz\u0105cy Platformy Obywatelskiej Donald Tusk od&nbsp;jakiego\u015b czasu prezentuje na&nbsp;portalach spo\u0142eczno\u015bciowych filmiki, w&nbsp;kt\u00f3rych oskar\u017ca Prawo i&nbsp;Sprawiedliwo\u015b\u0107 o&nbsp;r\u00f3\u017cnego rodzaju \u201eniegodziwo\u015bci\u201d, u\u017cywaj\u0105c do&nbsp;tego du\u017cych ilo\u015bci&nbsp;banknot\u00f3w.<\/strong><\/p>\n\n\n\n<h2 class=\"wp-block-heading\">Oskar\u017cenia o&nbsp;okradanie&nbsp;Polak\u00f3w<\/h2>\n\n\n\n<p>Swego czasu nagra\u0142 filmik, w&nbsp;kt\u00f3rym u\u017cy\u0142 wr\u0119cz palet za\u0142adowanych paczkami euro, \u017ceby pokaza\u0107, ile jego zdaniem Polska straci, nie chc\u0105c porozumie\u0107 si\u0119 z&nbsp;Komisj\u0105 Europejsk\u0105 w&nbsp;sprawie Krajowego Planu&nbsp;Odbudowy.<\/p>\n\n\n\n<p>Kilka dni temu z&nbsp;kolei, zaprezentowa\u0142 filmik, na&nbsp;kt\u00f3rym sam rzuca na&nbsp;st\u00f3\u0142 banknoty 100-z\u0142otowe i&nbsp;jednocze\u015bnie m\u00f3wi do&nbsp;kamery, jak to&nbsp;Prawo i&nbsp;Sprawiedliwo\u015b\u0107, od&nbsp;ju\u017c blisko 7&nbsp;lat, okrada&nbsp;Polak\u00f3w.<\/p>\n\n\n<div class=\"wp-block-image\">\n<figure class=\"aligncenter size-full\"><img decoding=\"async\" width=\"474\" height=\"319\" src=\"https:\/\/kuriercodziennychicago.com\/wp-content\/uploads\/2022\/07\/OIP.zQkRzBPuZDF2IBbVLIQocAHaE_.jpg\" alt=\"\" class=\"wp-image-1026\" srcset=\"https:\/\/kuriercodziennychicago.com\/wp-content\/uploads\/2022\/07\/OIP.zQkRzBPuZDF2IBbVLIQocAHaE_.jpg 474w, https:\/\/kuriercodziennychicago.com\/wp-content\/uploads\/2022\/07\/OIP.zQkRzBPuZDF2IBbVLIQocAHaE_-300x202.jpg 300w, https:\/\/kuriercodziennychicago.com\/wp-content\/uploads\/2022\/07\/OIP.zQkRzBPuZDF2IBbVLIQocAHaE_-370x250.jpg 370w\" sizes=\"(max-width: 474px) 100vw, 474px\" \/><\/figure>\n<\/div>\n\n\n<p>Wprawdzie nie przestawia \u017cadnego dowodu na&nbsp;poparcie tej tezy, ale tak ju\u017c jest od&nbsp;lipca poprzedniego roku, kiedy to&nbsp;Tusk wr\u00f3ci\u0142 z&nbsp;Brukseli do&nbsp;polskiej polityki i&nbsp;od&nbsp;pocz\u0105tku w&nbsp;jego publicznych wypowiedziach pojawia\u0142y si\u0119 oskar\u017cenia Prawa i&nbsp;Sprawiedliwo\u015bci o&nbsp;okradanie&nbsp;Polak\u00f3w.<\/p>\n\n\n\n<p>Jest takie polskie przys\u0142owie, \u017ce&nbsp;\u201ez\u0142odziej zawsze najg\u0142o\u015bniej krzyczy: \u0142apa\u0107 z\u0142odzieja\u201d i&nbsp;ono idealnie odzwierciedla okres rz\u0105d\u00f3w Donalda Tuska w&nbsp;Polsce w&nbsp;latach 2007-2014 i&nbsp;prawdziwo\u015b\u0107 jego obecnych oskar\u017ce\u0144 kierowanych pod adresem Prawa&nbsp;i&nbsp;Sprawiedliwo\u015bci.<\/p>\n\n\n\n<h2 class=\"wp-block-heading\">Rz\u0105dy Platformy&nbsp;Obywatelskiej<\/h2>\n\n\n\n<p>Najpe\u0142niej polityczne przyzwolenie Platformy na&nbsp;okradanie Polak\u00f3w z&nbsp;publicznych pieni\u0119dzy pokazuje zestawienie dochod\u00f3w bud\u017cetowych w&nbsp;latach 2007-2015, kiedy rz\u0105dzi\u0142a ta&nbsp;partia i&nbsp;por\u00f3wnanie z&nbsp;okresem 2015-2021, kiedy rz\u0105dzi Prawo&nbsp;i&nbsp;Sprawiedliwo\u015b\u0107.<\/p>\n\n\n\n<p>Ot\u00f3\u017c w&nbsp;okresie 7&nbsp;lat premierowania Donalda Tuska, dochody bud\u017cetu pa\u0144stwa w&nbsp;stosunku do&nbsp;2007 roku (ostatniego roku rz\u0105d\u00f3w Prawa i&nbsp;Sprawiedliwo\u015bci), uda\u0142o si\u0119 powi\u0119kszy\u0107 o&nbsp;17&nbsp;mld z\u0142&nbsp;w&nbsp;roku 2008, o&nbsp;38&nbsp;mld z\u0142&nbsp;w&nbsp;roku 2009, o&nbsp;14&nbsp;mld z\u0142&nbsp;w&nbsp;roku 2010, o&nbsp;41&nbsp;mld z\u0142&nbsp;w&nbsp;roku 2011, o&nbsp;51&nbsp;mld z\u0142&nbsp;w&nbsp;roku 2012, o&nbsp;43&nbsp;mld z\u0142&nbsp;w&nbsp;roku 2013 i&nbsp;o&nbsp;47&nbsp;mld z\u0142&nbsp;w&nbsp;roku&nbsp;2014.<\/p>\n\n\n\n<p>Sumarycznie dochody bud\u017cetu w&nbsp;tym okresie uda\u0142o si\u0119 powi\u0119kszy\u0107 o&nbsp;oko\u0142o 250 mld z\u0142&nbsp;w&nbsp;stosunku do&nbsp;roku 2007, czyli \u015bredniorocznie o&nbsp;35&nbsp;mld z\u0142, mimo tego, \u017ce&nbsp;w&nbsp;tym czasie podniesiono stawki VAT, a&nbsp;tak\u017ce ca\u0142y czas sprzedawano maj\u0105tek Skarbu Pa\u0144stwa za&nbsp;oko\u0142o 60&nbsp;mld z\u0142&nbsp;i&nbsp;ziemi\u0119 z&nbsp;zasob\u00f3w Skarbu Pa\u0144stwa za&nbsp;oko\u0142o 10&nbsp;mld&nbsp;z\u0142.<\/p>\n\n\n\n<p>Z&nbsp;kolei podczas dotychczasowych 7&nbsp;lat rz\u0105d\u00f3w Prawa i&nbsp;Sprawiedliwo\u015bci, dochody bud\u017cetu pa\u0144stwa w&nbsp;stosunku do&nbsp;roku 2015 (ostatniego roku rz\u0105d\u00f3w Platformy), powi\u0119kszano zdecydowanie mocniej ni\u017c za&nbsp;rz\u0105d\u00f3w&nbsp;poprzednik\u00f3w.<\/p>\n\n\n\n<p>I&nbsp;tak w&nbsp;2016 roku by\u0142o to&nbsp;65&nbsp;mld z\u0142&nbsp;wi\u0119cej, 2017 roku o&nbsp;109 mld z\u0142&nbsp;wi\u0119cej, w&nbsp;2018 roku ju\u017c o&nbsp;154 mld z\u0142&nbsp;wi\u0119cej, w&nbsp;2019 roku 185 mld z\u0142&nbsp;wi\u0119cej, w&nbsp;2020 roku a\u017c&nbsp;o&nbsp;210 mld z\u0142&nbsp;wi\u0119cej, w&nbsp;2021 o&nbsp;206 mld z\u0142&nbsp;wi\u0119cej, w&nbsp;roku 2022 b\u0119dzie to&nbsp;o&nbsp;203 mld&nbsp;z\u0142&nbsp;wi\u0119cej.<\/p>\n\n\n\n<p>Sumarycznie dochody bud\u017cetowe w&nbsp;latach 2016-2022 s\u0105&nbsp;wy\u017csze od&nbsp;tych osi\u0105gni\u0119tych w&nbsp;bud\u017cecie roku 2015 a\u017c&nbsp;o&nbsp;1&nbsp;bilion 132 mld z\u0142, czyli \u015bredniorocznie a\u017c&nbsp;o&nbsp;oko\u0142o 160 mld&nbsp;z\u0142.<\/p>\n\n\n\n<p>Tak ogromy \u015brednioroczny przyrost dochod\u00f3w bud\u017cetowych nast\u0105pi\u0142 mimo \u017ce&nbsp;lata 2020-2021 to&nbsp;okres pandemii Covid 19&nbsp;i&nbsp;w&nbsp;konsekwencji spadek PKB, rz\u0105d Prawa i&nbsp;Sprawiedliwo\u015bci obni\u017ca\u0142 tak\u017ce stawki podatk\u00f3w PIT i&nbsp;CIT, co&nbsp;wi\u0119cej w&nbsp;okresie tych rz\u0105d\u00f3w zaniechano wyprzeda\u017cy maj\u0105tku Skarbu Pa\u0144stwa i&nbsp;sprzeda\u017cy ziemi z&nbsp;zasob\u00f3w Skarbu&nbsp;Pa\u0144stwa.<\/p>\n\n\n\n<p>Je\u017celi wi\u0119c Donald Tusk chcia\u0142by porozmawia\u0107 o&nbsp;okradaniu Polak\u00f3w przez poszczeg\u00f3lne rz\u0105dy, to&nbsp;najpierw powinien wyt\u0142umaczy\u0107 dlaczego w&nbsp;okresie jego 7-letnich rz\u0105d\u00f3w, dochody bud\u017cetowe \u015bredniorocznie ros\u0142y o&nbsp;zaledwie o&nbsp;35&nbsp;mld z\u0142, mimo podnoszenia podatk\u00f3w i&nbsp;wyprzeda\u017cy maj\u0105tku, a&nbsp;w&nbsp;dotychczasowych 7&nbsp;latach rz\u0105d\u00f3w Prawa i&nbsp;Sprawiedliwo\u015bci, te&nbsp;dochody ros\u0142y \u015bredniorocznie a\u017c&nbsp;o&nbsp;160 mld z\u0142, mimo pandemii Covid 19, obni\u017cek stawek podatkowych i&nbsp;braku dochod\u00f3w z&nbsp;wyprzeda\u017cy maj\u0105tku Skarbu&nbsp;Pa\u0144stwa.<\/p>\n\n\n\n<p>To&nbsp;wzrost 5-krotnie wy\u017cszy i&nbsp;dopiero to&nbsp;por\u00f3wnanie, pokazuje skal\u0119 \u201eprywatyzacji dochod\u00f3w podatkowych\u201d za&nbsp;rz\u0105d\u00f3w Donalda Tuska, na&nbsp;co&nbsp;jak to&nbsp;udowodni\u0142a sejmowa komisja \u015bledcza ds. VAT, by\u0142o polityczne przyzwolenie, \u00f3wczesnego&nbsp;rz\u0105du.<\/p>\n\n\n\n<p>To&nbsp;jest dopiero twardy dow\u00f3d na&nbsp;przyzwolenie na&nbsp;okradanie Polak\u00f3w z&nbsp;podatk\u00f3w, kt\u00f3re zamiast do&nbsp;bud\u017cetu, masowo trafia\u0142y do&nbsp;prywatnych kieszeni \u201ekrewnych i&nbsp;znajomych&nbsp;kr\u00f3lika\u201d.<\/p>\n","protected":false},"excerpt":{"rendered":"<p>Zbigniew Ku\u017amiuk Przewodnicz\u0105cy Platformy Obywatelskiej Donald Tusk od&nbsp;jakiego\u015b czasu prezentuje na&nbsp;portalach spo\u0142eczno\u015bciowych filmiki, w&nbsp;kt\u00f3rych oskar\u017ca Prawo i&nbsp;Sprawiedliwo\u015b\u0107 o&nbsp;r\u00f3\u017cnego<\/p>\n","protected":false},"author":1,"featured_media":1026,"comment_status":"closed","ping_status":"closed","sticky":false,"template":"","format":"standard","meta":{"footnotes":""},"categories":[2,9],"tags":[],"class_list":["post-1025","post","type-post","status-publish","format-standard","has-post-thumbnail","hentry","category-polityka","category-start"],"_links":{"self":[{"href":"https:\/\/kuriercodziennychicago.com\/index.php\/wp-json\/wp\/v2\/posts\/1025","targetHints":{"allow":["GET"]}}],"collection":[{"href":"https:\/\/kuriercodziennychicago.com\/index.php\/wp-json\/wp\/v2\/posts"}],"about":[{"href":"https:\/\/kuriercodziennychicago.com\/index.php\/wp-json\/wp\/v2\/types\/post"}],"author":[{"embeddable":true,"href":"https:\/\/kuriercodziennychicago.com\/index.php\/wp-json\/wp\/v2\/users\/1"}],"replies":[{"embeddable":true,"href":"https:\/\/kuriercodziennychicago.com\/index.php\/wp-json\/wp\/v2\/comments?post=1025"}],"version-history":[{"count":1,"href":"https:\/\/kuriercodziennychicago.com\/index.php\/wp-json\/wp\/v2\/posts\/1025\/revisions"}],"predecessor-version":[{"id":1027,"href":"https:\/\/kuriercodziennychicago.com\/index.php\/wp-json\/wp\/v2\/posts\/1025\/revisions\/1027"}],"wp:featuredmedia":[{"embeddable":true,"href":"https:\/\/kuriercodziennychicago.com\/index.php\/wp-json\/wp\/v2\/media\/1026"}],"wp:attachment":[{"href":"https:\/\/kuriercodziennychicago.com\/index.php\/wp-json\/wp\/v2\/media?parent=1025"}],"wp:term":[{"taxonomy":"category","embeddable":true,"href":"https:\/\/kuriercodziennychicago.com\/index.php\/wp-json\/wp\/v2\/categories?post=1025"},{"taxonomy":"post_tag","embeddable":true,"href":"https:\/\/kuriercodziennychicago.com\/index.php\/wp-json\/wp\/v2\/tags?post=1025"}],"curies":[{"name":"wp","href":"https:\/\/api.w.org\/{rel}","templated":true}]}}