{"id":1037,"date":"2022-08-01T03:39:27","date_gmt":"2022-08-01T01:39:27","guid":{"rendered":"https:\/\/kuriercodziennychicago.com\/?p=1037"},"modified":"2022-08-01T03:39:28","modified_gmt":"2022-08-01T01:39:28","slug":"mimo-tarcz-antyinflacyjnych-po-i-polroczu-prawie-28-mld-zl-nadwyzki-budzetowej","status":"publish","type":"post","link":"https:\/\/kuriercodziennychicago.com\/index.php\/2022\/08\/01\/mimo-tarcz-antyinflacyjnych-po-i-polroczu-prawie-28-mld-zl-nadwyzki-budzetowej\/","title":{"rendered":"Mimo tarcz antyinflacyjnych po I p\u00f3\u0142roczu prawie 28 mld z\u0142 nadwy\u017cki bud\u017cetowej"},"content":{"rendered":"<div class=\"wp-block-image\">\n<figure class=\"alignleft size-large is-resized\"><img decoding=\"async\" src=\"https:\/\/kuriercodziennychicago.com\/wp-content\/uploads\/2022\/05\/Zbigniew_Kuzmiuk_Sejm_2015-853x1024.jpg\" alt=\"\" class=\"wp-image-29\" width=\"100\" height=\"120\"\/><\/figure>\n<\/div>\n\n\n<h3 class=\"wp-block-heading\"><a href=\"https:\/\/wpolityce.pl\/autorzy\/274-zbigniew-kuzmiuk\">Zbigniew Ku\u017amiuk<\/a><\/h3>\n\n\n\n<p><strong>W&nbsp;tych dniach resort finans\u00f3w opublikowa\u0142 dane dotycz\u0105ce szacunkowego wykonania bud\u017cetu w&nbsp;okresie stycze\u0144-czerwiec 2022 roku, z&nbsp;kt\u00f3rych wynika, \u017ce&nbsp;po&nbsp;6&nbsp;miesi\u0105cach, mamy wysok\u0105 nadwy\u017ck\u0119 wynosz\u0105c\u0105 a\u017c&nbsp;27,7&nbsp;mld&nbsp;z\u0142.<\/strong><\/p>\n\n\n\n<p>To&nbsp;dosy\u0107 zaskakuj\u0105ce poniewa\u017c w&nbsp;I&nbsp;p\u00f3\u0142roczu tego roku dzia\u0142a\u0142y a\u017c&nbsp;3&nbsp;tarcze antyinflacyjne (jedna wprowadzona jeszcze w&nbsp;grudniu poprzedniego roku, dwie kolejne dotycz\u0105ce no\u015bnik\u00f3w energii i&nbsp;\u017cywno\u015bci w&nbsp;styczniu tego roku), kt\u00f3rych istot\u0105 by\u0142a obni\u017cka podatku VAT i&nbsp;innych obci\u0105\u017ce\u0144 podatkowych na&nbsp;no\u015bniki energii&nbsp;i&nbsp;\u017cywno\u015b\u0107.<\/p>\n\n\n\n<p>Polska gospodarka ponosi tak\u017ce konsekwencje wojny za&nbsp;nasz\u0105 wschodni\u0105 granic\u0105, co&nbsp;wi\u0119cej bud\u017cet pa\u0144stwa obci\u0105\u017caj\u0105 du\u017ce dodatkowe wydatki zwi\u0105zane z&nbsp;pomoc\u0105 humanitarn\u0105 i&nbsp;wojskow\u0105 dla Ukrainy, a&nbsp;tak\u017ce finansuje wydatki zwi\u0105zane z&nbsp;przyj\u0119ciem w&nbsp;naszym kraju ju\u017c ponad 5&nbsp;mln&nbsp;uchod\u017ac\u00f3w.<\/p>\n\n\n\n<p>Dochody bud\u017cetu pa\u0144stwa po&nbsp;6&nbsp;miesi\u0105cach tego roku, by\u0142y wy\u017csze a\u017c&nbsp;o&nbsp;29,7&nbsp;mld z\u0142, od&nbsp;tych z&nbsp;tego samego okresu roku 2021, przy czym z\u0142o\u017cy\u0142y si\u0119 na&nbsp;to&nbsp;przede wszystkim dochody podatkowe, kt\u00f3re by\u0142y wy\u017csze a\u017c&nbsp;o&nbsp;ok. 31&nbsp;mld&nbsp;z\u0142.<\/p>\n\n\n\n<figure class=\"wp-block-image size-large\"><img decoding=\"async\" width=\"1024\" height=\"565\" src=\"https:\/\/kuriercodziennychicago.com\/wp-content\/uploads\/2022\/08\/OIP.ohGXVh1McAUaXb1DJK9rwAHaEF-1024x565.jpg\" alt=\"\" class=\"wp-image-1038\" srcset=\"https:\/\/kuriercodziennychicago.com\/wp-content\/uploads\/2022\/08\/OIP.ohGXVh1McAUaXb1DJK9rwAHaEF-1024x565.jpg 1024w, https:\/\/kuriercodziennychicago.com\/wp-content\/uploads\/2022\/08\/OIP.ohGXVh1McAUaXb1DJK9rwAHaEF-300x165.jpg 300w, https:\/\/kuriercodziennychicago.com\/wp-content\/uploads\/2022\/08\/OIP.ohGXVh1McAUaXb1DJK9rwAHaEF-768x424.jpg 768w, https:\/\/kuriercodziennychicago.com\/wp-content\/uploads\/2022\/08\/OIP.ohGXVh1McAUaXb1DJK9rwAHaEF-1536x847.jpg 1536w, https:\/\/kuriercodziennychicago.com\/wp-content\/uploads\/2022\/08\/OIP.ohGXVh1McAUaXb1DJK9rwAHaEF-2048x1130.jpg 2048w, https:\/\/kuriercodziennychicago.com\/wp-content\/uploads\/2022\/08\/OIP.ohGXVh1McAUaXb1DJK9rwAHaEF-370x204.jpg 370w\" sizes=\"(max-width: 1024px) 100vw, 1024px\" \/><\/figure>\n\n\n\n<p>W&nbsp;okresie stycze\u0144- czerwiec 2022 roku zrealizowano dochody w&nbsp;wysoko\u015bci 263,6&nbsp;mld z\u0142&nbsp;tj. 53,6&nbsp;% planowanych i&nbsp;235,9&nbsp;mld z\u0142&nbsp;czyli 45,2&nbsp;% planowanych wydatk\u00f3w, co&nbsp;oznacza, \u017ce&nbsp;jak ju\u017c wspomnia\u0142em w&nbsp;bud\u017cecie mamy nadwy\u017ck\u0119 wynosz\u0105c\u0105 a\u017c&nbsp;27,7&nbsp;mld&nbsp;z\u0142.<\/p>\n\n\n\n<p>Na&nbsp;podkre\u015blenie zas\u0142uguje tak\u017ce fakt, \u017ce&nbsp;po&nbsp;6&nbsp;miesi\u0105cach tego roku dochody podatkowe ze&nbsp;wszystkich \u017ar\u00f3de\u0142, by\u0142y wyra\u017anie wy\u017csze ni\u017c w&nbsp;roku ubieg\u0142ym, w&nbsp;tym wp\u0142ywy z&nbsp;VAT by\u0142y wy\u017csze a\u017c&nbsp;o&nbsp;9,1%, z&nbsp;PIT o&nbsp;13,6%, a&nbsp;z&nbsp;CIT&nbsp;a\u017c&nbsp;o&nbsp;44,3&nbsp;%.<strong><\/strong><\/p>\n\n\n\n<p>Po&nbsp;6&nbsp;miesi\u0105cach wp\u0142ywy z&nbsp;podatku VAT by\u0142y wy\u017csze od&nbsp;ubieg\u0142orocznych o&nbsp;9,2&nbsp;mld z\u0142, wy\u017csze by\u0142y tak\u017ce dochody z&nbsp;podatku akcyzowego i&nbsp;podatku od&nbsp;gier o&nbsp;4,5&nbsp;mld z\u0142&nbsp;(czyli o&nbsp;12,9%), a&nbsp;tak\u017ce z&nbsp;podatku od&nbsp;niekt\u00f3rych instytucji finansowych o&nbsp;0,4&nbsp;mld z\u0142&nbsp;czyli o&nbsp;16,2% (wszystko w&nbsp;uj\u0119ciu&nbsp;r\/r).<\/p>\n\n\n\n<p>Z&nbsp;kolei dochody z&nbsp;PIT by\u0142y wy\u017csze o&nbsp;ok. 4,6&nbsp;mld z\u0142&nbsp;czyli a\u017c&nbsp;o&nbsp;13,6%, natomiast dochody z&nbsp;podatku CIT by\u0142y wy\u017csze o&nbsp;11,3&nbsp;mld z\u0142&nbsp;czyli a\u017c&nbsp;o&nbsp;44,3% (oznacza to&nbsp;tak\u017ce znacznie wy\u017csze ni\u017c planowano wp\u0142ywy do&nbsp;bud\u017cet\u00f3w jednostek samorz\u0105du terytorialnego, \u0142\u0105cznie wszystkie JST maj\u0105 blisko 50% udzia\u0142u w&nbsp;PIT i&nbsp;prawie 25% wp\u0142yw\u00f3w&nbsp;z&nbsp;CIT).<\/p>\n\n\n\n<p>W&nbsp;tej sytuacji wp\u0142ywy z&nbsp;podatku VAT po&nbsp;6&nbsp;miesi\u0105cach, wynios\u0142y ponad 123 mld z\u0142, dochody z&nbsp;akcyzy prawie 38&nbsp;mld z\u0142, dochody z&nbsp;PIT wynios\u0142y ponad 38&nbsp;mld z\u0142, dochody z&nbsp;podatku CIT ponad 37&nbsp;mld z\u0142, a&nbsp;podatek od&nbsp;niekt\u00f3rych instytucji finansowych wyni\u00f3s\u0142 ponad blisko 3&nbsp;mld&nbsp;z\u0142.<\/p>\n\n\n\n<h2 class=\"wp-block-heading\">Wzrost dochod\u00f3w&nbsp;z&nbsp;CIT<\/h2>\n\n\n\n<p>Nale\u017cy podkre\u015bli\u0107 wr\u0119cz nadzwyczajny wzrost dochod\u00f3w z&nbsp;CIT, kt\u00f3re po&nbsp;I&nbsp;p\u00f3\u0142roczu prawie zr\u00f3wna\u0142y si\u0119 z&nbsp;dochodami z&nbsp;PIT, kt\u00f3re nie wzrastaj\u0105 ju\u017c tak szybko w&nbsp;zwi\u0105zku w&nbsp;wprowadzeniem wynosz\u0105cej 30&nbsp;tys. z\u0142&nbsp;kwoty wolnej od&nbsp;podatku i&nbsp;podwy\u017cszeniu drugiego przedzia\u0142u podatkowego z&nbsp;85&nbsp;tys. z\u0142&nbsp;do&nbsp;120 tys. z\u0142&nbsp;rocznie (od&nbsp;1&nbsp;lipca wejdzie tak\u017ce w&nbsp;\u017cycie obni\u017cenie stawki w&nbsp;I&nbsp;przedziale podatkowym z&nbsp;17%&nbsp;do&nbsp;12%).<\/p>\n\n\n\n<p>Ca\u0142o\u015bciowo dochody bud\u017cetowe wynios\u0142y blisko 53,6% tych planowanych, natomiast dochody podatkowe 51,1% planowanych i&nbsp;to&nbsp;mimo jak ju\u017c wspomnia\u0142em funkcjonowania 3&nbsp;tarcz antyinflacyjnych, obni\u017caj\u0105cych podatek VAT i&nbsp;akcyz\u0119 na&nbsp;no\u015bniki energii i&nbsp;\u017cywno\u015b\u0107 oraz konsekwencji finansowych wojny na&nbsp;Ukrainie dla&nbsp;bud\u017cetu.<\/p>\n\n\n\n<p>Z&nbsp;kolei wydatki bud\u017cetowe w&nbsp;okresie stycze\u0144-czerwiec 2022 roku wynios\u0142y, jak ju\u017c wy\u017cej zaznaczy\u0142em 235 mld z\u0142&nbsp;tj. 45,2% tych planowanych, by\u0142y one wy\u017csze a\u017c&nbsp;o&nbsp;29,9&nbsp;mld z\u0142&nbsp;(tj. o&nbsp;14,5%), ni\u017c w&nbsp;tym samym okresie 2021 roku (wtedy wynios\u0142y 206,0&nbsp;mld&nbsp;z\u0142).<\/p>\n\n\n\n<p>Wy\u017csze wykonanie wydatk\u00f3w by\u0142o g\u0142\u00f3wnie spowodowane wy\u017cszymi \u015brodkami przekazanymi do&nbsp;Funduszu Ubezpiecze\u0144 Spo\u0142ecznych (FUS) i&nbsp;to&nbsp;a\u017c&nbsp;o&nbsp;7,1&nbsp;mld z\u0142, wynikaj\u0105cymi z&nbsp;wyp\u0142at 13- emerytury, a&nbsp;tak\u017ce zwi\u0119kszonego zapotrzebowania na&nbsp;finansowanie wyp\u0142at Rodzinnego Kapita\u0142u Opieku\u0144czego dla wi\u0119kszej ilo\u015bci rodzin ni\u017c&nbsp;planowano.<\/p>\n\n\n\n<p>Przekazano r\u00f3wnie\u017c wi\u0119ksze \u015brodki o&nbsp;3&nbsp;mld z\u0142&nbsp;wi\u0119cej w&nbsp;cz\u0119\u015bci Obrona Narodowa na&nbsp;zakup sprz\u0119tu i&nbsp;uzbrojenia wojskowego, wi\u0119ksze \u015brodki o&nbsp;2,1&nbsp;mld z\u0142&nbsp;dla jednostek samorz\u0105du terytorialnego w&nbsp;ramach cz\u0119\u015bci o\u015bwiatowej subwencji og\u00f3lnej, o&nbsp;1,7&nbsp;mld z\u0142&nbsp;wi\u0119cej na&nbsp;zabezpieczenie spo\u0142eczne w&nbsp;zwi\u0105zku z&nbsp;wyp\u0142at\u0105 dla Funduszu Solidarno\u015bciowego, a&nbsp;tak\u017ce o&nbsp;3,4&nbsp;mld z\u0142&nbsp;na&nbsp;finansowanie zada\u0144 na&nbsp;rzecz pomocy&nbsp;Ukrainie.<\/p>\n\n\n\n<p>Jednocze\u015bnie wy\u017csze by\u0142o tak\u017ce wykonanie wydatk\u00f3w z&nbsp;tytu\u0142u \u015brodk\u00f3w w\u0142asnych Unii Europejskiej (o&nbsp;1&nbsp;mld z\u0142&nbsp;wi\u0119cej mi\u0119dzy innymi w&nbsp;zwi\u0105zku z&nbsp;wprowadzeniem op\u0142aty od&nbsp;niepoddanych recyklingowi tworzyw sztucznych, a&nbsp;tak\u017ce cz\u0119\u015bci wp\u0142yw\u00f3w z&nbsp;ce\u0142 wp\u0142acanych do&nbsp;bud\u017cetu UE), a&nbsp;tak\u017ce o&nbsp;ok. 0,9&nbsp;mld z\u0142&nbsp;wy\u017csze by\u0142y wydatki z&nbsp;tytu\u0142u obs\u0142ugi d\u0142ugu Skarbu&nbsp;Pa\u0144stwa.<\/p>\n\n\n\n<p>Podsumowuj\u0105c, po&nbsp;6&nbsp;miesi\u0105cach realizacji bud\u017cetu, sytuacja finans\u00f3w pa\u0144stwa jest zaskakuj\u0105co dobra, cho\u0107 dzia\u0142aj\u0105 3&nbsp;tarcze antyinflacyjne obni\u017caj\u0105ce okresowo VAT i&nbsp;akcyz\u0119 na&nbsp;no\u015bniki energii i&nbsp;\u017cywno\u015b\u0107, co&nbsp;oznacza zmniejszenie wp\u0142yw\u00f3w z&nbsp;tytu\u0142u tych&nbsp;podatk\u00f3w.<\/p>\n\n\n\n<p>Jednak trwaj\u0105ca wojna za&nbsp;nasz\u0105 wschodni\u0105 granic\u0105, mo\u017ce z&nbsp;jednej strony spowodowa\u0107 w&nbsp;kolejnych miesi\u0105cach spadek dochod\u00f3w podatkowych, z&nbsp;drugiej natomiast konieczno\u015b\u0107 uruchomienia dodatkowych wydatk\u00f3w bud\u017cetowych, co&nbsp;\u0142\u0105cznie mo\u017ce pogorszy\u0107 realizacj\u0119 bud\u017cetu w&nbsp;II&nbsp;po\u0142owie tego&nbsp;roku.<\/p>\n","protected":false},"excerpt":{"rendered":"<p>Zbigniew Ku\u017amiuk W&nbsp;tych dniach resort finans\u00f3w opublikowa\u0142 dane dotycz\u0105ce szacunkowego wykonania bud\u017cetu w&nbsp;okresie stycze\u0144-czerwiec 2022 roku, z&nbsp;kt\u00f3rych wynika,<\/p>\n","protected":false},"author":1,"featured_media":1038,"comment_status":"closed","ping_status":"closed","sticky":false,"template":"","format":"standard","meta":{"footnotes":""},"categories":[2,9],"tags":[],"class_list":["post-1037","post","type-post","status-publish","format-standard","has-post-thumbnail","hentry","category-polityka","category-start"],"_links":{"self":[{"href":"https:\/\/kuriercodziennychicago.com\/index.php\/wp-json\/wp\/v2\/posts\/1037","targetHints":{"allow":["GET"]}}],"collection":[{"href":"https:\/\/kuriercodziennychicago.com\/index.php\/wp-json\/wp\/v2\/posts"}],"about":[{"href":"https:\/\/kuriercodziennychicago.com\/index.php\/wp-json\/wp\/v2\/types\/post"}],"author":[{"embeddable":true,"href":"https:\/\/kuriercodziennychicago.com\/index.php\/wp-json\/wp\/v2\/users\/1"}],"replies":[{"embeddable":true,"href":"https:\/\/kuriercodziennychicago.com\/index.php\/wp-json\/wp\/v2\/comments?post=1037"}],"version-history":[{"count":1,"href":"https:\/\/kuriercodziennychicago.com\/index.php\/wp-json\/wp\/v2\/posts\/1037\/revisions"}],"predecessor-version":[{"id":1039,"href":"https:\/\/kuriercodziennychicago.com\/index.php\/wp-json\/wp\/v2\/posts\/1037\/revisions\/1039"}],"wp:featuredmedia":[{"embeddable":true,"href":"https:\/\/kuriercodziennychicago.com\/index.php\/wp-json\/wp\/v2\/media\/1038"}],"wp:attachment":[{"href":"https:\/\/kuriercodziennychicago.com\/index.php\/wp-json\/wp\/v2\/media?parent=1037"}],"wp:term":[{"taxonomy":"category","embeddable":true,"href":"https:\/\/kuriercodziennychicago.com\/index.php\/wp-json\/wp\/v2\/categories?post=1037"},{"taxonomy":"post_tag","embeddable":true,"href":"https:\/\/kuriercodziennychicago.com\/index.php\/wp-json\/wp\/v2\/tags?post=1037"}],"curies":[{"name":"wp","href":"https:\/\/api.w.org\/{rel}","templated":true}]}}