{"id":1128,"date":"2022-08-09T10:59:41","date_gmt":"2022-08-09T08:59:41","guid":{"rendered":"https:\/\/kuriercodziennychicago.com\/?p=1128"},"modified":"2022-08-09T10:59:43","modified_gmt":"2022-08-09T08:59:43","slug":"dzis-wspomnienie-sw-dominika","status":"publish","type":"post","link":"https:\/\/kuriercodziennychicago.com\/index.php\/2022\/08\/09\/dzis-wspomnienie-sw-dominika\/","title":{"rendered":"Dzi\u015b wspomnienie \u015bw. Dominika"},"content":{"rendered":"\n<p><strong>\u015awi\u0119ty Dominik urodzi\u0142 si\u0119 oko\u0142o 1170 roku w Caleruega w Hiszpanii. Pochodzi\u0142 ze znakomitego rodu kastylijskiego Guzman\u00f3w. Jego ojcem by\u0142 Feliks Guzman, a matk\u0105 &#8211; b\u0142. Joanna z Azy. Mia\u0142 dw\u00f3ch braci &#8211; b\u0142. Manesa (kt\u00f3ry wst\u0105pi\u0142 potem do za\u0142o\u017conego przez Dominika zakonu) i Antoniego, kap\u0142ana diecezjalnego.<\/strong><\/p>\n\n\n\n<p>Gdy Dominik mia\u0142 14 lat, rodzice wys\u0142ali go do szko\u0142y w Palencji. Nast\u0119pnie studiowa\u0142 w Salamance. W 1196 roku, po uko\u0144czeniu studi\u00f3w teologicznych, przyj\u0105\u0142 \u015bwi\u0119cenia kap\u0142a\u0144skie i wkr\u00f3tce zosta\u0142 mianowany kanonikiem katedry w Osmie. Pi\u0119\u0107 lat p\u00f3\u017aniej zosta\u0142 wiceprzewodnicz\u0105cym tej kapitu\u0142y. Gorliwie pracowa\u0142 tam nad sob\u0105 i nad bli\u017animi, g\u0142osz\u0105c im s\u0142owo Bo\u017ce.<\/p>\n\n\n\n<figure class=\"wp-block-image size-large\"><img decoding=\"async\" width=\"663\" height=\"1024\" src=\"https:\/\/kuriercodziennychicago.com\/wp-content\/uploads\/2022\/08\/76665c270f6702452e9b6bb11a6a42e5-663x1024.jpg\" alt=\"\" class=\"wp-image-1129\" srcset=\"https:\/\/kuriercodziennychicago.com\/wp-content\/uploads\/2022\/08\/76665c270f6702452e9b6bb11a6a42e5-663x1024.jpg 663w, https:\/\/kuriercodziennychicago.com\/wp-content\/uploads\/2022\/08\/76665c270f6702452e9b6bb11a6a42e5-194x300.jpg 194w, https:\/\/kuriercodziennychicago.com\/wp-content\/uploads\/2022\/08\/76665c270f6702452e9b6bb11a6a42e5-768x1185.jpg 768w, https:\/\/kuriercodziennychicago.com\/wp-content\/uploads\/2022\/08\/76665c270f6702452e9b6bb11a6a42e5-995x1536.jpg 995w, https:\/\/kuriercodziennychicago.com\/wp-content\/uploads\/2022\/08\/76665c270f6702452e9b6bb11a6a42e5-162x250.jpg 162w, https:\/\/kuriercodziennychicago.com\/wp-content\/uploads\/2022\/08\/76665c270f6702452e9b6bb11a6a42e5.jpg 1244w\" sizes=\"(max-width: 663px) 100vw, 663px\" \/><\/figure>\n\n\n\n<p>Kr\u00f3l Kastylii, Alfons IX, wys\u0142a\u0142 biskupa diecezji, w kt\u00f3rej pracowa\u0142 Dominik, Dydaka, z poselstwem do Niemiec i Danii. Dydak by\u0142 przyjacielem Dominika, dlatego te\u017c przysz\u0142y \u015bwi\u0119ty towarzyszy\u0142 biskupowi w podr\u00f3\u017cy, w czasie kt\u00f3rej znalaz\u0142 si\u0119 w okolicach Szczecina i polskiego Pomorza. Dominik by\u0142 \u015bwiadkiem najazdu poga\u0144skich Kuman\u00f3w z W\u0119gier na Turyngi\u0119. Wkr\u00f3tce po zako\u0144czeniu powierzonej im misji uda\u0142 si\u0119 do Rzymu, by prosi\u0107 Innocentego III o zezwolenie na prac\u0119 misyjn\u0105 w\u015br\u00f3d Kuman\u00f3w. Papie\u017c jednak takiej zgody nie udzieli\u0142.<\/p>\n\n\n\n<p>Wracaj\u0105c do Hiszpanii, Dydak i Dominik zetkn\u0119li si\u0119 w po\u0142udniowej Francji z legatami papieskimi, wys\u0142anymi tam do zwalczania powsta\u0142ej w\u0142a\u015bnie herezji albigens\u00f3w i waldens\u00f3w. Sekta ta pojawi\u0142a si\u0119 ok. 1200 r. w mie\u015bcie Albi. Jej cz\u0142onkowie zaprzeczali wa\u017cnym prawdom wiary, m.in. Tr\u00f3jcy \u015awi\u0119tej, Wcieleniu Syna Bo\u017cego, odrzucali Msz\u0119 \u015bwi\u0119t\u0105, ma\u0142\u017ce\u0144stwo i pozosta\u0142e sakramenty. Burzyli ko\u015bcio\u0142y i klasztory, niszczyli obrazy i krzy\u017ce.<\/p>\n\n\n\n<p>W porozumieniu z legatami Dominik postanowi\u0142 odda\u0107 si\u0119 pracy nad nawracaniem odszczepie\u0144c\u00f3w. Do tej akcji postanowi\u0142 w\u0142\u0105czy\u0107 si\u0119 bezpo\u015brednio tak\u017ce biskup Dydak. Poniewa\u017c heretycy w swoich wyst\u0105pieniach przeciwko Ko\u015bcio\u0142owi atakowali go za maj\u0105tki i wystawne \u017cycie duchownych, biskup i Dominik postanowili prowadzi\u0107 \u017cycie ewangeliczne na wz\u00f3r Pana Jezusa i Jego uczni\u00f3w. Chodzili wi\u0119c od miasta do miasta, od wioski do wioski, by prostowa\u0107 b\u0142\u0119dn\u0105 nauk\u0119 i wyja\u015bnia\u0107 autentyczn\u0105 nauk\u0119 Pana Jezusa. Innocenty III zatwierdzi\u0142 t\u0119 form\u0119 pracy apostolskiej. W centrum herezji znajdowa\u0142o si\u0119 miasto Prouille, po\u0142o\u017cone pomi\u0119dzy Carcassonne a Tuluz\u0105. Tam Dominik za\u0142o\u017cy\u0142 klasztor \u017ce\u0144ski, w kt\u00f3rym \u017cycie zosta\u0142o oparte na ca\u0142kowitym ub\u00f3stwie.<\/p>\n\n\n\n<p>Pojawi\u0142y si\u0119 pierwsze sukcesy. Niebawem biskup musia\u0142 powr\u00f3ci\u0107 do swojej diecezji. Natomiast do Dominika do\u0142\u0105czy\u0142o 11 cysters\u00f3w, kt\u00f3rzy postanowili wie\u015b\u0107 podobny tryb \u017cycia apostolskiego. Z nich w\u0142a\u015bnie w 1207 r. powsta\u0142 zal\u0105\u017cek nowej rodziny zakonnej. W tym samym jednak roku papie\u017c og\u0142osi\u0142 przeciwko albigensom i waldensom zbrojn\u0105 krucjat\u0119 na wiadomo\u015b\u0107, \u017ce heretycy ruszyli na ko\u015bcio\u0142y, plebanie i klasztory, pal\u0105c je i niszcz\u0105c. To skomplikowa\u0142o prac\u0119 apostolsk\u0105 Dominika. Wtedy Dominik zwi\u0119kszy\u0142 posty, umartwienia, cz\u0119\u015bciej si\u0119 modli\u0142. Dotychczasowe do\u015bwiadczenie wykaza\u0142o, \u017ce okazyjnie werbowani do tej akcji kap\u0142ani cz\u0119sto nie byli do niej wystarczaj\u0105co przygotowani. Wielu zniech\u0119ca\u0142 prymitywny rodzaj \u017cycia i po\u0142\u0105czone z nim niewygody.<\/p>\n\n\n\n<p>Dominik wybra\u0142 wi\u0119c spo\u015br\u00f3d swoich wsp\u00f3\u0142towarzyszy najpewniejszych. Na jego r\u0119ce z\u0142o\u017cyli oni \u015bluby zakonne w 1215 r. Tak powsta\u0142 Zakon Kaznodziejski &#8211; dominikan\u00f3w. Jego g\u0142\u00f3wnym celem by\u0142o g\u0142oszenie s\u0142owa Bo\u017cego i zbawianie dusz. Za\u0142o\u017cyciel wymaga\u0142 od zakonnik\u00f3w \u015bcis\u0142ego ub\u00f3stwa, panowania nad sob\u0105 i daleko id\u0105cego pos\u0142usze\u0144stwa. Dzi\u0119ki poparciu biskupa Tuluzy, Fulko, w Tuluzie powsta\u0142y wkr\u00f3tce a\u017c dwa klasztory dominika\u0144skie, kt\u00f3re mia\u0142y za cel nawracanie albigens\u00f3w i waldens\u00f3w. W tym samym roku odby\u0142 si\u0119 Sob\u00f3r Latera\u0144ski IV. Dominik uda\u0142 si\u0119 wraz ze swoim biskupem, Fulko, do Rzymu. Innocenty III po wys\u0142uchaniu zdania biskupa Tuluzy ustnie zatwierdzi\u0142 now\u0105 rodzin\u0119 zakonn\u0105.<\/p>\n\n\n\n<p>Zaraz po powrocie z soboru (1216) Dominik zwo\u0142a\u0142 kapitu\u0142\u0119 generaln\u0105, na kt\u00f3rej przyj\u0119to za podstaw\u0119 regu\u0142\u0119 \u015bw. Augustyna i konstytucje norbertan\u00f3w, kt\u00f3rzy wytyczyli sobie podobny cel. Wprowadzono do konstytucji jedynie te zmiany, kt\u00f3re w zastosowaniu do specyfiki zakonu okaza\u0142y si\u0119 konieczne. Kiedy Dominik po odbytej kapitule ponownie uda\u0142 si\u0119 do Rzymu, papie\u017c Innocenty III ju\u017c nie \u017cy\u0142 (+ 1216). B\u00f3g pokrzepi\u0142 jednak Dominika tajemniczym, proroczym snem: pojawili mu si\u0119 Aposto\u0142owie \u015bw. Piotr i \u015bw. Pawe\u0142, i zach\u0119cili go, by na ca\u0142y \u015bwiat wysy\u0142a\u0142 swoich syn\u00f3w duchowych jako kaznodziej\u00f3w. Dlatego kiedy tylko powr\u00f3ci\u0142 do Tuluzy, rozes\u0142a\u0142 grup\u0119 17 pierwszych zakonnik\u00f3w: do Hiszpanii, Bolonii i do Pary\u017ca. W dniu 22 grudnia 1216 r. papie\u017c Honoriusz III zatwierdzi\u0142 nowy zakon. Co wi\u0119cej, wyda\u0142 polecenie dla biskup\u00f3w, by udzielili nowej rodzinie zakonnej jak najpe\u0142niejszej pomocy.<\/p>\n\n\n\n<p>Dominik za\u0142o\u017cy\u0142 r\u00f3wnie\u017c zakon \u017ce\u0144ski, zatwierdzony przez Honoriusza III dwa lata p\u00f3\u017aniej.<\/p>\n\n\n\n<p>Kapitu\u0142a generalna w Bolonii w 1220 r. odrzuci\u0142a z regu\u0142y i z konstytucji to wszystko, co okaza\u0142o si\u0119 nieaktualne. W miejsce odrzuconych wstawiono nowe artyku\u0142y, w\u015br\u00f3d kt\u00f3rych znalaz\u0142 si\u0119 mi\u0119dzy innymi ten, \u017ce zakon nie mo\u017ce posiada\u0107 na w\u0142asno\u015b\u0107 sta\u0142ych d\u00f3br, ale \u017ce ma \u017cy\u0107 wy\u0142\u0105cznie z ofiar. W ten spos\u00f3b zakon wszed\u0142 do rodziny zakon\u00f3w mendykanckich (\u017cebrz\u0105cych), jakimi byli w XIII w. franciszkanie, augustianie, karmelici, trynitarze, serwici i minimi.<\/p>\n\n\n\n<p>W 1220 r. kard. Wilhelm ufundowa\u0142 dominikanom w Rzymie klasztor przy bazylice \u015bw. Sabiny, kt\u00f3ry odt\u0105d mia\u0142 si\u0119 sta\u0107 konwentem generalnym zakonu. Niemniej hojnym okaza\u0142 si\u0119 sam papie\u017c, kt\u00f3ry ofiarowa\u0142 dominikanom w\u0142asny pa\u0142ac. Tutaj w\u0142a\u015bnie Dominik mia\u0142 wskrzesi\u0107 bratanka kardyna\u0142a Stefana z Fossanuova. Przed \u015bmierci\u0105 Dominik przyj\u0105\u0142 do zakonu i na\u0142o\u017cy\u0142 habit \u015bw. Jackowi i b\u0142. Czes\u0142awowi, pierwszym polskim dominikanom. Wys\u0142a\u0142 te\u017c swoich syn\u00f3w do Anglii, Niemiec i na W\u0119gry.<\/p>\n\n\n\n<p>Dominik odbywa\u0142 cz\u0119ste podr\u00f3\u017ce, g\u0142osz\u0105c Ewangeli\u0119 i organizuj\u0105c wyk\u0142ady z teologii. Zak\u0142ada\u0142 nowe klasztory zakonu, kt\u00f3ry bardzo szybko si\u0119 rozpowszechni\u0142. W 1220 r. Honoriusz III powo\u0142a\u0142 Dominika na genera\u0142a zakonu.<\/p>\n\n\n\n<p>Dominik prowadzi\u0142 prac\u0119 misyjn\u0105 na p\u00f3\u0142nocy W\u0142och. Wyczerpany prac\u0105 w prymitywnych warunkach, wr\u00f3ci\u0142 do Bolonii. Jego ostatnie s\u0142owa brzmia\u0142y: &#8222;Miejcie mi\u0142o\u015b\u0107, strze\u017ccie pokory i nie odst\u0119pujcie od ub\u00f3stwa&#8221;. Zmar\u0142 6 sierpnia 1221 r. na r\u0119kach swych wsp\u00f3\u0142braci. W jego pogrzebie wzi\u0105\u0142 udzia\u0142 kardyna\u0142 Hugolin i wielu dygnitarzy ko\u015bcielnych. Dominik zosta\u0142 pochowany w ko\u015bciele klasztornym w Bolonii, w drewnianej trumnie, w podziemiu (w krypcie) tu\u017c pod wielkim o\u0142tarzem. Jego kult rozpocz\u0105\u0142 si\u0119 zaraz po jego \u015bmierci. Notowano za jego wstawiennictwem otrzymane \u0142aski. Dlatego papie\u017c Grzegorz IX nakaza\u0142 rozpocz\u0105\u0107 proces kanoniczny. Po jego uko\u0144czeniu wyni\u00f3s\u0142 s\u0142ug\u0119 Bo\u017cego do chwa\u0142y \u015bwi\u0119tych w 1234 r.<\/p>\n\n\n\n<p><br>Dominik odznacza\u0142 si\u0119 wielk\u0105 prawo\u015bci\u0105 obyczaj\u00f3w, niezwyk\u0142\u0105 \u017carliwo\u015bci\u0105 o sprawy Bo\u017ce oraz niezachwian\u0105 r\u00f3wnowag\u0105 ducha. Potrafi\u0142 wsp\u00f3\u0142czu\u0107. Jego radosne serce i pe\u0142na pokoju wewn\u0119trzna postawa uczyni\u0142y z niego cz\u0142owieka niebywale serdecznego. Oszcz\u0119dny w s\u0142owach, rozmawia\u0142 z Bogiem na modlitwie albo o Nim z bli\u017animi. \u017by\u0142 nader surowo. Bardzo cierpliwie znosi\u0142 wszelkie przeciwno\u015bci i upokorzenia.<br><br>Imi\u0119 <em>Dominik<\/em> pochodzi od \u0142aci\u0144skiego <em>dominicus<\/em>, co znaczy Pa\u0144ski, nale\u017c\u0105cy do Boga. Przed \u015bw. Dominikiem imi\u0119 to by\u0142o znane, ale w\u0142a\u015bnie Dominik Guzman spopularyzowa\u0142 to imi\u0119 w ca\u0142ej Europie. Najwi\u0119ksz\u0105 zas\u0142ug\u0105 \u015bw. Dominika i pami\u0105tk\u0105, jak\u0105 po sobie zostawi\u0142, jest za\u0142o\u017cony przez niego Zakon Kaznodziejski. Zakon da\u0142 Ko\u015bcio\u0142owi wielu \u015bwi\u0119tych. W\u015br\u00f3d nich do najja\u015bniejszych gwiazd nale\u017c\u0105 \u015bw. Tomasz z Akwinu (+ 1274), doktor Ko\u015bcio\u0142a, \u015bw. Rajmund z Penafort (+ 1275), \u015bw. Albert Wielki (+ 1280), doktor Ko\u015bcio\u0142a, \u015bw. Wincenty Ferreriusz (+ 1419), \u015bw. Antonin z Florencji (+ 1459), papie\u017c \u015bw. Pius V (+ 1572), \u015bw. Ludwik Bertrand (+ 1581), \u015bw. Katarzyna ze Sieny (+ 1380), doktor Ko\u015bcio\u0142a i patronka Europy, oraz \u015bw. R\u00f3\u017ca z Limy (+ 1617). Zakon po\u0142o\u017cy\u0142 wielkie zas\u0142ugi na polu nauki, wydaj\u0105c uczonych na skal\u0119 \u015bwiatow\u0105 w dziedzinie teologii, biblistyki czy liturgii. Kiedy zosta\u0142y odkryte nowe l\u0105dy, dominikanie byli jednymi z pierwszych, kt\u00f3rzy na odkryte tereny wysy\u0142ali swoich misjonarzy.<\/p>\n\n\n\n<p><em>brewiarz.pl<\/em><\/p>\n","protected":false},"excerpt":{"rendered":"<p>\u015awi\u0119ty Dominik urodzi\u0142 si\u0119 oko\u0142o 1170 roku w Caleruega w Hiszpanii. Pochodzi\u0142 ze znakomitego rodu kastylijskiego Guzman\u00f3w. Jego<\/p>\n","protected":false},"author":1,"featured_media":1129,"comment_status":"closed","ping_status":"closed","sticky":false,"template":"","format":"standard","meta":{"footnotes":""},"categories":[3,9],"tags":[],"class_list":["post-1128","post","type-post","status-publish","format-standard","has-post-thumbnail","hentry","category-religia","category-start"],"_links":{"self":[{"href":"https:\/\/kuriercodziennychicago.com\/index.php\/wp-json\/wp\/v2\/posts\/1128","targetHints":{"allow":["GET"]}}],"collection":[{"href":"https:\/\/kuriercodziennychicago.com\/index.php\/wp-json\/wp\/v2\/posts"}],"about":[{"href":"https:\/\/kuriercodziennychicago.com\/index.php\/wp-json\/wp\/v2\/types\/post"}],"author":[{"embeddable":true,"href":"https:\/\/kuriercodziennychicago.com\/index.php\/wp-json\/wp\/v2\/users\/1"}],"replies":[{"embeddable":true,"href":"https:\/\/kuriercodziennychicago.com\/index.php\/wp-json\/wp\/v2\/comments?post=1128"}],"version-history":[{"count":1,"href":"https:\/\/kuriercodziennychicago.com\/index.php\/wp-json\/wp\/v2\/posts\/1128\/revisions"}],"predecessor-version":[{"id":1130,"href":"https:\/\/kuriercodziennychicago.com\/index.php\/wp-json\/wp\/v2\/posts\/1128\/revisions\/1130"}],"wp:featuredmedia":[{"embeddable":true,"href":"https:\/\/kuriercodziennychicago.com\/index.php\/wp-json\/wp\/v2\/media\/1129"}],"wp:attachment":[{"href":"https:\/\/kuriercodziennychicago.com\/index.php\/wp-json\/wp\/v2\/media?parent=1128"}],"wp:term":[{"taxonomy":"category","embeddable":true,"href":"https:\/\/kuriercodziennychicago.com\/index.php\/wp-json\/wp\/v2\/categories?post=1128"},{"taxonomy":"post_tag","embeddable":true,"href":"https:\/\/kuriercodziennychicago.com\/index.php\/wp-json\/wp\/v2\/tags?post=1128"}],"curies":[{"name":"wp","href":"https:\/\/api.w.org\/{rel}","templated":true}]}}