{"id":1293,"date":"2022-08-27T23:23:20","date_gmt":"2022-08-27T21:23:20","guid":{"rendered":"https:\/\/kuriercodziennychicago.com\/?p=1293"},"modified":"2022-08-27T23:23:21","modified_gmt":"2022-08-27T21:23:21","slug":"juz-sie-nawet-z-tym-nie-kryja-posel-rosati-rzad-pis-albo-srodki-z-kpo-co-wolicie","status":"publish","type":"post","link":"https:\/\/kuriercodziennychicago.com\/index.php\/2022\/08\/27\/juz-sie-nawet-z-tym-nie-kryja-posel-rosati-rzad-pis-albo-srodki-z-kpo-co-wolicie\/","title":{"rendered":"Ju\u017c si\u0119 nawet z tym nie kryj\u0105. Pose\u0142 Rosati: Rz\u0105d PiS albo \u015brodki z KPO, co wolicie?"},"content":{"rendered":"<div class=\"wp-block-image\">\n<figure class=\"alignleft size-large is-resized\"><img decoding=\"async\" src=\"https:\/\/kuriercodziennychicago.com\/wp-content\/uploads\/2022\/05\/Zbigniew_Kuzmiuk_Sejm_2015-edited-768x1024.jpg\" alt=\"\" class=\"wp-image-126\" width=\"73\" height=\"97\"\/><\/figure>\n<\/div>\n\n\n<h3 class=\"wp-block-heading\"><a href=\"https:\/\/wpolityce.pl\/autorzy\/274-zbigniew-kuzmiuk\">Zbigniew Ku\u017amiuk<\/a><\/h3>\n\n\n\n<p><strong>Coraz cz\u0119\u015bciej i&nbsp;to&nbsp;przy otwartej kurtynie, czo\u0142owi politycy Platformy stawiaj\u0105 spraw\u0119 jasno w&nbsp;rozpoczynaj\u0105cej si\u0119 kampanii parlamentarnej b\u0119d\u0105 stawiali Polak\u00f3w przed wyborem: rz\u0105d PiS albo \u015brodki&nbsp;z&nbsp;KPO?<\/strong><\/p>\n\n\n\n<p>Cynizm polityk\u00f3w Platformy w&nbsp;tej sprawie polega na&nbsp;tym, \u017ce&nbsp;najpierw przez kilka lat robili wszystko w&nbsp;instytucjach europejskich i&nbsp;to&nbsp;najcz\u0119\u015bciej przy pomocy nieprawdziwych informacji, \u017ceby Polsk\u0119 zohydzi\u0107. Pr\u00f3bowali nawet por\u00f3wnywa\u0107 sytuacj\u0119 w&nbsp;naszym kraju do&nbsp;tej na&nbsp;Bia\u0142orusi i&nbsp;w&nbsp;Rosji, a&nbsp;gdy okaza\u0142o si\u0119 to&nbsp;skuteczne, odpowiedzialno\u015bci\u0105 pr\u00f3buj\u0105 obci\u0105\u017cy\u0107 Prawo&nbsp;i&nbsp;Sprawiedliwo\u015b\u0107.<\/p>\n\n\n\n<h3 class=\"wp-block-heading\">Co&nbsp;zrobili europos\u0142owie&nbsp;PO?<\/h3>\n\n\n\n<p>Co&nbsp;wi\u0119cej w&nbsp;Parlamencie Europejskim to&nbsp;w\u0142a\u015bnie europos\u0142owie Platformy byli wsp\u00f3\u0142autorami rozporz\u0105dzenia o&nbsp;tzw. warunkowo\u015bci, czyli uzale\u017cnienia wyp\u0142at unijnych \u015brodk\u00f3w od&nbsp;tzw. praworz\u0105dno\u015bci, ba&nbsp;byli tak\u017ce wsp\u00f3\u0142autorami kilkunastu antypolskich rezolucji, w&nbsp;kt\u00f3rych znajdowa\u0142y si\u0119 zapisy o&nbsp;konieczno\u015bci blokowania \u015brodk\u00f3w dla Polski ju\u017c nie tylko z&nbsp;KPO ale tak\u017ce wieloletniego unijnego&nbsp;bud\u017cetu.<\/p>\n\n\n<div class=\"wp-block-image\">\n<figure class=\"aligncenter size-full\"><img decoding=\"async\" width=\"275\" height=\"183\" src=\"https:\/\/kuriercodziennychicago.com\/wp-content\/uploads\/2022\/08\/images-1.jpg\" alt=\"\" class=\"wp-image-1294\"\/><\/figure>\n<\/div>\n\n\n<p>Tego rodzaju wypowiedzi czo\u0142owych polityk\u00f3w Platformy, nasili\u0142y zreszt\u0105 ju\u017c po&nbsp;przyj\u0119ciu pozytywnej opinii o&nbsp;polskim KPO przez KE&nbsp;i&nbsp;ostatecznej jego akceptacji przez Rad\u0119 Unii&nbsp;Europejskiej.<\/p>\n\n\n\n<p>Przypomnijmy, \u017ce&nbsp;na&nbsp;pocz\u0105tku czerwca przewodnicz\u0105ca KE&nbsp;przywioz\u0142a do&nbsp;Polski, pozytywn\u0105 opini\u0119 o&nbsp;polskim KPO (przy 5&nbsp;g\u0142osach odr\u0119bnych ale 22&nbsp;g\u0142osach za), co&nbsp;pozwoli\u0142o dwa tygodnie p\u00f3\u017aniej, Radzie Unii Europejskiej (ministrom finans\u00f3w 27&nbsp;kraj\u00f3w cz\u0142onkowskich) zatwierdzi\u0107 polski plan, ale p\u00f3\u017aniej pojawi\u0142y si\u0119 kolejne \u017c\u0105dania zmian w&nbsp;prawie dotycz\u0105cych polskiego wymiaru sprawiedliwo\u015bci, poszczeg\u00f3lnych komisarzy, w&nbsp;tym samej&nbsp;przewodnicz\u0105cej.<\/p>\n\n\n\n<p>Ju\u017c w&nbsp;momencie wej\u015bcia w&nbsp;\u017cycie znowelizowanej ustawy o&nbsp;Sadzie Najwy\u017cszym w&nbsp;Polsce, na&nbsp;pocz\u0105tku lipca wiceprzewodnicz\u0105ca KE&nbsp;Vera Jourova, odpowiedzialna za&nbsp;warto\u015bci i&nbsp;przejrzysto\u015b\u0107 na&nbsp;posiedzeniu jednej z&nbsp;komisji w&nbsp;PE, odpowiadaj\u0105c na&nbsp;pytanie, czy wype\u0142nia ona warunki okre\u015blone w&nbsp;polskim Planie Odbudowy stwierdzi\u0142a \u201enie, nie&nbsp;wype\u0142nia\u201d.<\/p>\n\n\n\n<p>Jeszcze mocniej zaatakowa\u0142 to&nbsp;porozumienie polityczne z&nbsp;Polsk\u0105, Didier Reynders komisarz d\/s&nbsp;sprawiedliwo\u015bci, kt\u00f3ry w&nbsp;wywiadzie dla niemieckiego \u201eFAZ\u201d, m\u00f3wi\u0105c o&nbsp;dalszym blokowaniu \u015brodk\u00f3w dla Polski w&nbsp;ramach KPO, powiedzia\u0142 \u201enie mo\u017cemy udzieli\u0107 Warszawie rabatu&nbsp;wojennego\u201d.<\/p>\n\n\n\n<p>T\u0142umacz\u0105c swoje stanowisko, argumentowa\u0142, \u017ce&nbsp;je\u017celi Polska dosta\u0142aby szybko pieni\u0105dze KPO, to&nbsp;KE&nbsp;straci\u0142aby wiarygodno\u015b\u0107, co&nbsp;sta\u0142o w&nbsp;jawnej sprzeczno\u015bci ze&nbsp;stanowiskiem Komisji sprzed miesi\u0105ca, kt\u00f3ra przecie\u017c wyda\u0142a pozytywn\u0105 opini\u0119 o&nbsp;tym&nbsp;Planie.<\/p>\n\n\n\n<p>Niepewno\u015b\u0107 w&nbsp;sprawie przekazania \u015brodk\u00f3w z&nbsp;KPO dla Polski, pog\u0142\u0119bi\u0142a jeszcze wypowied\u017a samej przewodnicz\u0105cej von der Leyen, kt\u00f3ra na&nbsp;pocz\u0105tku sierpnia w&nbsp;wywiadzie dla \u201eDziennika Gazety Prawej\u201d powiedzia\u0142a, \u017ce&nbsp;znowelizowana ustawa o&nbsp;SN&nbsp;\u201ejest wa\u017cnym krokiem naprz\u00f3d ale nie gwarantuje ona mo\u017cliwo\u015bci kwestionowania statusu innego s\u0119dziego, bez ryzyka poci\u0105gni\u0119cia do&nbsp;odpowiedzialno\u015bci&nbsp;dyscyplinarnej\u201d.<\/p>\n\n\n\n<p>Sk\u0105din\u0105d wiadomo, \u017ce&nbsp;podczas negocjacji wspomnianego politycznego porozumienia, ta&nbsp;sprawa by\u0142a stawiana przez negocjator\u00f3w z&nbsp;gabinetu politycznego Ursuli von der Leyen, ale po&nbsp;wyja\u015bnieniach, \u017ce&nbsp;stworzenie mo\u017cliwo\u015bci kwestionowania statusu s\u0119dziego przez innego s\u0119dziego, by\u0142oby niezgodne z&nbsp;Konstytucj\u0105 RP&nbsp;ale tak\u017ce z&nbsp;uzasadnieniem rozstrzygni\u0119cia TSUE, kt\u00f3ry odpowiadaj\u0105c na&nbsp;pytanie prejudycjalne polskich s\u0119dzi\u00f3w, stwierdzi\u0142, \u017ce&nbsp;by\u0142oby to&nbsp;tzw. odmawianie wymiaru sprawiedliwo\u015bci, zrezygnowano z&nbsp;takich&nbsp;\u017c\u0105da\u0144.<\/p>\n\n\n\n<h3 class=\"wp-block-heading\">Jakie s\u0105&nbsp;prawdziwe intencje&nbsp;KE?<\/h3>\n\n\n\n<p>Wprawdzie te&nbsp;wypowiedzi to&nbsp;stanowiska pojedynczych komisarzy, stanowisko ca\u0142ej Komisji pojawi si\u0119 dopiero w&nbsp;momencie, kiedy polski rz\u0105d z\u0142o\u017cy pierwszy wniosek o&nbsp;p\u0142atno\u015b\u0107 w&nbsp;ramach KPO i&nbsp;KE&nbsp;b\u0119dzie musia\u0142a na&nbsp;niego zareagowa\u0107 kolegialn\u0105 decyzj\u0105 o&nbsp;jej dokonaniu albo dalszej blokadzie \u015brodk\u00f3w (wprawdzie bezprawnej ale KE&nbsp;od&nbsp;dawna ma&nbsp;za&nbsp;nic prawo, kt\u00f3re&nbsp;w&nbsp;UE&nbsp;obowi\u0105zuje).<\/p>\n\n\n\n<p>Wtedy dopiero zobaczymy, jakie s\u0105&nbsp;prawdziwe intencje KE&nbsp;i&nbsp;czy \u017cyczenia przewodnicz\u0105cej Ursuli von der Leyen dla Donalda Tuska, aby zosta\u0142 po&nbsp;najbli\u017cszych wyborach premierem w&nbsp;Polsce, mia\u0142y charakter grzeczno\u015bciowy, czy te\u017c mia\u0142y charakter zadania na\u0142o\u017conego na&nbsp;by\u0142ego szefa Rady&nbsp;Europejskiej.<\/p>\n\n\n\n<p>Gdyby to&nbsp;by\u0142o zadanie wyznaczone obecnemu przewodnicz\u0105cemu Platformy, to&nbsp;blokada \u015brodk\u00f3w z&nbsp;KPO, by\u0142aby form\u0105 silnego wsparcia jego kampanii, a&nbsp;pose\u0142 Rosati ujawni\u0142 deal zawarty pomi\u0119dzy von der Leyen&nbsp;i&nbsp;Tuskiem.<\/p>\n","protected":false},"excerpt":{"rendered":"<p>Zbigniew Ku\u017amiuk Coraz cz\u0119\u015bciej i&nbsp;to&nbsp;przy otwartej kurtynie, czo\u0142owi politycy Platformy stawiaj\u0105 spraw\u0119 jasno w&nbsp;rozpoczynaj\u0105cej si\u0119 kampanii parlamentarnej b\u0119d\u0105<\/p>\n","protected":false},"author":1,"featured_media":1294,"comment_status":"closed","ping_status":"closed","sticky":false,"template":"","format":"standard","meta":{"footnotes":""},"categories":[2,9],"tags":[],"class_list":["post-1293","post","type-post","status-publish","format-standard","has-post-thumbnail","hentry","category-polityka","category-start"],"_links":{"self":[{"href":"https:\/\/kuriercodziennychicago.com\/index.php\/wp-json\/wp\/v2\/posts\/1293","targetHints":{"allow":["GET"]}}],"collection":[{"href":"https:\/\/kuriercodziennychicago.com\/index.php\/wp-json\/wp\/v2\/posts"}],"about":[{"href":"https:\/\/kuriercodziennychicago.com\/index.php\/wp-json\/wp\/v2\/types\/post"}],"author":[{"embeddable":true,"href":"https:\/\/kuriercodziennychicago.com\/index.php\/wp-json\/wp\/v2\/users\/1"}],"replies":[{"embeddable":true,"href":"https:\/\/kuriercodziennychicago.com\/index.php\/wp-json\/wp\/v2\/comments?post=1293"}],"version-history":[{"count":1,"href":"https:\/\/kuriercodziennychicago.com\/index.php\/wp-json\/wp\/v2\/posts\/1293\/revisions"}],"predecessor-version":[{"id":1295,"href":"https:\/\/kuriercodziennychicago.com\/index.php\/wp-json\/wp\/v2\/posts\/1293\/revisions\/1295"}],"wp:featuredmedia":[{"embeddable":true,"href":"https:\/\/kuriercodziennychicago.com\/index.php\/wp-json\/wp\/v2\/media\/1294"}],"wp:attachment":[{"href":"https:\/\/kuriercodziennychicago.com\/index.php\/wp-json\/wp\/v2\/media?parent=1293"}],"wp:term":[{"taxonomy":"category","embeddable":true,"href":"https:\/\/kuriercodziennychicago.com\/index.php\/wp-json\/wp\/v2\/categories?post=1293"},{"taxonomy":"post_tag","embeddable":true,"href":"https:\/\/kuriercodziennychicago.com\/index.php\/wp-json\/wp\/v2\/tags?post=1293"}],"curies":[{"name":"wp","href":"https:\/\/api.w.org\/{rel}","templated":true}]}}