{"id":1297,"date":"2022-08-27T23:24:49","date_gmt":"2022-08-27T21:24:49","guid":{"rendered":"https:\/\/kuriercodziennychicago.com\/?p=1297"},"modified":"2022-08-27T23:24:51","modified_gmt":"2022-08-27T21:24:51","slug":"propagandysci-kremla","status":"publish","type":"post","link":"https:\/\/kuriercodziennychicago.com\/index.php\/2022\/08\/27\/propagandysci-kremla\/","title":{"rendered":"Propagandy\u015bci Kremla"},"content":{"rendered":"<div class=\"wp-block-image\">\n<figure class=\"alignleft size-full is-resized\"><img decoding=\"async\" src=\"https:\/\/kuriercodziennychicago.com\/wp-content\/uploads\/2022\/05\/czarnecki-ryszard.jpg\" alt=\"\" class=\"wp-image-39\" width=\"128\" height=\"96\"\/><\/figure>\n<\/div>\n\n\n<h3 class=\"wp-block-heading\">Ryszard Czarnecki<\/h3>\n\n\n\n<p>Rosja ma swoich ludzi, kt\u00f3rzy w kluczowych pa\u0144stwach Zachodu uprawiaj\u0105 od lat prokremlowsk\u0105 propagand\u0119. Cz\u0119sto s\u0105 to ludzie wyst\u0119puj\u0105cy w mediach, popularni, zapraszani do telewizji, kt\u00f3rzy kszta\u0142tuj\u0105 opini\u0119 publiczn\u0105 danego kraju.<\/p>\n\n\n\n<p>We Francji takim cz\u0142owiekiem jest miedzy innymi W\u0142adimir Fedorowski, by\u0142y dyplomata sowiecki i rosyjski, teraz pisarz, autor wielu ksi\u0105\u017cek na temat Rosji, wyst\u0119puje cz\u0119sto w telewizji. W zesz\u0142ym tygodniu pojawi\u0142 si\u0119 w jednym z kana\u0142\u00f3w francuskiej telewizji, relatywizuj\u0105c odpowiedzialno\u015b\u0107 Rosji za wojn\u0119, stwierdzi\u0142, pochlebiaj\u0105c francuskim gospodarzom, \u017ce uwa\u017ca \u201etak jak prezydent Chirac\u201d i\u017c \u201es\u0105 trzy wielkie pa\u0144stwa w Europie&#8221; i s\u0105 to Niemcy, Francja i Rosja w\u0142a\u015bnie.<\/p>\n\n\n<div class=\"wp-block-image\">\n<figure class=\"aligncenter size-full\"><img decoding=\"async\" width=\"375\" height=\"210\" src=\"https:\/\/kuriercodziennychicago.com\/wp-content\/uploads\/2022\/08\/vladimir_fedorovski_on_vit_un_des_moments_les_plus_dangereux_de_lhistoire_de_lhumanite__626f7b5d49720_0.jpg\" alt=\"\" class=\"wp-image-1298\" srcset=\"https:\/\/kuriercodziennychicago.com\/wp-content\/uploads\/2022\/08\/vladimir_fedorovski_on_vit_un_des_moments_les_plus_dangereux_de_lhistoire_de_lhumanite__626f7b5d49720_0.jpg 375w, https:\/\/kuriercodziennychicago.com\/wp-content\/uploads\/2022\/08\/vladimir_fedorovski_on_vit_un_des_moments_les_plus_dangereux_de_lhistoire_de_lhumanite__626f7b5d49720_0-300x168.jpg 300w, https:\/\/kuriercodziennychicago.com\/wp-content\/uploads\/2022\/08\/vladimir_fedorovski_on_vit_un_des_moments_les_plus_dangereux_de_lhistoire_de_lhumanite__626f7b5d49720_0-370x207.jpg 370w\" sizes=\"(max-width: 375px) 100vw, 375px\" \/><\/figure>\n<\/div>\n\n\n<p>Nie mam pretensji do oficera armii Putina, a teraz cz\u0119stego go\u015bcia francuskich \u015brodk\u00f3w masowego przekazu. Broni interes\u00f3w swojego kraju \u2013 to oczywiste. Jednak pretensje mo\u017cna mie\u0107 do Francuz\u00f3w, \u017ce mimo trwaj\u0105cej od przesz\u0142o p\u00f3\u0142 roku wojny Rosji z naszym wschodnim s\u0105siadem wci\u0105\u017c zapraszaj\u0105 go\u015bcia, kt\u00f3ry wprost reprezentuje interesy Moskwy. Zapraszali go dwie dekady temu, gdy Rosja robi\u0142a porz\u0105dki z Czeczenami, 13 lat temu, gdy Rosja zabra\u0142a si\u0119 za Gruzin\u00f3w, zapraszali go 8 lat temu, gdy Rosja zabiera\u0142a Krym, Donieck i \u0141uga\u0144sk, zapraszaj\u0105 go i teraz. \u201eNihil novi sub sole\u201d \u2013 nic nowego pod (francuskim) s\u0142o\u0144cem.<\/p>\n\n\n\n<p>Takich Fedorowskich jest wi\u0119cej w r\u00f3\u017cnych krajach. Niekoniecznie musz\u0105 to by\u0107 etniczni Rosjanie. Zwykle to miejscowi, \u201eintelektuali\u015bci\u201d, kt\u00f3rzy pogl\u0105dy maj\u0105 takie jak Kreml. Jak w Polsce okre\u015bli\u0107 Klausa Bachmanna, Niemca, profesora jednej z warszawskich prywatnych uczelni, kt\u00f3ry na \u0142amach \u201eGazety Wyborczej\u201d namawia\u0142, \u017ceby Ukraina \u201eodpu\u015bci\u0142a\u201d i odda\u0142a Rosji cz\u0119\u015b\u0107 swojego terytorium. Chodzi\u0142o o Donbas\u2026<\/p>\n\n\n\n<p>Wojna Rosji z Ukrain\u0105, a wi\u0119c Rosji z Zachodem (cho\u0107 toczy si\u0119 w Europie Wschodniej) nie jest li tylko wojn\u0105 klasyczn\u0105, wojskow\u0105, ze wszystkimi jej militarnymi aspektami. To tak\u017ce wojna w sferze informacyjnej i propagandowej. Co wi\u0119cej: im d\u0142u\u017cej wojna na klasycznym polu walki b\u0119dzie trwa\u0142a, tym bardziej b\u0119dzie si\u0119 liczy\u0142a wojna propagandowa. Kto tego nie rozumie \u2013 nic nie rozumie.<\/p>\n\n\n\n<p>Dlatego Rosja idzie na \u201ed\u0142ugi marsz\u201d, a Fedorowski i inni maj\u0105 za zadanie \u201ezm\u0119czy\u0107\u201d opini\u0119 publiczn\u0105 i klas\u0119 polityczn\u0105 w krajach, w kt\u00f3rych \u017cyj\u0105.<\/p>\n\n\n\n<p>Warto temu przeciwdzia\u0142a\u0107. \u017beby jednak przeciwdzia\u0142a\u0107 \u2013 trzeba wiedzie\u0107\u2026<\/p>\n","protected":false},"excerpt":{"rendered":"<p>Ryszard Czarnecki Rosja ma swoich ludzi, kt\u00f3rzy w kluczowych pa\u0144stwach Zachodu uprawiaj\u0105 od lat prokremlowsk\u0105 propagand\u0119. Cz\u0119sto s\u0105<\/p>\n","protected":false},"author":1,"featured_media":1298,"comment_status":"closed","ping_status":"closed","sticky":false,"template":"","format":"standard","meta":{"footnotes":""},"categories":[2,9],"tags":[],"class_list":["post-1297","post","type-post","status-publish","format-standard","has-post-thumbnail","hentry","category-polityka","category-start"],"_links":{"self":[{"href":"https:\/\/kuriercodziennychicago.com\/index.php\/wp-json\/wp\/v2\/posts\/1297","targetHints":{"allow":["GET"]}}],"collection":[{"href":"https:\/\/kuriercodziennychicago.com\/index.php\/wp-json\/wp\/v2\/posts"}],"about":[{"href":"https:\/\/kuriercodziennychicago.com\/index.php\/wp-json\/wp\/v2\/types\/post"}],"author":[{"embeddable":true,"href":"https:\/\/kuriercodziennychicago.com\/index.php\/wp-json\/wp\/v2\/users\/1"}],"replies":[{"embeddable":true,"href":"https:\/\/kuriercodziennychicago.com\/index.php\/wp-json\/wp\/v2\/comments?post=1297"}],"version-history":[{"count":1,"href":"https:\/\/kuriercodziennychicago.com\/index.php\/wp-json\/wp\/v2\/posts\/1297\/revisions"}],"predecessor-version":[{"id":1299,"href":"https:\/\/kuriercodziennychicago.com\/index.php\/wp-json\/wp\/v2\/posts\/1297\/revisions\/1299"}],"wp:featuredmedia":[{"embeddable":true,"href":"https:\/\/kuriercodziennychicago.com\/index.php\/wp-json\/wp\/v2\/media\/1298"}],"wp:attachment":[{"href":"https:\/\/kuriercodziennychicago.com\/index.php\/wp-json\/wp\/v2\/media?parent=1297"}],"wp:term":[{"taxonomy":"category","embeddable":true,"href":"https:\/\/kuriercodziennychicago.com\/index.php\/wp-json\/wp\/v2\/categories?post=1297"},{"taxonomy":"post_tag","embeddable":true,"href":"https:\/\/kuriercodziennychicago.com\/index.php\/wp-json\/wp\/v2\/tags?post=1297"}],"curies":[{"name":"wp","href":"https:\/\/api.w.org\/{rel}","templated":true}]}}