{"id":1332,"date":"2022-08-31T23:00:27","date_gmt":"2022-08-31T21:00:27","guid":{"rendered":"https:\/\/kuriercodziennychicago.com\/?p=1332"},"modified":"2022-08-31T23:00:29","modified_gmt":"2022-08-31T21:00:29","slug":"konca-swiata-nie-bedzie","status":"publish","type":"post","link":"https:\/\/kuriercodziennychicago.com\/index.php\/2022\/08\/31\/konca-swiata-nie-bedzie\/","title":{"rendered":"Ko\u0144ca \u015bwiata nie b\u0119dzie"},"content":{"rendered":"\n<p>Wieszcz\u0105cy rych\u0142y armagedon zaczynaj\u0105 powoli milkn\u0105\u0107. Spadaj\u0105 ceny \u017cywno\u015bci, a zapas\u00f3w jest pod dostatkiem. \u015awiatowej kl\u0119ski g\u0142odu nie b\u0119dzie \u2013 donosi \u201eThe Economist\u201d. Powod\u00f3w jest kilka. Jednym z nich jest osi\u0105gni\u0119cie porozumienia w sprawie bezpiecznego eksportu zb\u00f3\u017c z ogarni\u0119tej wojn\u0105 Ukrainy. Ale nie tylko.<\/p>\n\n\n\n<p>Cho\u0107 indeks cen \u017cywno\u015bci FAO, agendy ONZ ds. Wy\u017cywienia i Rolnictwa, opieraj\u0105cy si\u0119 na cenach 23 artyku\u0142\u00f3w spo\u017cywczych jest o 13 proc. powy\u017cej poziomu sprzed roku, w ostatnich miesi\u0105cach obserwujemy spadki cen \u017cywno\u015bci na \u015bwiatowych rynkach.<\/p>\n\n\n\n<h2 class=\"wp-block-heading\">Ceny w d\u00f3\u0142, ale jeszcze nie w Polsce<\/h2>\n\n\n\n<p>Globalne ceny \u017cywno\u015bci spad\u0142y w lipcu a\u017c o 8,6 proc. w por\u00f3wnaniu z czerwcem To najwi\u0119kszy miesi\u0119czny spadek od 14 lat. W uj\u0119ciu miesi\u0119cznym najbardziej potania\u0142y ceny olej\u00f3w ro\u015blinnych \u2212 o 19,2 proc. oraz zb\u00f3\u017c \u2212 o 11,5 proc. \u2013 Rynek bardzo szybko zareagowa\u0142 na osi\u0105gni\u0119te porozumienie mi\u0119dzy Rosj\u0105 a Ukrain\u0105 w sprawie eksportu zb\u00f3\u017c przez ukrai\u0144skie porty na Morzu Czarnym. Co ciekawe, indeks cen \u017cywno\u015bci spada\u0142 te\u017c w czerwcu. W\u00f3wczas obni\u017ca\u0142y si\u0119 g\u0142\u00f3wnie ceny produkt\u00f3w mlecznych i to a\u017c o 11,9 proc. w stosunku miesi\u0105c do miesi\u0105ca. Poza wp\u0142ywem sytuacji na Ukrainie spodziewano si\u0119 tak\u017ce, \u017ce ze wzgl\u0119du na mniejsze zasiewy i sytuacj\u0119 pogodow\u0105 b\u0119d\u0105 ni\u017csze zbiory kukurydzy. Nieznacznie wzros\u0142y ceny mi\u0119sa. Brakuje go szczeg\u00f3lnie w Azji, gdzie szaleje afryka\u0144ski pom\u00f3r \u015bwi\u0144. Ros\u0142y tak\u017ce ceny cukru. W ko\u0144cu sierpnia Ukrai\u0144skie Stowarzyszenie Zbo\u017cowe (UGA) zaktualizowa\u0142o prognoz\u0119 produkcji zb\u00f3\u017c i ro\u015blin oleistych do poziomu 64,5 mln ton. Zwi\u0105zane jest to z trwaj\u0105c\u0105 wojn\u0105 i zmniejszeniem area\u0142u upraw o prawie 1 mln ha. Skurcz\u0105 si\u0119 przede wszystkim zbiory pszenicy. O blisko po\u0142ow\u0119 mog\u0105 zmniejszy\u0107 si\u0119 tak\u017ce zbiory j\u0119czmienia. Mniejsze b\u0119d\u0105 tak\u017ce zbiory kukurydzy. Na rynku b\u0119dzie wi\u0119cej jedynie rzepaku.<\/p>\n\n\n\n<figure class=\"wp-block-image size-full\"><img decoding=\"async\" width=\"625\" height=\"345\" src=\"https:\/\/kuriercodziennychicago.com\/wp-content\/uploads\/2022\/08\/000F0ZB5V1IHV0E1-C116-F4.jpg\" alt=\"\" class=\"wp-image-1333\" srcset=\"https:\/\/kuriercodziennychicago.com\/wp-content\/uploads\/2022\/08\/000F0ZB5V1IHV0E1-C116-F4.jpg 625w, https:\/\/kuriercodziennychicago.com\/wp-content\/uploads\/2022\/08\/000F0ZB5V1IHV0E1-C116-F4-300x166.jpg 300w, https:\/\/kuriercodziennychicago.com\/wp-content\/uploads\/2022\/08\/000F0ZB5V1IHV0E1-C116-F4-370x204.jpg 370w\" sizes=\"(max-width: 625px) 100vw, 625px\" \/><\/figure>\n\n\n\n<p>Ceny \u017cywno\u015bci spadaj\u0105, ale nie w Polsce. Powodem jest inflacja wywo\u0142ana wojn\u0105 na Ukrainie oraz nadmiar pieni\u0105dza na rynku. Na to ostatnie wp\u0142yw maj\u0105 liczne programy pomocowe, dlatego dobrze by by\u0142o, aby rz\u0105d zach\u0119ca\u0142 obywateli do oszcz\u0119dzania i inwestowania, a nie do konsumpcji. Tylko w maju \u017cywno\u015b\u0107 w naszym kraju podro\u017ca\u0142a o 5 proc. Najbardziej warzywa, a\u017c o 22,6 proc., oraz mi\u0119so \u2013 wieprzowina o ponad 12 proc. Rok do roku najbardziej zdro\u017ca\u0142y takie produkty jak pier\u015b z kurczaka, kie\u0142basy i olej rzepakowy. Te produkty podro\u017ca\u0142y nawet o kilkadziesi\u0105t procent. Obecnie wzrosty wyhamowa\u0142y, ale trudno liczy\u0107 na spadki. Z prognoz wynika, \u017ce zbiory w kraju maj\u0105 by\u0107 na podobnym poziomie jak rok wcze\u015bniej. Wci\u0105\u017c jednak pojawiaj\u0105 si\u0119 doniesienia niepokoj\u0105ce konsument\u00f3w. Wskutek wstrzymania produkcji przez zak\u0142ady chemiczne, zu\u017cywaj\u0105ce du\u017ce ilo\u015bci gazu, zaczyna brakowa\u0107\u2026 dwutlenku w\u0119gla. Skar\u017cy si\u0119 na to bran\u017ca spo\u017cywcza \u2013 firmy produkuj\u0105ce napoje i browary oraz zak\u0142ady mi\u0119sne. Na szcz\u0119\u015bcie klienci zachowuj\u0105 si\u0119 coraz rozs\u0105dniej w sklepach i zwracaj\u0105 uwag\u0119, co wk\u0142adaj\u0105 do koszyka. Producenci nie mog\u0105 podnosi\u0107 cen w niesko\u0144czono\u015b\u0107. Inflacja jest na rekordowym poziomie i w lipcu wynios\u0142a 15,6 proc., w sierpniu ma by\u0107 jeszcze r\u00f3wnie wysoka, a spadki maj\u0105 pojawi\u0107 si\u0119 w IV kwartale. Te dwa czynniki \u2013 wyhamowanie inflacji i spadki cen na rynkach \u015bwiatowych \u2013 powinny sprawi\u0107, \u017ce i my odczujemy ulg\u0119.<\/p>\n\n\n\n<h2 class=\"wp-block-heading\">Europa w gazowej pu\u0142apce<\/h2>\n\n\n\n<p>Na \u015bwiatowych rynkach spadaj\u0105 ceny surowc\u00f3w, tak\u017ce energetycznych. Ceny ropy spad\u0142y ju\u017c do poziomu przedwojennego, a powodem jest zwi\u0119kszenie poda\u017cy ze strony kraj\u00f3w OPEC. Paliwo z Rosji sta\u0142o si\u0119 dobrem toksycznym, jednak w\u0119glowodory z tego kierunku mog\u0105 by\u0107 z powodzeniem zast\u0105pione wydobyciem z innych kierunk\u00f3w. Ju\u017c teraz na rynki p\u0142ynie wi\u0119cej ropy np. z Kazachstanu. Podobnie dzieje si\u0119 z gazem. Tutaj pierwsze skrzypce zaczyna gra\u0107 Norwegia, staj\u0105c si\u0119 najwi\u0119kszym eksporterem b\u0142\u0119kitnego paliwa na \u015bwiecie. Opr\u00f3cz Polski, do kt\u00f3rej b\u0119dzie p\u0142yn\u0105\u0142 norweski gaz poprzez Baltic Pipe, du\u017cym odbiorc\u0105 surowca b\u0119d\u0105 Niemcy, kt\u00f3re za wszelk\u0105 cen\u0119 chc\u0105 uniezale\u017cni\u0107 si\u0119 od Kremla. Obecnie pa\u0144stwa Zachodu staraj\u0105 si\u0119 zape\u0142ni\u0107 maksymalnie swoje magazyny, ale nawet dostawy gazoci\u0105giem Nord Stream odbywaj\u0105 si\u0119 zaledwie z wykorzystaniem 20 proc. mocy. Rosjanie w ten spos\u00f3b szanta\u017cuj\u0105 Europ\u0119, aby zaniecha\u0142a pomocy walcz\u0105cej Ukrainie.<\/p>\n\n\n\n<p>Zima rysuje si\u0119 dla Niemc\u00f3w w czarnych barwach. Gazprom straszy kanclerza Scholza gigantycznymi podwy\u017ckami, a Niemcy zaciskaj\u0105 pasa. Rosyjska sp\u00f3\u0142ka zapowiedzia\u0142a wzrost cen o kolejne 60 proc. dla zagranicznych odbiorc\u00f3w. Za 1000 m sze\u015bc. gazu trzeba b\u0119dzie zap\u0142aci\u0107 ponad 4 tys. dol. Niemcy boj\u0105 si\u0119 zimy, bo obecnie maj\u0105 zapasy na ok. 2,5 miesi\u0105ca. Rz\u0105d planuje wype\u0142nienie magazyn\u00f3w do poziomu 95 proc. Obecnie s\u0105 pe\u0142ne w ok. 77 proc. Niemiecki rz\u0105d uruchomi\u0142 specjalny pakiet pomocowy o warto\u015bci 30 mld euro. Gospodarstwa domowe otrzymaj\u0105 dop\u0142aty do rachunk\u00f3w w wysoko\u015bci 300 euro.<\/p>\n\n\n\n<p>Wskutek tej sytuacji niemiecki koncern energetyczny Uniper w pierwszej po\u0142owie roku notuje strat\u0119 w wysoko\u015bci 12,3 mld euro i szacuje, \u017ce wyjdzie na prost\u0105 najwcze\u015bniej za dwa lata. Najwi\u0119kszy importer rosyjskiego gazu by\u0142 bliski bankructwa i otrzyma\u0142 rz\u0105dowy zastrzyk w wysoko\u015bci 15 mld euro. Sankcje na Rosj\u0119 i upadek projektu Nord Stream 2 pogr\u0105\u017cy\u0142y sp\u00f3\u0142k\u0119.<\/p>\n\n\n\n<p>Rz\u0105d w Berlinie robi co mo\u017ce, aby ratowa\u0107 gospodark\u0119. Do ko\u0144ca roku maj\u0105 zosta\u0107 uruchomione dwa p\u0142ywaj\u0105ce terminale LNG w Wilhelmshaven i Brunsbuettel. W przysz\u0142ym roku powstan\u0105 kolejne: w Stade w Dolnej Saksonii oraz w okolicach Lubmina w Meklemburgii-Pomorzu Przednim. Rosyjski gaz ma zosta\u0107 zast\u0105piony gazem z Norwegii. Norwegowie maj\u0105 szans\u0119 sta\u0107 si\u0119 wkr\u00f3tce najwi\u0119kszym eksporterem gazu ziemnego na \u015bwiecie. Oznacza to k\u0142opoty dla Kremla. Rosja sprzedaje b\u0142\u0119kitne paliwo na rekordowo niskim poziomie. Sprzeda\u017c skurczy\u0142a si\u0119 ju\u017c o \u00bc, a nadwy\u017cki gazu s\u0105 spalane. Do ko\u0144ca roku produkcja mo\u017ce spa\u015b\u0107 do 400 mld m sze\u015bc. Wzrost przychod\u00f3w Gazpromu zwi\u0105zany jest wy\u0142\u0105cznie ze wzrostami cen surowca na rynku. Rosjanie trac\u0105 najwi\u0119kszego klienta, jakim jest UE. S\u0142u\u017cby niemieckie badaj\u0105 tak\u017ce w\u0105tki korupcyjne podczas budowy gazoci\u0105gu Nord Stream 2. Okazuje si\u0119, \u017ce Gazprom hojnie wspiera\u0142 niemieckie fundacje klimatyczne, aby zyska\u0107 przychylno\u015b\u0107 rz\u0105du dla tej inwestycji. Fundacja Stiftung Klimaschutz by\u0142a zwi\u0105zana z politykami rz\u0105dz\u0105cej SPD i otrzyma\u0142a od Rosjan 192 mln euro. Wed\u0142ug doniesie\u0144 \u201eDie Welt\u201d przes\u0142uchiwanym w sprawie ma by\u0107 sam kanclerz Olaf Scholz.<\/p>\n\n\n\n<h2 class=\"wp-block-heading\">Surowce taniej\u0105<\/h2>\n\n\n\n<p>Inflacja mo\u017ce zacz\u0105\u0107 wyhamowywa\u0107 od przysz\u0142ego roku. Opr\u00f3cz \u017cywno\u015bci i surowc\u00f3w energetycznych taniej\u0105 bowiem metale. Odetchn\u0105 wi\u0119c bran\u017ce hutnicza oraz budowlana. Spadaj\u0105 ceny zar\u00f3wno stali, jak i z\u0142omu stalowego. Ni\u017csze notowania maj\u0105 te\u017c rynki miedzi i aluminium. Nie s\u0105 to jednak poziomy sprzed wojny. Wysokie ceny energii wykluczaj\u0105 wi\u0119ksze obni\u017cki. W czerwcu nurkowa\u0142y metale szlachetne i przemys\u0142owe. Na gie\u0142dach mo\u017cna kupi\u0107 taniej srebro, nikiel oraz cynk.<\/p>\n\n\n\n<p>Eksperci r\u00f3\u017cnych bran\u017c pr\u00f3buj\u0105 ju\u017c przewidywa\u0107, kiedy zako\u0144czy si\u0119 kryzys. Bran\u017ca motoryzacyjna, kt\u00f3ra mocno ucierpia\u0142a podczas pandemii i wojny, szacuje, \u017ce na prost\u0105 zacznie wychodzi\u0107 ju\u017c w 2023 r. Spadek popytu oraz sankcje zmniejszy\u0142y produkcj\u0119 i doprowadzi\u0142y do ogranicze\u0144 poda\u017cy niemal we wszystkich bran\u017cach pokrewnych. Nie pomog\u0142y te\u017c wzrosty cen. Na uspokojenie czeka te\u017c budowlanka. Koszty budowy nowych dom\u00f3w mog\u0105 przesta\u0107 rosn\u0105\u0107, a po szale\u0144czych wzrostach nieznacznie tanie\u0107 mog\u0105 nieruchomo\u015bci.<br>Analitycy z niepokojem wpatruj\u0105 si\u0119 w niebo. Je\u015bli jesieni\u0105 b\u0119dzie s\u0142abo wia\u0142o, a wiatraki nie b\u0119d\u0105 mia\u0142y jak si\u0119 kr\u0119ci\u0107 oraz szybko przyjdzie d\u0142uga i mro\u017ana zima, Europejczyk\u00f3w by\u0107 mo\u017ce czeka reglamentacja energii. Je\u015bli odwrotnie \u2013 zima b\u0119dzie \u0142agodna, Europa mo\u017ce przej\u015b\u0107 przez kryzys w miar\u0119 such\u0105 stop\u0105 i w d\u0142u\u017cszej perspektywie wyj\u015b\u0107 z niego zwyci\u0119sko.<\/p>\n\n\n<div class=\"wp-block-image\">\n<figure class=\"alignleft size-full is-resized\"><img decoding=\"async\" src=\"https:\/\/kuriercodziennychicago.com\/wp-content\/uploads\/2022\/05\/Tomasz-Teluk.jpg\" alt=\"\" class=\"wp-image-43\" width=\"82\" height=\"108\"\/><\/figure>\n<\/div>\n\n\n<h2 class=\"wp-block-heading\">Tomasz Teluk<\/h2>\n\n\n\n<p>Autor jest za\u0142o\u017cycielem i dyrektorem Instytutu Globalizacji (www.globalizacja.org)<\/p>\n","protected":false},"excerpt":{"rendered":"<p>Wieszcz\u0105cy rych\u0142y armagedon zaczynaj\u0105 powoli milkn\u0105\u0107. Spadaj\u0105 ceny \u017cywno\u015bci, a zapas\u00f3w jest pod dostatkiem. \u015awiatowej kl\u0119ski g\u0142odu nie<\/p>\n","protected":false},"author":1,"featured_media":1333,"comment_status":"closed","ping_status":"closed","sticky":false,"template":"","format":"standard","meta":{"footnotes":""},"categories":[2,9],"tags":[],"class_list":["post-1332","post","type-post","status-publish","format-standard","has-post-thumbnail","hentry","category-polityka","category-start"],"_links":{"self":[{"href":"https:\/\/kuriercodziennychicago.com\/index.php\/wp-json\/wp\/v2\/posts\/1332","targetHints":{"allow":["GET"]}}],"collection":[{"href":"https:\/\/kuriercodziennychicago.com\/index.php\/wp-json\/wp\/v2\/posts"}],"about":[{"href":"https:\/\/kuriercodziennychicago.com\/index.php\/wp-json\/wp\/v2\/types\/post"}],"author":[{"embeddable":true,"href":"https:\/\/kuriercodziennychicago.com\/index.php\/wp-json\/wp\/v2\/users\/1"}],"replies":[{"embeddable":true,"href":"https:\/\/kuriercodziennychicago.com\/index.php\/wp-json\/wp\/v2\/comments?post=1332"}],"version-history":[{"count":1,"href":"https:\/\/kuriercodziennychicago.com\/index.php\/wp-json\/wp\/v2\/posts\/1332\/revisions"}],"predecessor-version":[{"id":1334,"href":"https:\/\/kuriercodziennychicago.com\/index.php\/wp-json\/wp\/v2\/posts\/1332\/revisions\/1334"}],"wp:featuredmedia":[{"embeddable":true,"href":"https:\/\/kuriercodziennychicago.com\/index.php\/wp-json\/wp\/v2\/media\/1333"}],"wp:attachment":[{"href":"https:\/\/kuriercodziennychicago.com\/index.php\/wp-json\/wp\/v2\/media?parent=1332"}],"wp:term":[{"taxonomy":"category","embeddable":true,"href":"https:\/\/kuriercodziennychicago.com\/index.php\/wp-json\/wp\/v2\/categories?post=1332"},{"taxonomy":"post_tag","embeddable":true,"href":"https:\/\/kuriercodziennychicago.com\/index.php\/wp-json\/wp\/v2\/tags?post=1332"}],"curies":[{"name":"wp","href":"https:\/\/api.w.org\/{rel}","templated":true}]}}