{"id":1349,"date":"2022-09-02T19:48:55","date_gmt":"2022-09-02T17:48:55","guid":{"rendered":"https:\/\/kuriercodziennychicago.com\/?p=1349"},"modified":"2022-09-02T19:49:00","modified_gmt":"2022-09-02T17:49:00","slug":"jednak-ue-zrobi-maly-krok-do-przodu-w-sprawie-ograniczenia-wiz-dla-rosjan","status":"publish","type":"post","link":"https:\/\/kuriercodziennychicago.com\/index.php\/2022\/09\/02\/jednak-ue-zrobi-maly-krok-do-przodu-w-sprawie-ograniczenia-wiz-dla-rosjan\/","title":{"rendered":"Jednak UE zrobi ma\u0142y krok do przodu w sprawie ograniczenia wiz dla Rosjan"},"content":{"rendered":"<div class=\"wp-block-image\">\n<figure class=\"alignleft size-large is-resized\"><img decoding=\"async\" src=\"https:\/\/kuriercodziennychicago.com\/wp-content\/uploads\/2022\/05\/Zbigniew_Kuzmiuk_Sejm_2015-853x1024.jpg\" alt=\"\" class=\"wp-image-29\" width=\"100\" height=\"120\"\/><\/figure>\n<\/div>\n\n\n<h3 class=\"wp-block-heading\"><a href=\"https:\/\/naszeblogi.pl\/users\/zbigniew-kuzmiuk\">Zbigniew Ku\u017amiuk<\/a><\/h3>\n\n\n\n<p>Wczoraj zako\u0144czy\u0142o si\u0119 w Pradze dwudniowe nieformalne posiedzenie ministr\u00f3w spraw zagranicznych pa\u0144stw UE z udzia\u0142em szefa unijnej dyplomacji Josefa Borrella, go\u015bciem by\u0142 tak\u017ce minister spraw zagranicznych Ukrainy Dmytro Ku\u0142eba.<br>Jedn\u0105 z wa\u017cniejszych kwestii poruszanych podczas tego posiedzenia by\u0142o wprowadzenie zakazu wydawania wiz turystycznych Rosjanom na podstawie obowi\u0105zuj\u0105cego porozumienia wizowego UE-Rosja.<br>Z takim wnioskiem do premiera Czech (Czechy w tym p\u00f3\u0142roczu maj\u0105 przewodnictwo w Radzie), a tak\u017ce przewodnicz\u0105cej KE i przewodnicz\u0105cego RE, zwr\u00f3cili si\u0119 ministrowie spraw zagranicznych Polski, Litwy, \u0141otwy, Estonii i Finlandii, zwracaj\u0105c uwag\u0119, \u017ce poniewa\u017c wg r\u00f3\u017cnych bada\u0144, wojn\u0119 Rosji na Ukrainie popiera od 70% do 85% obywateli tego kraju, tak\u017ce oni powinni odczu\u0107 sankcje nak\u0142adane na agresora.<br>Wprawdzie od momentu zaatakowania Ukrainy przez Rosj\u0119, Unia Europejska w kolejnych pakietach sankcji nak\u0142adanych na agresora, umieszcza\u0142a tak\u017ce listy kolejnych os\u00f3b zar\u00f3wno wojskowych i cywili, odpowiedzialnych za t\u0119 agresj\u0119, a tak\u017ce licznych rosyjskich oligarch\u00f3w wspieraj\u0105cych t\u0119 wojn\u0119, ale jak si\u0119 okazuje nie robi to specjalnego wra\u017cenia.<br>W tej sytuacji jak uzasadniaj\u0105 rz\u0105dy tych 5 kraj\u00f3w wnioskuj\u0105cych o wprowadzenie zakazu, konieczne s\u0105 sankcje powszechne dotycz\u0105ce wszystkich Rosjan, przy czym wizy o charakterze humanitarnym by\u0142yby wydawane Rosjanom na dotychczasowych zasadach.<\/p>\n\n\n\n<figure class=\"wp-block-image size-large\"><img decoding=\"async\" width=\"1024\" height=\"577\" src=\"https:\/\/kuriercodziennychicago.com\/wp-content\/uploads\/2022\/09\/niemiecka-ambasada-wznawia-wydawanie-wizy-dla-rosjan-zdj-pogladowe-1024x577.jpg\" alt=\"\" class=\"wp-image-1350\" srcset=\"https:\/\/kuriercodziennychicago.com\/wp-content\/uploads\/2022\/09\/niemiecka-ambasada-wznawia-wydawanie-wizy-dla-rosjan-zdj-pogladowe-1024x577.jpg 1024w, https:\/\/kuriercodziennychicago.com\/wp-content\/uploads\/2022\/09\/niemiecka-ambasada-wznawia-wydawanie-wizy-dla-rosjan-zdj-pogladowe-300x169.jpg 300w, https:\/\/kuriercodziennychicago.com\/wp-content\/uploads\/2022\/09\/niemiecka-ambasada-wznawia-wydawanie-wizy-dla-rosjan-zdj-pogladowe-768x433.jpg 768w, https:\/\/kuriercodziennychicago.com\/wp-content\/uploads\/2022\/09\/niemiecka-ambasada-wznawia-wydawanie-wizy-dla-rosjan-zdj-pogladowe-370x208.jpg 370w, https:\/\/kuriercodziennychicago.com\/wp-content\/uploads\/2022\/09\/niemiecka-ambasada-wznawia-wydawanie-wizy-dla-rosjan-zdj-pogladowe.jpg 1200w\" sizes=\"(max-width: 1024px) 100vw, 1024px\" \/><\/figure>\n\n\n\n<p>Niestety jak w przypadku wielu innych propozycji sankcji, kt\u00f3re mia\u0142yby dotkn\u0105\u0107 Rosj\u0119, tak\u017ce i w tym przypadku, zdecydowanie zaprotestowali ministrowie spraw zagranicznych Niemiec i Francji.<br>W li\u015bcie skierowanym do swoich odpowiednik\u00f3w w pozosta\u0142ych 25 krajach cz\u0142onkowskich, przed spotkaniem w Pradze, napisali \u017ce s\u0105 przeciwni wprowadzeniu ca\u0142kowitego zakazu wydawania wiz turystycznych obywatelom rosyjskim.<br>Ich zdaniem bowiem wizyty Rosjan w krajach UE na podstawie wiz turystycznych \u201edaj\u0105 im do\u015bwiadczenia \u017cycia w systemach demokratycznych, co b\u0119dzie mia\u0142o transformacyjn\u0105 moc w przysz\u0142o\u015bci\u201d.<br>Z kolei ministrowie spraw zagranicznych kraj\u00f3w Po\u0142udnia UE w szczeg\u00f3lno\u015bci Grecji, byli przeciwni zakazowi, poniewa\u017c tury\u015bci z Rosji stanowi\u0105 du\u017c\u0105 cz\u0119\u015b\u0107 go\u015bci odwiedzaj\u0105cych te kraje przez wiele miesi\u0119cy ka\u017cdego roku.<br>&nbsp;<br>3. Jak w przypadku ka\u017cdej decyzji, kt\u00f3ra w UE wymaga jednomy\u015blno\u015bci, tak i teraz zadzia\u0142a\u0142a zasada wypracowania najni\u017cszego wsp\u00f3lnego mianownika i by\u0142o nim zawieszenie porozumienia wizowego UE-Rosja, kt\u00f3re b\u0119dzie obowi\u0105zywa\u0142o od pa\u017adziernika tego roku.<br>Wczoraj zawarto tylko porozumienie polityczne (posiedzenie ministr\u00f3w spraw zagranicznych mia\u0142o charakter nieformalny) ale ustalenia b\u0119d\u0105 przeniesione ju\u017c na najbli\u017csze formalne posiedzenie Rady Unii Europejskiej i ostatecznie przyj\u0119te.<br>W tej sytuacji wydawanie wiz do strefy Schengen (nale\u017cy do niej 22 kraje UE, bez Irlandii, Cypru, Chorwacji, Rumunii i Bu\u0142garii, a tak\u017ce 4 kraje stowarzyszone z UE: Islandia, Norwegia, Szwajcaria i Lichtenstein), b\u0119dzie ju\u017c indywidulan\u0105 procedur\u0105 wobec obywateli Rosji, prowadzon\u0105 przez poszczeg\u00f3lne kraje.<br>Wizy wydawane Rosjanom b\u0119d\u0105 wyra\u017anie dro\u017csze, a ich uzyskanie b\u0119dzie bardziej czasoch\u0142onne, ni\u017c do tej pory, poprzez \u017c\u0105danie od staraj\u0105cych si\u0119 o wizy dodatkowych dokument\u00f3w, w konsekwencji b\u0119dzie ich wydawanych znacznie mniej ni\u017c do tej pory.<br>&nbsp;<br>4. Przy tej okazji przypomnijmy, mimo braku unijnego ca\u0142kowitego zakazu wydawania wiz turystycznych Rosjanom, Polska od momentu napa\u015bci Rosji na Ukrain\u0119, sama wprowadzi\u0142a daleko id\u0105ce ograniczenia ilo\u015bciowe w wydawaniu wiz dla Rosjan.<br>Wydawane s\u0105 wizy zwi\u0105zane z wykonywaniem pracy (np. dla kierowc\u00f3w ci\u0119\u017car\u00f3wek), wizy humanitarne, wizy dla obywateli rosyjskich posiadaj\u0105cych Kart\u0119 Polaka, czy te\u017c wizy dla os\u00f3b z polskimi korzeniami.<br>Takie restrykcyjne podej\u015bcie spowodowa\u0142o, \u017ce ilo\u015b\u0107 wydawanych wiz dla Rosjan od momentu wybuchu wojny spad\u0142a a\u017c o blisko 90%, z ponad 40 tysi\u0119cy w poprzednim okresie do oko\u0142o 4 tysi\u0119cy obecnie.<br>&nbsp;<br>5. Miejmy nadziej\u0119, \u017ce po zawieszeniu porozumienia wizowego UE-Rosja, tak\u017ce pozosta\u0142e kraje UE, przede wszystkim, te kt\u00f3re do tej pory wydawa\u0142y najwi\u0119cej wiz turystycznych dla Rosjan, powa\u017cnie ogranicz\u0105 ilo\u015b\u0107 wydawanych wiz (od momentu napa\u015bci Rosji na Ukrain\u0119 odnotowano ponad 1 mln legalnych wjazd\u00f3w Rosjan do kraj\u00f3w UE, przy czym oko\u0142o 60% wjazd\u00f3w mia\u0142o miejsce w Estonii albo Finlandii).<br>Poniewa\u017c to kraje nadba\u0142tyckie i Finlandia, jako bezpo\u015bredni s\u0105siedzi Rosji, wydawali ostatnio do tej pory najwi\u0119cej wiz dla Rosjan i jednocze\u015bnie \u017c\u0105dali na posiedzeniu w Pradze, ca\u0142kowitego zakazu wydawania dla nich wiz, jest du\u017ca szansa, \u017ce mimo tego \u201ema\u0142ego wsp\u00f3lnego kroku wykonanego przez UE\u201d, jednak dojdzie do powa\u017cnego ograniczenia wydawania wiz turystycznych dla obywateli Rosji.<\/p>\n","protected":false},"excerpt":{"rendered":"<p>Zbigniew Ku\u017amiuk Wczoraj zako\u0144czy\u0142o si\u0119 w Pradze dwudniowe nieformalne posiedzenie ministr\u00f3w spraw zagranicznych pa\u0144stw UE z udzia\u0142em szefa<\/p>\n","protected":false},"author":1,"featured_media":1350,"comment_status":"closed","ping_status":"closed","sticky":false,"template":"","format":"standard","meta":{"footnotes":""},"categories":[2,9],"tags":[],"class_list":["post-1349","post","type-post","status-publish","format-standard","has-post-thumbnail","hentry","category-polityka","category-start"],"_links":{"self":[{"href":"https:\/\/kuriercodziennychicago.com\/index.php\/wp-json\/wp\/v2\/posts\/1349","targetHints":{"allow":["GET"]}}],"collection":[{"href":"https:\/\/kuriercodziennychicago.com\/index.php\/wp-json\/wp\/v2\/posts"}],"about":[{"href":"https:\/\/kuriercodziennychicago.com\/index.php\/wp-json\/wp\/v2\/types\/post"}],"author":[{"embeddable":true,"href":"https:\/\/kuriercodziennychicago.com\/index.php\/wp-json\/wp\/v2\/users\/1"}],"replies":[{"embeddable":true,"href":"https:\/\/kuriercodziennychicago.com\/index.php\/wp-json\/wp\/v2\/comments?post=1349"}],"version-history":[{"count":1,"href":"https:\/\/kuriercodziennychicago.com\/index.php\/wp-json\/wp\/v2\/posts\/1349\/revisions"}],"predecessor-version":[{"id":1351,"href":"https:\/\/kuriercodziennychicago.com\/index.php\/wp-json\/wp\/v2\/posts\/1349\/revisions\/1351"}],"wp:featuredmedia":[{"embeddable":true,"href":"https:\/\/kuriercodziennychicago.com\/index.php\/wp-json\/wp\/v2\/media\/1350"}],"wp:attachment":[{"href":"https:\/\/kuriercodziennychicago.com\/index.php\/wp-json\/wp\/v2\/media?parent=1349"}],"wp:term":[{"taxonomy":"category","embeddable":true,"href":"https:\/\/kuriercodziennychicago.com\/index.php\/wp-json\/wp\/v2\/categories?post=1349"},{"taxonomy":"post_tag","embeddable":true,"href":"https:\/\/kuriercodziennychicago.com\/index.php\/wp-json\/wp\/v2\/tags?post=1349"}],"curies":[{"name":"wp","href":"https:\/\/api.w.org\/{rel}","templated":true}]}}