{"id":1371,"date":"2022-09-06T01:33:10","date_gmt":"2022-09-05T23:33:10","guid":{"rendered":"https:\/\/kuriercodziennychicago.com\/?p=1371"},"modified":"2022-09-06T01:33:12","modified_gmt":"2022-09-05T23:33:12","slug":"kosciol-wobec-reparacji-abp-gadecki-zlo-musi-zostac-naprawione","status":"publish","type":"post","link":"https:\/\/kuriercodziennychicago.com\/index.php\/2022\/09\/06\/kosciol-wobec-reparacji-abp-gadecki-zlo-musi-zostac-naprawione\/","title":{"rendered":"Ko\u015bci\u00f3\u0142 wobec reparacji. Abp G\u0105decki: Z\u0142o musi zosta\u0107 naprawione"},"content":{"rendered":"\n<p><strong>Zadaniem Ko\u015bcio\u0142a jest przypominanie o warto\u015bci nawr\u00f3cenia, przebaczenia i pojednania. Do decydowania o praktycznych formach przywr\u00f3cenia sprawiedliwo\u015bci powo\u0142ane s\u0105 instytucje pa\u0144stwowe \u2013 napisa\u0142 przewodnicz\u0105cy Konferencji Episkopatu Polski abp Stanis\u0142aw G\u0105decki w O\u015bwiadczeniu w sprawie \u201eRaportu o stratach poniesionych przez Polsk\u0119 w wyniku agresji i okupacji niemieckiej w latach 1939-1945\u201d.<\/strong><\/p>\n\n\n\n<figure class=\"wp-block-image size-full\"><img decoding=\"async\" width=\"750\" height=\"422\" src=\"https:\/\/kuriercodziennychicago.com\/wp-content\/uploads\/2022\/09\/cq5dam.thumbnail.cropped.750.422.jpeg\" alt=\"\" class=\"wp-image-1372\" srcset=\"https:\/\/kuriercodziennychicago.com\/wp-content\/uploads\/2022\/09\/cq5dam.thumbnail.cropped.750.422.jpeg 750w, https:\/\/kuriercodziennychicago.com\/wp-content\/uploads\/2022\/09\/cq5dam.thumbnail.cropped.750.422-300x169.jpeg 300w, https:\/\/kuriercodziennychicago.com\/wp-content\/uploads\/2022\/09\/cq5dam.thumbnail.cropped.750.422-370x208.jpeg 370w\" sizes=\"(max-width: 750px) 100vw, 750px\" \/><\/figure>\n\n\n\n<p>Przewodnicz\u0105cy Episkopatu zaznaczy\u0142 w O\u015bwiadczeniu, \u017ce \u201eporuszane w tym raporcie kwestie nale\u017cy rozpatrywa\u0107 w kontek\u015bcie wieloletniego procesu polsko-niemieckiego pojednania\u201d, kt\u00f3rego pocz\u0105tkiem by\u0142 list polskich biskup\u00f3w do biskup\u00f3w niemieckich z 1965 roku.<\/p>\n\n\n\n<p>\u201ePo latach mo\u017cemy stwierdzi\u0107, \u017ce tamten dokument okaza\u0142 si\u0119 proroczy. Rozpocz\u0105\u0142 proces pojednania mi\u0119dzy Polakami i Niemcami, bez lekcewa\u017cenia dokonanych zbrodni, bez zapominania o ofiarach i bez zamykania si\u0119 w poczuciu doznanych krzywd\u201d \u2013 czytamy w O\u015bwiadczeniu.<\/p>\n\n\n\n<p>Abp G\u0105decki zauwa\u017cy\u0142, \u017ce w \u017cyciu politycznym mi\u0142osierdziu i przebaczeniu musz\u0105 towarzyszy\u0107 roztropno\u015b\u0107 i sprawiedliwo\u015b\u0107. Cytuj\u0105c \u015bw. Jana Paw\u0142a II, zwr\u00f3ci\u0142 uwag\u0119, \u017ce \u201enie istnieje (\u2026) \u017cadna sprzeczno\u015b\u0107 mi\u0119dzy przebaczeniem a sprawiedliwo\u015bci\u0105. Przebaczenie bowiem nie usuwa ani nie umniejsza konieczno\u015bci naprawienia z\u0142a, b\u0119d\u0105cej nakazem sprawiedliwo\u015bci\u201d (<em>Or\u0119dzie na XXX \u015awiatowy Dzie\u0144 Pokoju<\/em>, 1 stycznia 1997 r.).<\/p>\n\n\n\n<p>\u201eNiech wi\u0119c naszym wsp\u00f3lnym pragnieniem b\u0119dzie, aby dwa pojednane ze sob\u0105 narody, polski i niemiecki, kierowa\u0142y sw\u00f3j wzrok ku lepszej przysz\u0142o\u015bci\u201d \u2013 podkre\u015bli\u0142 przewodnicz\u0105cy Konferencji Episkopatu Polski.<\/p>\n\n\n\n<p>BP KEP<\/p>\n","protected":false},"excerpt":{"rendered":"<p>Zadaniem Ko\u015bcio\u0142a jest przypominanie o warto\u015bci nawr\u00f3cenia, przebaczenia i pojednania. Do decydowania o praktycznych formach przywr\u00f3cenia sprawiedliwo\u015bci powo\u0142ane<\/p>\n","protected":false},"author":1,"featured_media":1372,"comment_status":"closed","ping_status":"closed","sticky":false,"template":"","format":"standard","meta":{"footnotes":""},"categories":[3,9],"tags":[],"class_list":["post-1371","post","type-post","status-publish","format-standard","has-post-thumbnail","hentry","category-religia","category-start"],"_links":{"self":[{"href":"https:\/\/kuriercodziennychicago.com\/index.php\/wp-json\/wp\/v2\/posts\/1371","targetHints":{"allow":["GET"]}}],"collection":[{"href":"https:\/\/kuriercodziennychicago.com\/index.php\/wp-json\/wp\/v2\/posts"}],"about":[{"href":"https:\/\/kuriercodziennychicago.com\/index.php\/wp-json\/wp\/v2\/types\/post"}],"author":[{"embeddable":true,"href":"https:\/\/kuriercodziennychicago.com\/index.php\/wp-json\/wp\/v2\/users\/1"}],"replies":[{"embeddable":true,"href":"https:\/\/kuriercodziennychicago.com\/index.php\/wp-json\/wp\/v2\/comments?post=1371"}],"version-history":[{"count":1,"href":"https:\/\/kuriercodziennychicago.com\/index.php\/wp-json\/wp\/v2\/posts\/1371\/revisions"}],"predecessor-version":[{"id":1373,"href":"https:\/\/kuriercodziennychicago.com\/index.php\/wp-json\/wp\/v2\/posts\/1371\/revisions\/1373"}],"wp:featuredmedia":[{"embeddable":true,"href":"https:\/\/kuriercodziennychicago.com\/index.php\/wp-json\/wp\/v2\/media\/1372"}],"wp:attachment":[{"href":"https:\/\/kuriercodziennychicago.com\/index.php\/wp-json\/wp\/v2\/media?parent=1371"}],"wp:term":[{"taxonomy":"category","embeddable":true,"href":"https:\/\/kuriercodziennychicago.com\/index.php\/wp-json\/wp\/v2\/categories?post=1371"},{"taxonomy":"post_tag","embeddable":true,"href":"https:\/\/kuriercodziennychicago.com\/index.php\/wp-json\/wp\/v2\/tags?post=1371"}],"curies":[{"name":"wp","href":"https:\/\/api.w.org\/{rel}","templated":true}]}}