{"id":1378,"date":"2022-09-06T01:35:54","date_gmt":"2022-09-05T23:35:54","guid":{"rendered":"https:\/\/kuriercodziennychicago.com\/?p=1378"},"modified":"2022-09-06T01:35:55","modified_gmt":"2022-09-05T23:35:55","slug":"wazne-dane-eurostatu-od-kilku-lat-polska-jest-w-pierwszej-trojce-krajow-o-najnizszym-bezrobociu-w-ue","status":"publish","type":"post","link":"https:\/\/kuriercodziennychicago.com\/index.php\/2022\/09\/06\/wazne-dane-eurostatu-od-kilku-lat-polska-jest-w-pierwszej-trojce-krajow-o-najnizszym-bezrobociu-w-ue\/","title":{"rendered":"Wa\u017cne dane Eurostatu. Od kilku lat Polska jest w pierwszej tr\u00f3jce kraj\u00f3w o najni\u017cszym bezrobociu w UE"},"content":{"rendered":"<div class=\"wp-block-image\">\n<figure class=\"alignleft size-large is-resized\"><img decoding=\"async\" src=\"https:\/\/kuriercodziennychicago.com\/wp-content\/uploads\/2022\/05\/Zbigniew_Kuzmiuk_Sejm_2015-853x1024.jpg\" alt=\"\" class=\"wp-image-29\" width=\"86\" height=\"103\"\/><\/figure>\n<\/div>\n\n\n<h3 class=\"wp-block-heading\"><a href=\"https:\/\/wpolityce.pl\/autorzy\/274-zbigniew-kuzmiuk\">Zbigniew Ku\u017amiuk<\/a><\/h3>\n\n\n\n<p><strong>Pod koniec sierpnia ukaza\u0142 si\u0119 kolejny komunikat Eurostatu, z&nbsp;kt\u00f3rego wynika, \u017ce&nbsp;Polska, \u017ce&nbsp;na&nbsp;koniec lipca tego roku, by\u0142a na&nbsp;2. miejscu po\u015br\u00f3d kraj\u00f3w Unii Europejskiej o&nbsp;najni\u017cszym poziomie&nbsp;bezrobocia.<\/strong><\/p>\n\n\n\n<p>Wed\u0142ug Eurostatu stopa bezrobocia w&nbsp;Polsce na&nbsp;koniec lipca 2022 roku, ustalana tzw. metod\u0105 BAEL (opart\u0105 na&nbsp;aktywno\u015bci ekonomicznej ludzi w&nbsp;wieku zdolno\u015bci do&nbsp;pracy), wynios\u0142a tylko 2,6&nbsp;proc. i&nbsp;by\u0142a na&nbsp;znacznie ni\u017cszym poziomie, ni\u017c rok wcze\u015bniej (w&nbsp;lipcu 2021 wynios\u0142a&nbsp;3,3&nbsp;proc.).<\/p>\n\n\n\n<p>Polska po&nbsp;raz kolejny znalaz\u0142a si\u0119 w&nbsp;pierwszej tr\u00f3jce w\u015br\u00f3d kraj\u00f3w o&nbsp;najni\u017cszym poziomie bezrobocia w&nbsp;UE, w&nbsp;liczbach bezwzgl\u0119dnych wed\u0142ug wspomnianej metody BAEL, bezrobocie na&nbsp;koniec lipca 2022 roku w&nbsp;naszym kraju, by\u0142o zdecydowanie poni\u017cej 0,5&nbsp;mln os\u00f3b (wynios\u0142o dok\u0142adnie 444 tys.&nbsp;os\u00f3b).<\/p>\n\n\n\n<figure class=\"wp-block-image size-large\"><img decoding=\"async\" width=\"1024\" height=\"576\" src=\"https:\/\/kuriercodziennychicago.com\/wp-content\/uploads\/2022\/09\/stopa-bezrobocia-rekord-1024x576.jpg\" alt=\"\" class=\"wp-image-1379\" srcset=\"https:\/\/kuriercodziennychicago.com\/wp-content\/uploads\/2022\/09\/stopa-bezrobocia-rekord-1024x576.jpg 1024w, https:\/\/kuriercodziennychicago.com\/wp-content\/uploads\/2022\/09\/stopa-bezrobocia-rekord-300x169.jpg 300w, https:\/\/kuriercodziennychicago.com\/wp-content\/uploads\/2022\/09\/stopa-bezrobocia-rekord-768x432.jpg 768w, https:\/\/kuriercodziennychicago.com\/wp-content\/uploads\/2022\/09\/stopa-bezrobocia-rekord-370x208.jpg 370w, https:\/\/kuriercodziennychicago.com\/wp-content\/uploads\/2022\/09\/stopa-bezrobocia-rekord.jpg 1200w\" sizes=\"(max-width: 1024px) 100vw, 1024px\" \/><\/figure>\n\n\n\n<p>Przed Polsk\u0105 wg. danych Eurostatu, znalaz\u0142y si\u0119 tylko Czechy, ale od&nbsp;wielu miesi\u0119cy jest to&nbsp;kraj o&nbsp;najni\u017cszym bezrobociu w&nbsp;UE, w&nbsp;lipcu wska\u017anik wyni\u00f3s\u0142 tam tylko 2,3&nbsp;proc. (co&nbsp;oznacza \u017ce&nbsp;w&nbsp;liczbach bezwzgl\u0119dnych by\u0142o tam zaledwie 122 tysi\u0119cy bezrobotnych), natomiast za&nbsp;nami na&nbsp;3&nbsp;i&nbsp;4&nbsp;miejscu znalaz\u0142y si\u0119 Niemcy oraz Malta z&nbsp;tak\u0105 sam\u0105 stop\u0105 bezrobocia w&nbsp;wysoko\u015bci 2,9&nbsp;proc. (w&nbsp;Niemczech w&nbsp;liczbach bezwzgl\u0119dnych to&nbsp;1,27&nbsp;mln bezrobotnych, a&nbsp;na&nbsp;tylko Malcie 8&nbsp;tysi\u0119cy&nbsp;bezrobotnych).<\/p>\n\n\n\n<p>Kolejne kraje to&nbsp;na&nbsp;5&nbsp;miejscu W\u0119gry z&nbsp;bezrobociem na&nbsp;poziomie 3,5&nbsp;proc., na&nbsp;6&nbsp;miejscu Holandia z&nbsp;bezrobociem na&nbsp;poziomie 3,6&nbsp;proc., na&nbsp;7&nbsp;i&nbsp;8&nbsp;miejscu S\u0142owenia i&nbsp;Irlandia z&nbsp;bezrobociem w&nbsp;wysoko\u015bci 4,2&nbsp;proc., na&nbsp;9&nbsp;miejscu Luksemburg z&nbsp;bezrobociem na&nbsp;poziomie 4,3&nbsp;proc., na&nbsp;10, 11&nbsp;i&nbsp;12&nbsp;miejscu Austria, Bu\u0142garia i&nbsp;Dania z&nbsp;bezrobociem na&nbsp;poziomie 4,6%, w&nbsp;pozosta\u0142ych krajach UE&nbsp;stopa bezrobocia przekracza\u0142a i&nbsp;to&nbsp;wyra\u017anie&nbsp;5&nbsp;proc..<\/p>\n\n\n\n<p>Najwy\u017cszy z&nbsp;kolei poziom bezrobocia na&nbsp;koniec lipca 2022 roku, odnotowano tradycyjnie w&nbsp;Hiszpanii, wska\u017anik ten wyni\u00f3s\u0142 12,6&nbsp;proc., niewiele lepiej by\u0142o w&nbsp;Grecji, kt\u00f3ra ju\u017c 12&nbsp;rok \u201ewychodzi z&nbsp;kryzysu\u201d, wska\u017anik bezrobocia wyni\u00f3s\u0142 w&nbsp;tym kraju 11,4&nbsp;proc. (w\u0142a\u015bnie og\u0142oszono, \u017ce&nbsp;tzw. trojka czyli EBC, KE&nbsp;i&nbsp;MFW, zako\u0144czy\u0142a nadzorowanie wychodzenia Grecji&nbsp;z&nbsp;kryzysu).<\/p>\n\n\n\n<p>Z&nbsp;du\u017cych gospodarek na&nbsp;kolejnych miejscach od&nbsp;ko\u0144ca uplasowa\u0142y si\u0119 W\u0142ochy z&nbsp;bezrobociem na&nbsp;poziomie ponad 7,9&nbsp;proc., wysoko w&nbsp;tym niekorzystnym rankingu jest tak\u017ce Francja z&nbsp;bezrobociem na&nbsp;poziomie&nbsp;7,5&nbsp;proc..<\/p>\n\n\n\n<p>Tak, wi\u0119c poza Niemcami, trzy unijne kolejne kraje o&nbsp;najwi\u0119kszych gospodarkach (Francja, W\u0142ochy i&nbsp;Hiszpania), maj\u0105 najwy\u017cszy poziom bezrobocia w&nbsp;ca\u0142ej Unii Europejskiej, co&nbsp;pokazuje, \u017ce&nbsp;kraje Po\u0142udnia strefy euro, s\u0105&nbsp;od&nbsp;wielu miesi\u0119cy w&nbsp;najtrudniejszej sytuacji&nbsp;gospodarczej.<\/p>\n\n\n\n<p>Jeszcze wi\u0119ksze wra\u017cenie ni\u017c wska\u017aniki stopy bezrobocia, robi\u0105 liczby bezrobotnych szczeg\u00f3lnie je\u017celi chodzi o&nbsp;du\u017ce gospodarki, Niemcy to&nbsp;prawie 1,26&nbsp;mln bezrobotnych, Hiszpania blisko 3&nbsp;mln bezrobotnych, W\u0142ochy blisko 2&nbsp;mln bezrobotnych, podobnie Francja blisko 2,2&nbsp;mln&nbsp;bezrobotnych.<\/p>\n\n\n\n<p>Du\u017ca cz\u0119\u015b\u0107 z&nbsp;tych bezrobotnych, to&nbsp;ludzie m\u0142odzi do&nbsp;25&nbsp;roku \u017cycia, we&nbsp;Francji to&nbsp;ponad 570 tysi\u0119cy, w&nbsp;Hiszpanii blisko 450 tysi\u0119cy, we&nbsp;W\u0142oszech ponad 370 tysi\u0119cy, w&nbsp;Niemczech blisko 240&nbsp;tysi\u0119cy.<\/p>\n\n\n\n<p>Taka sytuacja, kt\u00f3rej towarzysz\u0105 bardzo wysoki podwy\u017cki cen energii elektrycznej i&nbsp;gazu, co&nbsp;znacz\u0105co podwy\u017csza koszty utrzymania, mo\u017ce okaza\u0107 si\u0119 mieszank\u0105 wybuchow\u0105 i&nbsp;powodowa\u0107 w&nbsp;tych krajach niepokoje spo\u0142eczne na&nbsp;du\u017ca&nbsp;skal\u0119.<\/p>\n\n\n\n<p>Z&nbsp;kolei przeci\u0119tna stopa bezrobocia we&nbsp;wszystkich 27&nbsp;krajach UE&nbsp;na&nbsp;koniec lipca 2022 roku wynios\u0142a 6,0&nbsp;proc., natomiast \u015brednia stopa w&nbsp;19&nbsp;krajach strefy euro by\u0142a wyra\u017anie wy\u017csza i&nbsp;wynios\u0142a&nbsp;a\u017c&nbsp;6,6&nbsp;proc..<\/p>\n\n\n\n<p>Bezrobocie w&nbsp;krajach strefy euro by\u0142o wi\u0119c o&nbsp;0,6&nbsp;punktu procentowego wy\u017csze, ni\u017c \u015brednio w&nbsp;ca\u0142ej Unii i&nbsp;nie ulega w\u0105tpliwo\u015bci, \u017ce&nbsp;to&nbsp;g\u0142\u00f3wnie kraje pos\u0142uguj\u0105ce si\u0119 w\u0142asnymi walutami, obni\u017caj\u0105 \u015bredni poziom bezrobocia w&nbsp;ca\u0142ej&nbsp;UE.<\/p>\n\n\n\n<p>Okazuje si\u0119, \u017ce&nbsp;w&nbsp;7&nbsp;krajach spoza strefy euro, bezrobocie jest wyra\u017anie ni\u017csze ni\u017c \u015brednia w&nbsp;strefie euro: Czechy -2,3&nbsp;proc., Polska-2,6&nbsp;proc. W\u0119gry -3,5&nbsp;proc., Bu\u0142garia -4,3&nbsp;proc., Dania -4,6&nbsp;proc., Rumunia 5,2&nbsp;proc., czy Chorwacja -6,4&nbsp;proc., tylko w&nbsp;Szwecji by\u0142o troch\u0119 wy\u017csze i&nbsp;wynios\u0142o&nbsp;7,4&nbsp;proc..<\/p>\n\n\n\n<p>Natomiast wed\u0142ug danych G\u0142\u00f3wnego Urz\u0119du Statystycznego (GUS), kt\u00f3ry mierzy bezrobocie liczb\u0105 zarejestrowanych bezrobotnych w&nbsp;stosunku do&nbsp;cywilnej liczby ludno\u015bci aktywnej zawodowo, stopa bezrobocia na&nbsp;koniec lipca 2022 roku wynios\u0142a 4,9&nbsp;proc. i&nbsp;by\u0142a na&nbsp;podobnym poziomie jak&nbsp;w&nbsp;czerwcu.<\/p>\n\n\n\n<p>W&nbsp;liczbach bezwzgl\u0119dnych wed\u0142ug metodologii GUS na&nbsp;koniec lutego 2022 roku bezrobotnych by\u0142o 810 tys. os\u00f3b i&nbsp;w&nbsp;por\u00f3wnaniu do&nbsp;ko\u0144ca lipca 2021 roku, bezrobocie zmala\u0142o o&nbsp;blisko 165 tys. os\u00f3b, co&nbsp;oznacza \u017ce&nbsp;kolejne fale pandemii koronawirusa, a&nbsp;tak\u017ce wojna na&nbsp;Ukrainie i&nbsp;przybycie do&nbsp;Polski milion\u00f3w uchod\u017ac\u00f3w z&nbsp;tego kraju, nie spowodowa\u0142y wzrostu bezrobocia, wr\u0119cz przeciwnie nast\u0105pi\u0142 jego du\u017cy&nbsp;spadek.<\/p>\n\n\n\n<p>Mniej zarejestrowanych bezrobotnych by\u0142o w&nbsp;lipcu 1990 roku (blisko 700 tys. os\u00f3b, w&nbsp;sierpniu 1990 roku by\u0142o ich ju\u017c 820 tysi\u0119cy), a&nbsp;wi\u0119c dopiero po&nbsp;32&nbsp;latach zbli\u017cyli\u015bmy si\u0119 do&nbsp;najni\u017cszego poziomu bezrobocia&nbsp;w&nbsp;Polsce.<\/p>\n\n\n\n<h2 class=\"wp-block-heading\">Pozytywne tendencje na&nbsp;rynku&nbsp;pracy<\/h2>\n\n\n\n<p>Wszystkie te&nbsp;bardzo pozytywne tendencje na&nbsp;rynku pracy, wyr\u00f3\u017cniaj\u0105ce Polsk\u0119 tak\u017ce w&nbsp;Unii Europejskiej (przez kilka ostatnich lat nasz kraj jest w&nbsp;unijnej czo\u0142\u00f3wce kraj\u00f3w o&nbsp;najni\u017cszym poziomie bezrobocia), maj\u0105 miejsce po&nbsp;blisko 7&nbsp;latach rz\u0105dzenia Zjednoczonej Prawicy i&nbsp;utrzymuj\u0105 si\u0119 mimo trwaj\u0105cych ju\u017c ponad 2&nbsp;lata problem\u00f3w w&nbsp;gospodarce spowodowanych pandemi\u0105 koronawirusa, a&nbsp;teraz tak\u017ce wojn\u0105&nbsp;na&nbsp;Ukrainie.<\/p>\n\n\n\n<p>Rz\u0105d Zjednoczonej Prawicy przyj\u0105\u0142 jak wida\u0107 w\u0142a\u015bciw\u0105 strategi\u0119 wspierania przedsi\u0119biorc\u00f3w i&nbsp;pracownik\u00f3w, kolejne Tarcze rz\u0105dowe i&nbsp;dwie Tarcze finansowe, na&nbsp;kt\u00f3re wydatkowano ju\u017c ponad 250 mld z\u0142, s\u0105&nbsp;nakierowane na&nbsp;zapewnienie p\u0142ynno\u015bci przedsi\u0119biorcom, pod warunkiem jednak, \u017ce&nbsp;b\u0119d\u0105 chronili miejsca pracy i&nbsp;po&nbsp;niskim poziomie bezrobocia wida\u0107, \u017ce&nbsp;to&nbsp;si\u0119&nbsp;udaje.<\/p>\n\n\n\n<p>\u201eP\u0142acimy\u201d za&nbsp;te&nbsp;sukcesy na&nbsp;rynku pracy, podwy\u017cszon\u0105 inflacj\u0105 (w&nbsp;sierpniu w&nbsp;uj\u0119ciu rok do&nbsp;roku wynios\u0142a 16,1&nbsp;proc.) ale z&nbsp;wielu wzgl\u0119d\u00f3w zar\u00f3wno gospodarczych jaki spo\u0142ecznych, lepiej mierzy\u0107 si\u0119 z&nbsp;tym zjawiskiem, ni\u017c wysokim bezrobociem ze&nbsp;wszystkimi tego negatywnymi&nbsp;konsekwencjami.<\/p>\n","protected":false},"excerpt":{"rendered":"<p>Zbigniew Ku\u017amiuk Pod koniec sierpnia ukaza\u0142 si\u0119 kolejny komunikat Eurostatu, z&nbsp;kt\u00f3rego wynika, \u017ce&nbsp;Polska, \u017ce&nbsp;na&nbsp;koniec lipca tego roku, by\u0142a<\/p>\n","protected":false},"author":1,"featured_media":1379,"comment_status":"closed","ping_status":"closed","sticky":false,"template":"","format":"standard","meta":{"footnotes":""},"categories":[2,9],"tags":[],"class_list":["post-1378","post","type-post","status-publish","format-standard","has-post-thumbnail","hentry","category-polityka","category-start"],"_links":{"self":[{"href":"https:\/\/kuriercodziennychicago.com\/index.php\/wp-json\/wp\/v2\/posts\/1378","targetHints":{"allow":["GET"]}}],"collection":[{"href":"https:\/\/kuriercodziennychicago.com\/index.php\/wp-json\/wp\/v2\/posts"}],"about":[{"href":"https:\/\/kuriercodziennychicago.com\/index.php\/wp-json\/wp\/v2\/types\/post"}],"author":[{"embeddable":true,"href":"https:\/\/kuriercodziennychicago.com\/index.php\/wp-json\/wp\/v2\/users\/1"}],"replies":[{"embeddable":true,"href":"https:\/\/kuriercodziennychicago.com\/index.php\/wp-json\/wp\/v2\/comments?post=1378"}],"version-history":[{"count":1,"href":"https:\/\/kuriercodziennychicago.com\/index.php\/wp-json\/wp\/v2\/posts\/1378\/revisions"}],"predecessor-version":[{"id":1380,"href":"https:\/\/kuriercodziennychicago.com\/index.php\/wp-json\/wp\/v2\/posts\/1378\/revisions\/1380"}],"wp:featuredmedia":[{"embeddable":true,"href":"https:\/\/kuriercodziennychicago.com\/index.php\/wp-json\/wp\/v2\/media\/1379"}],"wp:attachment":[{"href":"https:\/\/kuriercodziennychicago.com\/index.php\/wp-json\/wp\/v2\/media?parent=1378"}],"wp:term":[{"taxonomy":"category","embeddable":true,"href":"https:\/\/kuriercodziennychicago.com\/index.php\/wp-json\/wp\/v2\/categories?post=1378"},{"taxonomy":"post_tag","embeddable":true,"href":"https:\/\/kuriercodziennychicago.com\/index.php\/wp-json\/wp\/v2\/tags?post=1378"}],"curies":[{"name":"wp","href":"https:\/\/api.w.org\/{rel}","templated":true}]}}