{"id":1441,"date":"2022-09-10T01:12:55","date_gmt":"2022-09-09T23:12:55","guid":{"rendered":"https:\/\/kuriercodziennychicago.com\/?p=1441"},"modified":"2022-09-10T01:12:56","modified_gmt":"2022-09-09T23:12:56","slug":"abp-gadecki-elzbieta-ii-byla-symbolem-europejskich-wartosci","status":"publish","type":"post","link":"https:\/\/kuriercodziennychicago.com\/index.php\/2022\/09\/10\/abp-gadecki-elzbieta-ii-byla-symbolem-europejskich-wartosci\/","title":{"rendered":"Abp G\u0105decki: El\u017cbieta II by\u0142a symbolem europejskich warto\u015bci"},"content":{"rendered":"\n<p><strong>Kr\u00f3lowa El\u017cbieta II by\u0142a symbolem jedno\u015bci Zjednoczonego Kr\u00f3lestwa oraz symbolem tych warto\u015bci, na kt\u00f3rych zbudowano Europ\u0119. Jej mi\u0142o\u015b\u0107 do narodu, mi\u0142o\u015b\u0107 do rodziny, po\u015bwi\u0119cenie oraz poczucie obowi\u0105zku, roztropno\u015b\u0107, m\u0105dro\u015b\u0107, do\u015bwiadczenie oraz duch s\u0142u\u017cby mog\u0105 sta\u0107 si\u0119 wzorem nie tylko dla przedstawicieli wsp\u00f3\u0142czesnej klasy politycznej, ale dla ka\u017cdego z nas \u2013 napisa\u0142 przewodnicz\u0105cy Konferencji Episkopatu Polski abp Stanis\u0142aw G\u0105decki w kondolencjach po \u015bmierci El\u017cbiety II przekazanych na r\u0119ce kard. Vincenta Gerarda Nicholsa, przewodnicz\u0105cego Konferencji Biskup\u00f3w Katolickich Anglii i Walii.<\/strong><\/p>\n\n\n\n<figure class=\"wp-block-image size-large\"><img decoding=\"async\" width=\"1024\" height=\"683\" src=\"https:\/\/kuriercodziennychicago.com\/wp-content\/uploads\/2022\/09\/EOvLQP4XsAEuJIs-1024x683.jpg\" alt=\"\" class=\"wp-image-1442\" srcset=\"https:\/\/kuriercodziennychicago.com\/wp-content\/uploads\/2022\/09\/EOvLQP4XsAEuJIs-1024x683.jpg 1024w, https:\/\/kuriercodziennychicago.com\/wp-content\/uploads\/2022\/09\/EOvLQP4XsAEuJIs-300x200.jpg 300w, https:\/\/kuriercodziennychicago.com\/wp-content\/uploads\/2022\/09\/EOvLQP4XsAEuJIs-768x512.jpg 768w, https:\/\/kuriercodziennychicago.com\/wp-content\/uploads\/2022\/09\/EOvLQP4XsAEuJIs-370x247.jpg 370w, https:\/\/kuriercodziennychicago.com\/wp-content\/uploads\/2022\/09\/EOvLQP4XsAEuJIs.jpg 1068w\" sizes=\"(max-width: 1024px) 100vw, 1024px\" \/><\/figure>\n\n\n\n<p>Publikujemy pe\u0142ny tekst kondolencji:<\/p>\n\n\n\n<p>Warszawa, dnia 8 wrze\u015bnia 2022 roku<br><em>\u015awi\u0119to Narodzenia NMP<\/em><\/p>\n\n\n\n<p>Eminencjo,<br>Najdostojniejszy Ksi\u0119\u017ce Kardynale,<\/p>\n\n\n\n<p>z wielkim smutkiem przyj\u0105\u0142em informacj\u0119 o \u015bmierci kr\u00f3lowej El\u017cbiety II. W imieniu Konferencji Episkopatu Polski chcia\u0142bym przekaza\u0107 wyrazy wsp\u00f3\u0142czucia wszystkim, kt\u00f3rych zasmuci\u0142o jej odej\u015bcie.<\/p>\n\n\n\n<p>Zmar\u0142\u0105 powierzam dobremu Bogu, prosz\u0105c o mi\u0142osierdzie. Ca\u0142y nar\u00f3d brytyjski zapewniam o duchowej blisko\u015bci i modlitwie wiernych i pasterzy Ko\u015bcio\u0142a w Polsce.<\/p>\n\n\n\n<p>Kr\u00f3lowa El\u017cbieta II by\u0142a symbolem jedno\u015bci Zjednoczonego Kr\u00f3lestwa oraz symbolem tych warto\u015bci, na kt\u00f3rych zbudowano Europ\u0119. Jej mi\u0142o\u015b\u0107 do narodu, mi\u0142o\u015b\u0107 do rodziny, po\u015bwi\u0119cenie oraz poczucie obowi\u0105zku, roztropno\u015b\u0107, m\u0105dro\u015b\u0107, do\u015bwiadczenie oraz duch s\u0142u\u017cby mog\u0105 sta\u0107 si\u0119&nbsp;&nbsp;wzorem nie tylko dla przedstawicieli wsp\u00f3\u0142czesnej klasy politycznej, ale dla ka\u017cdego z nas.<\/p>\n\n\n\n<p>Wraz ze \u015bmierci\u0105 El\u017cbiety II ko\u0144czy si\u0119 pewna epoka w historii Europy, Zjednoczonego Kr\u00f3lestwa. Ufam, \u017ce jej nast\u0119pca kr\u00f3l Karol III b\u0119dzie otwarty na dzia\u0142anie Ducha \u015awi\u0119tego, prowadz\u0105c dalej monarchi\u0119 ku prawdzie i pomy\u015blno\u015bci.<\/p>\n\n\n\n<p>Z wyrazami szacunku, przesy\u0142am braterskie pozdrowienia w Chrystusie,<\/p>\n\n\n\n<p>+ Stanis\u0142aw G\u0105decki<br><em>Arcybiskup Metropolita Pozna\u0144ski<\/em><br><em>Przewodnicz\u0105cy Konferencji Episkopatu Polski<\/em><\/p>\n\n\n\n<p><em>Episkopat.pl<\/em><\/p>\n","protected":false},"excerpt":{"rendered":"<p>Kr\u00f3lowa El\u017cbieta II by\u0142a symbolem jedno\u015bci Zjednoczonego Kr\u00f3lestwa oraz symbolem tych warto\u015bci, na kt\u00f3rych zbudowano Europ\u0119. Jej mi\u0142o\u015b\u0107<\/p>\n","protected":false},"author":1,"featured_media":1442,"comment_status":"closed","ping_status":"closed","sticky":false,"template":"","format":"standard","meta":{"footnotes":""},"categories":[3,9],"tags":[],"class_list":["post-1441","post","type-post","status-publish","format-standard","has-post-thumbnail","hentry","category-religia","category-start"],"_links":{"self":[{"href":"https:\/\/kuriercodziennychicago.com\/index.php\/wp-json\/wp\/v2\/posts\/1441","targetHints":{"allow":["GET"]}}],"collection":[{"href":"https:\/\/kuriercodziennychicago.com\/index.php\/wp-json\/wp\/v2\/posts"}],"about":[{"href":"https:\/\/kuriercodziennychicago.com\/index.php\/wp-json\/wp\/v2\/types\/post"}],"author":[{"embeddable":true,"href":"https:\/\/kuriercodziennychicago.com\/index.php\/wp-json\/wp\/v2\/users\/1"}],"replies":[{"embeddable":true,"href":"https:\/\/kuriercodziennychicago.com\/index.php\/wp-json\/wp\/v2\/comments?post=1441"}],"version-history":[{"count":1,"href":"https:\/\/kuriercodziennychicago.com\/index.php\/wp-json\/wp\/v2\/posts\/1441\/revisions"}],"predecessor-version":[{"id":1443,"href":"https:\/\/kuriercodziennychicago.com\/index.php\/wp-json\/wp\/v2\/posts\/1441\/revisions\/1443"}],"wp:featuredmedia":[{"embeddable":true,"href":"https:\/\/kuriercodziennychicago.com\/index.php\/wp-json\/wp\/v2\/media\/1442"}],"wp:attachment":[{"href":"https:\/\/kuriercodziennychicago.com\/index.php\/wp-json\/wp\/v2\/media?parent=1441"}],"wp:term":[{"taxonomy":"category","embeddable":true,"href":"https:\/\/kuriercodziennychicago.com\/index.php\/wp-json\/wp\/v2\/categories?post=1441"},{"taxonomy":"post_tag","embeddable":true,"href":"https:\/\/kuriercodziennychicago.com\/index.php\/wp-json\/wp\/v2\/tags?post=1441"}],"curies":[{"name":"wp","href":"https:\/\/api.w.org\/{rel}","templated":true}]}}