{"id":1464,"date":"2022-09-15T08:03:56","date_gmt":"2022-09-15T06:03:56","guid":{"rendered":"https:\/\/kuriercodziennychicago.com\/?p=1464"},"modified":"2022-09-15T08:03:58","modified_gmt":"2022-09-15T06:03:58","slug":"zmowa-milczenia-wokol-ets-nie-jest-sytuacja-patowa-lecz-patologiczna","status":"publish","type":"post","link":"https:\/\/kuriercodziennychicago.com\/index.php\/2022\/09\/15\/zmowa-milczenia-wokol-ets-nie-jest-sytuacja-patowa-lecz-patologiczna\/","title":{"rendered":"Zmowa milczenia wok\u00f3\u0142 ETS nie jest sytuacj\u0105 patow\u0105, lecz patologiczn\u0105"},"content":{"rendered":"\n<p><strong>Co&nbsp;dobrego mo\u017cna powiedzie\u0107 o&nbsp;ostatnim spotkaniu unijnych ministr\u00f3w energii? To, \u017ce&nbsp;si\u0119 odby\u0142o, a&nbsp;politycy wci\u0105\u017c ze&nbsp;sob\u0105 rozmawiaj\u0105. Chwilowo zamilk\u0142a natomiast Komisja Europejska czekaj\u0105c do&nbsp;14&nbsp;wrze\u015bnia, kiedy Ursula von der Leyen og\u0142osi raport o&nbsp;stanie Unii Europejskiej. Cho\u0107 z&nbsp;drugiej strony, dla higieny psychicznej Europejczyk\u00f3w lepsze by\u0142oby jej milczenie &#8211; przynajmniej w&nbsp;kwestii kryzysu&nbsp;energetycznego.<\/strong><\/p>\n\n\n\n<p>W&nbsp;ka\u017cdej rodzinie s\u0105&nbsp;wstydliwe i&nbsp;bolesne sprawy, kt\u00f3rych nie porusza si\u0119 podczas spotka\u0144, aby nie wywo\u0142ywa\u0107 z\u0142ych emocji. Jak si\u0119 okazuje temat\u00f3w tabu nie brakuje te\u017c w&nbsp;unijnej rodzinie. Na&nbsp;forum 27&nbsp;unijnych ministr\u00f3w energii om\u00f3wiono cztery g\u0142\u00f3wne obszary, w&nbsp;kt\u00f3rych pa\u0144stwa cz\u0142onkowskie oczekuj\u0105 dzia\u0142a\u0144 ze&nbsp;strony Komisji Europejskiej. Chodzi o&nbsp;ograniczenie zysk\u00f3w producent\u00f3w energii elektrycznej, ewentualne limity cenowe dla gazu, redukcj\u0119 zapotrzebowania na&nbsp;pr\u0105d w&nbsp;skali ca\u0142ej wsp\u00f3lnoty oraz pieni\u0105dze, kt\u00f3re pozwol\u0105 jako\u015b ogarn\u0105\u0107 ten&nbsp;chaos.<\/p>\n\n\n\n<figure class=\"wp-block-image size-large\"><img decoding=\"async\" width=\"1024\" height=\"576\" src=\"https:\/\/kuriercodziennychicago.com\/wp-content\/uploads\/2022\/09\/205798_fioletowe-kwiaty-maki-1024x576.jpg\" alt=\"\" class=\"wp-image-1465\" srcset=\"https:\/\/kuriercodziennychicago.com\/wp-content\/uploads\/2022\/09\/205798_fioletowe-kwiaty-maki-1024x576.jpg 1024w, https:\/\/kuriercodziennychicago.com\/wp-content\/uploads\/2022\/09\/205798_fioletowe-kwiaty-maki-300x169.jpg 300w, https:\/\/kuriercodziennychicago.com\/wp-content\/uploads\/2022\/09\/205798_fioletowe-kwiaty-maki-768x432.jpg 768w, https:\/\/kuriercodziennychicago.com\/wp-content\/uploads\/2022\/09\/205798_fioletowe-kwiaty-maki-1536x864.jpg 1536w, https:\/\/kuriercodziennychicago.com\/wp-content\/uploads\/2022\/09\/205798_fioletowe-kwiaty-maki-370x208.jpg 370w, https:\/\/kuriercodziennychicago.com\/wp-content\/uploads\/2022\/09\/205798_fioletowe-kwiaty-maki.jpg 1920w\" sizes=\"(max-width: 1024px) 100vw, 1024px\" \/><\/figure>\n\n\n\n<p><strong>Je\u015bli kto\u015b oczekiwa\u0142 po&nbsp;tym spotkaniu rewelacji albo rewolucji to&nbsp;si\u0119 srodze&nbsp;zawi\u00f3d\u0142.<\/strong><\/p>\n\n\n\n<p>Rozbie\u017cno\u015bci mi\u0119dzy pa\u0144stwami cz\u0142onkowskimi nadal s\u0105&nbsp;zbyt du\u017ce, aby liczy\u0107 na&nbsp;jakie\u015b konkretne decyzje. Ministrowie energii za\u017c\u0105dali za&nbsp;to, aby jak najszybciej swoje wnioski przedstawi\u0142a Komisja Europejska. Z&nbsp;tym mo\u017ce by\u0107 k\u0142opot. Nieoficjalnie wiadomo, \u017ce&nbsp;brukselska administracja dosta\u0142a szlaban na&nbsp;publiczne wypowiedzi a\u017c&nbsp;do&nbsp;14&nbsp;wrze\u015bnia, kiedy to&nbsp;Ursula von der Leyen przedstawi raport o&nbsp;stanie Unii Europejskiej. Czego mo\u017cna si\u0119 spodziewa\u0107 po&nbsp;or\u0119dziu przewodnicz\u0105cej Komisji Europejskiej? Zapewne nie tego, czego oczekuj\u0105 Europejczycy. Zamiast konkret\u00f3w dostaniemy &#8211; jak zawsze &#8211; stek bana\u0142\u00f3w na&nbsp;poziomie pogadanki motywacyjnej dla przedstawicieli&nbsp;handlowych.<\/p>\n\n\n\n<p><strong>Wielkim nieobecnym w&nbsp;agendzie spotkania ministr\u00f3w energii by\u0142 system uprawnie\u0144 do&nbsp;emisji dwutlenku w\u0119gla&nbsp;(ETS).<\/strong><\/p>\n\n\n\n<p>Chce o&nbsp;tym rozmawia\u0107 przede wszystkim Polska. Premier Mateusz Morawiecki od&nbsp;wielu tygodni apeluje, aby zawiesi\u0107 system b\u0105d\u017a obni\u017cy\u0107 cen\u0119 ETS do&nbsp;poziomu 20&nbsp;&#8211; 30&nbsp;euro. Rynkowy kurs uprawnie\u0144, kt\u00f3ry w&nbsp;tym roku wielokrotnie przebi\u0142 pu\u0142ap 90&nbsp;euro, nie ma&nbsp;nic wsp\u00f3lnego z&nbsp;gospodark\u0105. Jest tylko i&nbsp;wy\u0142\u0105cznie efektem spekulacji. W&nbsp;polskich realiach ta&nbsp;danina klimatyczna stanowi oko\u0142o 60&nbsp;proc. koszt\u00f3w wytworzenia energii elektrycznej. Nie trzeba by\u0107 matematykiem ani ekonomist\u0105, aby odpowiedzie\u0107 sobie na&nbsp;pytanie, czy zrobienie porz\u0105dku na&nbsp;rynku uprawnie\u0144 do&nbsp;emisji CO2 mo\u017ce &#8211; przynajmniej cz\u0119\u015bciowo &#8211; rozwi\u0105za\u0107 nasze&nbsp;problemy?<\/p>\n\n\n\n<p><strong>Niestety, grupa trzymaj\u0105ca w\u0142adz\u0119 w&nbsp;Unii Europejskiej nie chce na&nbsp;ten temat rozmawia\u0107 i&nbsp;panicznie boi si\u0119, \u017ce&nbsp;destrukcyjn\u0105 rol\u0105 ETS zainteresuje si\u0119 w&nbsp;ko\u0144cu opinia&nbsp;publiczna.<\/strong><\/p>\n\n\n\n<p>Podczas niedawnej wizyty we&nbsp;Francji, premier Mateusz Morawiecki zaproponowa\u0142, aby na&nbsp;dwa lata zamrozi\u0107 cen\u0119 uprawnie\u0144 na&nbsp;poziomie 30&nbsp;euro. Ursula von der Leyen od&nbsp;razu, wr\u0119cz automatycznie wyda\u0142a komunikat, \u017ce&nbsp;nie t\u0119dy droga, poniewa\u017c ETS jest niezb\u0119dnym narz\u0119dziem do&nbsp;walki ze&nbsp;zmianami klimatycznymi. Mo\u017cna jedynie zapyta\u0107, w&nbsp;jakim \u015bwiecie \u017cyj\u0105 unijne elity? Nie widz\u0105, \u017ce&nbsp;obecna wojna mo\u017ce przekszta\u0142ci\u0107 si\u0119 w&nbsp;konflikt globalny, kt\u00f3ry \u2013 w&nbsp;najbardziej negatywnym scenariuszu \u2013 spowoduje, \u017ce&nbsp;przestaniemy si\u0119 martwi\u0107 wp\u0142ywem zmian klimatycznych na&nbsp;nasz\u0105 cywilizacj\u0119, bo&nbsp;nie b\u0119dzie cywilizacji. Poza tym narz\u0119dzia do&nbsp;walki z&nbsp;ociepleniem nie znajduj\u0105 si\u0119 w&nbsp;Unii Europejskiej, ale w&nbsp;Chinach, Indiach, Brazylii, Pakistanie, Rosji, czyli w&nbsp;krajach, kt\u00f3re emituj\u0105 najwi\u0119cej dwutlenku w\u0119gla i&nbsp;za&nbsp;nic maj\u0105 ograniczenia&nbsp;\u015brodowiskowe.<\/p>\n\n\n\n<p><strong>Zmowa milczenia wok\u00f3\u0142 ETS nie jest sytuacj\u0105 patow\u0105, ale patologiczn\u0105. Komisja Europejska traktuje ETS jak \u015bwi\u0119t\u0105 krow\u0119, kt\u00f3ra mimo, \u017ce&nbsp;stoi na&nbsp;\u015brodku drogi i&nbsp;parali\u017cuje ruch musi pozosta\u0107&nbsp;nietykalna.<\/strong><\/p>\n\n\n\n<p>Ursula von der Leyen na&nbsp;politycznym boisku gra tak, jak jej Niemcy pozwalaj\u0105. Oficjalna wyk\u0142adnia rz\u0105du w&nbsp;Berlinie na&nbsp;temat obecnego kryzysu energetycznego jest taka, \u017ce&nbsp;za&nbsp;wszystko odpowiada Putin. To&nbsp;tylko cz\u0119\u015b\u0107 prawdy. Wojna na&nbsp;Ukrainie nie jest przyczyn\u0105, ale skutkiem chorej sytuacji, kt\u00f3ra ma&nbsp;miejsce w&nbsp;europejskiej energetyce. Putin wiedzia\u0142, \u017ce&nbsp;polityka Zielonego \u0141adu os\u0142abia unijn\u0105 gospodark\u0119 i&nbsp;doskonale zna\u0142 skal\u0119 uzale\u017cnienia Niemiec od&nbsp;rosyjskiego gazu. Po\u0142\u0105czy\u0142 te&nbsp;dwa fakty i&nbsp;znalaz\u0142 dziejowe \u201eokienko\u201d dla swoich chorych, imperialistycznych ambicji. Wykalkulowa\u0142, \u017ce&nbsp;ze&nbsp;strachu przed zimnem i&nbsp;ciemno\u015bciami Niemcy, a&nbsp;ich \u015bladem ca\u0142a Unia Europejska, nie kiwn\u0105 palcem w&nbsp;obronie Ukrainy. Faktycznie, gdyby wszystko zale\u017ca\u0142o od&nbsp;Niemiec i&nbsp;ich akolit\u00f3w, nad Kijowem powiewa\u0142aby dzi\u015b bia\u0142o-niebiesko-czerwona flaga. Na&nbsp;szcz\u0119\u015bcie s\u0105&nbsp;jeszcze takie pa\u0144stwa jak USA, Wielka Brytania, Polska, kraje ba\u0142tyckie, dzi\u0119ki kt\u00f3rym Putin \u0142amie sobie z\u0119by&nbsp;na&nbsp;Ukrainie.<\/p>\n\n\n\n<p><strong>Skoro cz\u0119\u015b\u0107 \u015bwiata potrafi wykaza\u0107 si\u0119 odwag\u0105 w&nbsp;konfrontacji z&nbsp;kremlowskim z\u0142em, dlaczego Unia Europejska nie umie stawi\u0107 czo\u0142a kryzysowi energetycznemu, kt\u00f3ry jest przecie\u017c problemem mniejszym, ni\u017c&nbsp;wojna?<\/strong><\/p>\n\n\n\n<p>To&nbsp;nie powinno by\u0107 a\u017c&nbsp;tak trudne. W&nbsp;kr\u00f3tkoterminowej perspektywie mo\u017cna zawiesi\u0107 ETS i&nbsp;wprowadzi\u0107 maksymalne ceny na&nbsp;gaz, co&nbsp;pozwoli\u0142oby ustabilizowa\u0107 rynek energetyczny i&nbsp;z\u0142agodzi\u0107 trudno\u015bci, jakie czekaj\u0105 nas tej zimy. Trzeba r\u00f3wnoleg\u0142e my\u015ble\u0107 o&nbsp;planie d\u0142ugofalowym. Unia Europejska nie mo\u017ce da\u0107 si\u0119 zaskakiwa\u0107 takim czynnikom jak koronawirus, Putin czy nieskuteczno\u015b\u0107 energetyki&nbsp;odnawialnej.<\/p>\n\n\n\n<p>W&nbsp;dziejach ludzko\u015bci zarazy, dyktatorzy i&nbsp;anomalie pogodowe pojawiaj\u0105 si\u0119 na&nbsp;tyle cz\u0119sto, aby uwzgl\u0119dni\u0107 ich ewentualno\u015b\u0107 w&nbsp;budowaniu bezpiecze\u0144stwa energetycznego. Gdyby Unia Europejska kierowa\u0142a si\u0119 logik\u0105, odpowiedzialno\u015bci\u0105 i&nbsp;odwag\u0105, Ursula von der Leyen og\u0142osi\u0142aby 14&nbsp;wrze\u015bnia reset polityki klimatycznej. Nie rezygnujmy z&nbsp;energii odnawialnej, lecz ustawmy j\u0105&nbsp;we&nbsp;w\u0142a\u015bciwym miejscu &#8211; nie przed, ale obok energetyki w\u0119glowej, gazowej i&nbsp;atomowej. Szanujmy klimat nie poprzez narzucanie sobie chorych, cywilizacyjnych ogranicze\u0144, lecz przez zmian\u0119 nawyk\u00f3w konsumpcyjnych i&nbsp;unowocze\u015bnianie proces\u00f3w technologicznych. Ursula von der Leyen tego nie powie. Us\u0142yszymy to&nbsp;co&nbsp;zawsze: jest ci\u0119\u017cko, ale b\u0119dzie dobrze i&nbsp;najwa\u017cniejsze: r\u0119ce precz&nbsp;od&nbsp;ETS!<\/p>\n\n\n<div class=\"wp-block-image\">\n<figure class=\"alignleft size-full\"><img decoding=\"async\" width=\"120\" height=\"120\" src=\"https:\/\/kuriercodziennychicago.com\/wp-content\/uploads\/2022\/05\/Kloc-Izabela.jpeg\" alt=\"\" class=\"wp-image-170\"\/><\/figure>\n<\/div>\n\n\n<h3 class=\"wp-block-heading\"><a href=\"https:\/\/wpolityce.pl\/autorzy\/278-izabela-kloc\">Izabela Kloc<\/a><\/h3>\n\n\n\n<p>Pose\u0142 do Parlamentu Europejskiego, Prawo i Sprawiedliwo\u015b\u0107.<\/p>\n","protected":false},"excerpt":{"rendered":"<p>Co&nbsp;dobrego mo\u017cna powiedzie\u0107 o&nbsp;ostatnim spotkaniu unijnych ministr\u00f3w energii? To, \u017ce&nbsp;si\u0119 odby\u0142o, a&nbsp;politycy wci\u0105\u017c ze&nbsp;sob\u0105 rozmawiaj\u0105. Chwilowo zamilk\u0142a natomiast<\/p>\n","protected":false},"author":1,"featured_media":1465,"comment_status":"closed","ping_status":"closed","sticky":false,"template":"","format":"standard","meta":{"footnotes":""},"categories":[2,9],"tags":[],"class_list":["post-1464","post","type-post","status-publish","format-standard","has-post-thumbnail","hentry","category-polityka","category-start"],"_links":{"self":[{"href":"https:\/\/kuriercodziennychicago.com\/index.php\/wp-json\/wp\/v2\/posts\/1464","targetHints":{"allow":["GET"]}}],"collection":[{"href":"https:\/\/kuriercodziennychicago.com\/index.php\/wp-json\/wp\/v2\/posts"}],"about":[{"href":"https:\/\/kuriercodziennychicago.com\/index.php\/wp-json\/wp\/v2\/types\/post"}],"author":[{"embeddable":true,"href":"https:\/\/kuriercodziennychicago.com\/index.php\/wp-json\/wp\/v2\/users\/1"}],"replies":[{"embeddable":true,"href":"https:\/\/kuriercodziennychicago.com\/index.php\/wp-json\/wp\/v2\/comments?post=1464"}],"version-history":[{"count":1,"href":"https:\/\/kuriercodziennychicago.com\/index.php\/wp-json\/wp\/v2\/posts\/1464\/revisions"}],"predecessor-version":[{"id":1466,"href":"https:\/\/kuriercodziennychicago.com\/index.php\/wp-json\/wp\/v2\/posts\/1464\/revisions\/1466"}],"wp:featuredmedia":[{"embeddable":true,"href":"https:\/\/kuriercodziennychicago.com\/index.php\/wp-json\/wp\/v2\/media\/1465"}],"wp:attachment":[{"href":"https:\/\/kuriercodziennychicago.com\/index.php\/wp-json\/wp\/v2\/media?parent=1464"}],"wp:term":[{"taxonomy":"category","embeddable":true,"href":"https:\/\/kuriercodziennychicago.com\/index.php\/wp-json\/wp\/v2\/categories?post=1464"},{"taxonomy":"post_tag","embeddable":true,"href":"https:\/\/kuriercodziennychicago.com\/index.php\/wp-json\/wp\/v2\/tags?post=1464"}],"curies":[{"name":"wp","href":"https:\/\/api.w.org\/{rel}","templated":true}]}}