{"id":1531,"date":"2022-09-19T20:53:15","date_gmt":"2022-09-19T18:53:15","guid":{"rendered":"https:\/\/kuriercodziennychicago.com\/?p=1531"},"modified":"2022-09-19T20:53:16","modified_gmt":"2022-09-19T18:53:16","slug":"giertych-jedzie-do-moskwy","status":"publish","type":"post","link":"https:\/\/kuriercodziennychicago.com\/index.php\/2022\/09\/19\/giertych-jedzie-do-moskwy\/","title":{"rendered":"Giertych jedzie do Moskwy"},"content":{"rendered":"\n<p><strong>Platforma Obywatelska pod wp\u0142ywem wynik\u00f3w bada\u0144 opinii publicznej zmieni\u0142a stanowisko w&nbsp;sprawie reparacji wojennych. Po&nbsp;pierwszym szoku poznawczym przyzna\u0142a, \u017ce&nbsp;znany jest im&nbsp;fakt napa\u015bci Niemiec na&nbsp;Polsk\u0119 we&nbsp;wrze\u015bniu 1939 roku. Co&nbsp;wi\u0119cej, dostrzeg\u0142a r\u00f3wnie\u017c, \u017ce&nbsp;Polska w&nbsp;wyniku II&nbsp;wojny \u015bwiatowej ponios\u0142a gigantyczne ofiary&nbsp;i&nbsp;straty.<\/strong><\/p>\n\n\n\n<p>Zmiana stanowiska w&nbsp;fundamentalnej sprawie, jak\u0105 jest okre\u015blenie zobowi\u0105za\u0144 Niemiec w&nbsp;stosunku do&nbsp;Polski, niew\u0105tpliwie cieszy. Co&nbsp;wi\u0119cej, dzia\u0142acze Platformy przypomnieli, \u017ce&nbsp;r\u00f3wnie\u017c Sowieci wyrz\u0105dzili Polsce i&nbsp;Polakom ocean krzywd i&nbsp;b\u00f3lu. Wobec tego i&nbsp;od&nbsp;Moskwy nale\u017cy nam si\u0119&nbsp;zado\u015b\u0107uczynienie.<\/p>\n\n\n<div class=\"wp-block-image\">\n<figure class=\"aligncenter size-full\"><img decoding=\"async\" width=\"300\" height=\"168\" src=\"https:\/\/kuriercodziennychicago.com\/wp-content\/uploads\/2022\/09\/images-1.jpg\" alt=\"\" class=\"wp-image-1532\"\/><\/figure>\n<\/div>\n\n\n<p>Takie my\u015blenie jest bez w\u0105tpienia cennym uzupe\u0142nieniem raportu opracowanego pod kierownictwem pos\u0142a **Arkadiusza Mularczyka. Wyliczona przez jego zesp\u00f3\u0142 kwota ponad 6&nbsp;bilion\u00f3w z\u0142otych dotyczy cz\u0119\u015bci strat, jakie ponios\u0142a Polska w&nbsp;wyniku zbrodni niemieckiego&nbsp;okupanta.<\/p>\n\n\n\n<p>Raport zawiera fakty, na&nbsp;podstawie kt\u00f3rych szacowano straty materialne i&nbsp;niematerialne. Na&nbsp;ich podstawie obliczono kwoty reparacji.<strong> Zosta\u0142a wykonana gigantyczna, benedykty\u0144ska praca.<\/strong> Zaj\u0119\u0142a ona pi\u0119\u0107 lat i&nbsp;wymaga\u0142a ogromnego wysi\u0142ku: kwerendy tysi\u0119cy dokument\u00f3w, analizy danych, wnioskowania, analiz por\u00f3wnawczych, przedstawienia wynik\u00f3w w&nbsp;formie zrozumia\u0142ej nie tylko dla ekspert\u00f3w, ale r\u00f3wnie\u017c dla os\u00f3b niemaj\u0105cych na&nbsp;co&nbsp;dzie\u0144 styczno\u015bci z&nbsp;t\u0105&nbsp;materi\u0105. W&nbsp;prac\u0119 zostali zaanga\u017cowani historycy, ekonomi\u015bci, prawnicy, in\u017cynierowie, archiwi\u015bci, wojskowi, t\u0142umacze. Na&nbsp;ko\u0144cu wykonano wysi\u0142ek redakcyjny na&nbsp;najwy\u017cszym poziomie, aby uzasadnienie uzyskanych wynik\u00f3w, przedstawi\u0107 w&nbsp;spos\u00f3b przejrzysty, zrozumia\u0142y i&nbsp;przekonuj\u0105cy nie tylko dla Polak\u00f3w, ale dla \u015bwiatowej opinii publicznej. Raport szacuj\u0105cy krzywdy dokonane przez Niemc\u00f3w Polsce przygotowane przez stron\u0119 rz\u0105dow\u0105 ju\u017c&nbsp;jest.<\/p>\n\n\n\n<p><strong>Skoro opozycja domaga si\u0119 odszkodowa\u0144 od&nbsp;Moskwy (i&nbsp;bardzo s\u0142usznie), powinna uczyni\u0107 ku&nbsp;temu pierwszy krok.<\/strong> Powinna r\u00f3wnie\u017c zebra\u0107 odpowiedni\u0105 ekip\u0119 ekspert\u00f3w, naukowc\u00f3w, specjalist\u00f3w \u2013 podobno maj\u0105 ich na&nbsp;p\u0119czki i&nbsp;przyst\u0105pi\u0107 do&nbsp;pracy nad raportem. Podobnie jak Zesp\u00f3\u0142 Mularczyka powinni przegl\u0105da\u0107 archiwa, zbiera\u0107 dokumenty i&nbsp;szacowa\u0107. Co&nbsp;wi\u0119cej, specjali\u015bci Platformy b\u0119d\u0105 mieli u\u0142atwione zadanie. Zesp\u00f3\u0142 Mularczyka wypracowa\u0142 ju\u017c metodologi\u0119 badania, z&nbsp;kt\u00f3rej mog\u0105 skorzysta\u0107. Przecie\u017c to&nbsp;gigantyczne u\u0142atwienie zadania. Odpada konieczno\u015b\u0107 tworzenia koncepcji, modeli, wzor\u00f3w, przelicznik\u00f3w. Z&nbsp;drugiej strony b\u0119dzie trudniej&nbsp;o&nbsp;dokumenty.<\/p>\n\n\n\n<p>No&nbsp;c\u00f3\u017c, niew\u0105tpliwie najwi\u0119kszym problemem b\u0119dzie fakt, \u017ce&nbsp;wytworzenie takiego dokumentu wymaga pracy, nie ma&nbsp;co&nbsp;ukrywa\u0107: gigantycznej pracy. <strong>A&nbsp;dzia\u0142acze Platformy z&nbsp;pracowito\u015bci nie s\u0142yn\u0105.<\/strong> Podyskutowa\u0107, ci\u0105garko zapali\u0107, w&nbsp;pi\u0142eczk\u0119 pogra\u0107, poplotkowa\u0107 \u2013 to&nbsp;owszem, ale godzinami siedzie\u0107 nad dokumentami, czyta\u0107, analizowa\u0107, opisywa\u0107, por\u00f3wnywa\u0107? Nie, nie, wybaczcie, my&nbsp;nie jeste\u015bmy&nbsp;od&nbsp;tego.<\/p>\n\n\n\n<p>Jest jednak jeden z&nbsp;filar\u00f3w opozycji, kt\u00f3ry poradzi\u0142by sobie z&nbsp;tym zadaniem. Na&nbsp;co&nbsp;dzie\u0144 wykazuje przecie\u017c tyle energii, zaanga\u017cowania, determinacji, wr\u0119cz pasji. Co&nbsp;prawda w&nbsp;walce z&nbsp;rz\u0105dem, ale przecie\u017c to&nbsp;s\u0105&nbsp;cechy charakteru, kt\u00f3re wystarczy skierowa\u0107 w&nbsp;inn\u0105&nbsp;stron\u0119.<\/p>\n\n\n\n<p>My\u015bl\u0119 o&nbsp;Romanie Giertychu. Ostatnio b\u0142yszcza\u0142 w&nbsp;Brukseli i&nbsp;brawurowo, z&nbsp;pasj\u0105 oskar\u017ca\u0142 polski rz\u0105d o&nbsp;r\u00f3\u017cne niegodziwo\u015bci. A&nbsp;gdyby tak poprowadzi\u0142 spraw\u0119 reparacji od&nbsp;Rosji! Zebra\u0142 ekspert\u00f3w, specjalist\u00f3w, popracowa\u0142 i&nbsp;przygotowa\u0142 mocny dokument rosyjskich zbrodni na&nbsp;Polsce i&nbsp;Polakach. Wyobra\u017amy sobie: z&nbsp;charakterystyczn\u0105 sobie stanowczo\u015bci\u0105 i&nbsp;pewno\u015bci\u0105 siebie leci do&nbsp;Moskwy i&nbsp;twardo rzuca Putinowi raport na&nbsp;biurko. Oj! Polska chcia\u0142aby&nbsp;to&nbsp;zobaczy\u0107.<\/p>\n\n\n<div class=\"wp-block-image\">\n<figure class=\"alignleft size-full\"><img decoding=\"async\" width=\"120\" height=\"120\" src=\"https:\/\/kuriercodziennychicago.com\/wp-content\/uploads\/2022\/06\/szmit-jerzy.jpg\" alt=\"\" class=\"wp-image-557\"\/><\/figure>\n<\/div>\n\n\n<h3 class=\"wp-block-heading\"><a href=\"https:\/\/wpolityce.pl\/autorzy\/711-jerzy-szmit\">Jerzy Szmit<\/a><\/h3>\n\n\n\n<p>Polski polityk, publicysta, samorz\u0105dowiec, by\u0142y marsza\u0142ek wojew\u00f3dztwa warmi\u0144sko-mazurskiego, senator VI kadencji, pose\u0142 na Sejm VII kadencji. Prezes Fundacji im. Piotra Poleskiego.<\/p>\n","protected":false},"excerpt":{"rendered":"<p>Platforma Obywatelska pod wp\u0142ywem wynik\u00f3w bada\u0144 opinii publicznej zmieni\u0142a stanowisko w&nbsp;sprawie reparacji wojennych. Po&nbsp;pierwszym szoku poznawczym przyzna\u0142a, \u017ce&nbsp;znany<\/p>\n","protected":false},"author":1,"featured_media":1532,"comment_status":"closed","ping_status":"closed","sticky":false,"template":"","format":"standard","meta":{"footnotes":""},"categories":[2,9],"tags":[],"class_list":["post-1531","post","type-post","status-publish","format-standard","has-post-thumbnail","hentry","category-polityka","category-start"],"_links":{"self":[{"href":"https:\/\/kuriercodziennychicago.com\/index.php\/wp-json\/wp\/v2\/posts\/1531","targetHints":{"allow":["GET"]}}],"collection":[{"href":"https:\/\/kuriercodziennychicago.com\/index.php\/wp-json\/wp\/v2\/posts"}],"about":[{"href":"https:\/\/kuriercodziennychicago.com\/index.php\/wp-json\/wp\/v2\/types\/post"}],"author":[{"embeddable":true,"href":"https:\/\/kuriercodziennychicago.com\/index.php\/wp-json\/wp\/v2\/users\/1"}],"replies":[{"embeddable":true,"href":"https:\/\/kuriercodziennychicago.com\/index.php\/wp-json\/wp\/v2\/comments?post=1531"}],"version-history":[{"count":1,"href":"https:\/\/kuriercodziennychicago.com\/index.php\/wp-json\/wp\/v2\/posts\/1531\/revisions"}],"predecessor-version":[{"id":1533,"href":"https:\/\/kuriercodziennychicago.com\/index.php\/wp-json\/wp\/v2\/posts\/1531\/revisions\/1533"}],"wp:featuredmedia":[{"embeddable":true,"href":"https:\/\/kuriercodziennychicago.com\/index.php\/wp-json\/wp\/v2\/media\/1532"}],"wp:attachment":[{"href":"https:\/\/kuriercodziennychicago.com\/index.php\/wp-json\/wp\/v2\/media?parent=1531"}],"wp:term":[{"taxonomy":"category","embeddable":true,"href":"https:\/\/kuriercodziennychicago.com\/index.php\/wp-json\/wp\/v2\/categories?post=1531"},{"taxonomy":"post_tag","embeddable":true,"href":"https:\/\/kuriercodziennychicago.com\/index.php\/wp-json\/wp\/v2\/tags?post=1531"}],"curies":[{"name":"wp","href":"https:\/\/api.w.org\/{rel}","templated":true}]}}