{"id":1648,"date":"2022-09-29T03:31:23","date_gmt":"2022-09-29T01:31:23","guid":{"rendered":"https:\/\/kuriercodziennychicago.com\/?p=1648"},"modified":"2022-09-29T03:31:25","modified_gmt":"2022-09-29T01:31:25","slug":"prymas-holandii-flamandzcy-biskupi-radykalnie-sprzeciwiaja-sie-nauce-kosciola","status":"publish","type":"post","link":"https:\/\/kuriercodziennychicago.com\/index.php\/2022\/09\/29\/prymas-holandii-flamandzcy-biskupi-radykalnie-sprzeciwiaja-sie-nauce-kosciola\/","title":{"rendered":"Prymas Holandii: Flamandzcy biskupi radykalnie sprzeciwiaj\u0105 si\u0119 nauce Ko\u015bcio\u0142a"},"content":{"rendered":"\n<p><strong>Prymas Holandii zaj\u0105\u0142 stanowisko w sprawie deklaracji flamandzkich biskup\u00f3w, kt\u00f3rzy przed tygodniem og\u0142osili deklaracj\u0119 zezwalaj\u0105c\u0105 na b\u0142ogos\u0142awienie par homoseksualnych. Kard. Eijk podkre\u015bla, \u017ce nale\u017cy wym\u00f3c na biskupach z s\u0105siedniej Flandrii, aby wycofali si\u0119 z tej deklaracji. W spos\u00f3b radykalny sprzeciwia si\u0119 to stanowisku Stolicy Apostolskiej oraz mo\u017ce prowadzi\u0107 wiernych do wniosk\u00f3w, kt\u00f3re s\u0105 sprzeczne z nauczaniem Ko\u015bcio\u0142a.<\/strong><\/p>\n\n\n<div class=\"wp-block-image\">\n<figure class=\"aligncenter size-full\"><img decoding=\"async\" width=\"300\" height=\"168\" src=\"https:\/\/kuriercodziennychicago.com\/wp-content\/uploads\/2022\/09\/index-5.jpg\" alt=\"\" class=\"wp-image-1649\"\/><\/figure>\n<\/div>\n\n\n<p>W opublikowanym dzi\u015b o\u015bwiadczeniu kard. Wim Eijk szczeg\u00f3\u0142owo analizuje deklaracj\u0119 biskup\u00f3w z s\u0105siedniej i kulturowo pokrewnej Flandrii, a tak\u017ce zaproponowan\u0105 przez nich liturgi\u0119. Z ca\u0142\u0105 stanowczo\u015bci\u0105 stwierdza, \u017ce chodzi tu w istocie o b\u0142ogos\u0142awienie par homoseksualnych, analogiczne do sakramentu ma\u0142\u017ce\u0144stwa.&nbsp;Podkre\u015bla, \u017ce nigdy wcze\u015bniej \u017caden episkopat ani jego cz\u0119\u015b\u0107 (w tym wypadku flamandzka cz\u0119\u015b\u0107 episkopatu Belgii) nie odwa\u017cy\u0142 si\u0119 na co\u015b podobnego.<\/p>\n\n\n\n<p>Wykazuje na wst\u0119pie, \u017ce flamandzcy biskupi w spos\u00f3b nieuzasadniony odwo\u0142uj\u0105 si\u0119 do adhortacji Amoris laetitia. Rozeznanie, do kt\u00f3rego wzywa tym dokumencie Franciszek ma pom\u00f3c parom pozna\u0107 prawd\u0119 o ich zwi\u0105zku, a w tym wypadku jest to zwi\u0105zek sprzeczny z porz\u0105dkiem stworzenia. Nie mo\u017cna b\u0142ogos\u0142awi\u0107 sytuacji, kt\u00f3re pod wzgl\u0119dem moralnym s\u0105 obiektywnie b\u0142\u0119dne. \u0141aska Bo\u017ca nie mo\u017ce ja\u015bnie\u0107 na drodze grzechu. Nie oznacza to, \u017ce poszczeg\u00f3lne osoby homoseksualne nie mog\u0105 otrzyma\u0107 b\u0142ogos\u0142awie\u0144stwa. Nie jest jednak moralnie dopuszczalne b\u0142ogos\u0142awienie relacji homoseksualnej jako takiej \u2013 pisze kard. Eijk.<\/p>\n\n\n\n<p>&nbsp;&nbsp;&nbsp;&nbsp;&nbsp;&nbsp;&nbsp;&nbsp;&nbsp;Przypomina on zarazem, \u017ce nauczanie Ko\u015bcio\u0142a jest wi\u0105\u017c\u0105ce r\u00f3wnie\u017c dla biskup\u00f3w. Powody, dla kt\u00f3rych nie mo\u017cna b\u0142ogos\u0142awi\u0107 zwi\u0105zk\u00f3w jednop\u0142ciowych zosta\u0142y jasno wy\u0142o\u017cone przez Kongregacj\u0119 Nauki Wiary w lutym ubieg\u0142ego roku. Sw\u0105 decyzj\u0105 flamandzcy biskupi radykalnie si\u0119 temu sprzeciwiaj\u0105.<\/p>\n\n\n\n<p>&nbsp;&nbsp;&nbsp;&nbsp;&nbsp;&nbsp;&nbsp;&nbsp;&nbsp;Kard. Eijk zarzuca te\u017c biskupom z s\u0105siedniej Flandrii, \u017ce wprowadzaj\u0105 wiernych w b\u0142\u0105d. Cho\u0107 sami otwarcie nie twierdz\u0105, \u017ce relacje homoseksualne s\u0105 poprawne pod wzgl\u0119dem moralnym, to jednak sugeruj\u0105 to w zaproponowanych modlitwach i s\u0142uchaj\u0105cy ich wierni mog\u0105 doj\u015b\u0107 do takich wniosk\u00f3w. Niestosowne jest te\u017c powo\u0142ywanie si\u0119 w zaproponowanej przez nich liturgii na S\u0142owo Bo\u017ce, skoro Pismo \u015awi\u0119te w spos\u00f3b jednoznaczny i niezaprzeczalny uznaje relacje homoseksualne za grzech.<\/p>\n\n\n\n<p><em>Krzysztof Bronk &#8211; Watykan\/vaticannews.va<\/em><\/p>\n","protected":false},"excerpt":{"rendered":"<p>Prymas Holandii zaj\u0105\u0142 stanowisko w sprawie deklaracji flamandzkich biskup\u00f3w, kt\u00f3rzy przed tygodniem og\u0142osili deklaracj\u0119 zezwalaj\u0105c\u0105 na b\u0142ogos\u0142awienie par<\/p>\n","protected":false},"author":1,"featured_media":1649,"comment_status":"closed","ping_status":"closed","sticky":false,"template":"","format":"standard","meta":{"footnotes":""},"categories":[3,9],"tags":[],"class_list":["post-1648","post","type-post","status-publish","format-standard","has-post-thumbnail","hentry","category-religia","category-start"],"_links":{"self":[{"href":"https:\/\/kuriercodziennychicago.com\/index.php\/wp-json\/wp\/v2\/posts\/1648","targetHints":{"allow":["GET"]}}],"collection":[{"href":"https:\/\/kuriercodziennychicago.com\/index.php\/wp-json\/wp\/v2\/posts"}],"about":[{"href":"https:\/\/kuriercodziennychicago.com\/index.php\/wp-json\/wp\/v2\/types\/post"}],"author":[{"embeddable":true,"href":"https:\/\/kuriercodziennychicago.com\/index.php\/wp-json\/wp\/v2\/users\/1"}],"replies":[{"embeddable":true,"href":"https:\/\/kuriercodziennychicago.com\/index.php\/wp-json\/wp\/v2\/comments?post=1648"}],"version-history":[{"count":1,"href":"https:\/\/kuriercodziennychicago.com\/index.php\/wp-json\/wp\/v2\/posts\/1648\/revisions"}],"predecessor-version":[{"id":1650,"href":"https:\/\/kuriercodziennychicago.com\/index.php\/wp-json\/wp\/v2\/posts\/1648\/revisions\/1650"}],"wp:featuredmedia":[{"embeddable":true,"href":"https:\/\/kuriercodziennychicago.com\/index.php\/wp-json\/wp\/v2\/media\/1649"}],"wp:attachment":[{"href":"https:\/\/kuriercodziennychicago.com\/index.php\/wp-json\/wp\/v2\/media?parent=1648"}],"wp:term":[{"taxonomy":"category","embeddable":true,"href":"https:\/\/kuriercodziennychicago.com\/index.php\/wp-json\/wp\/v2\/categories?post=1648"},{"taxonomy":"post_tag","embeddable":true,"href":"https:\/\/kuriercodziennychicago.com\/index.php\/wp-json\/wp\/v2\/tags?post=1648"}],"curies":[{"name":"wp","href":"https:\/\/api.w.org\/{rel}","templated":true}]}}