{"id":1762,"date":"2022-10-12T20:34:13","date_gmt":"2022-10-12T18:34:13","guid":{"rendered":"https:\/\/kuriercodziennychicago.com\/?p=1762"},"modified":"2022-10-12T20:34:15","modified_gmt":"2022-10-12T18:34:15","slug":"aneksja-mobilizacja-i-kremlowska-wojna-permanentna","status":"publish","type":"post","link":"https:\/\/kuriercodziennychicago.com\/index.php\/2022\/10\/12\/aneksja-mobilizacja-i-kremlowska-wojna-permanentna\/","title":{"rendered":"Aneksja, mobilizacja i kremlowska wojna permanentna"},"content":{"rendered":"\n<p><strong>&#8211; Przeprowadzone pod koniec wrze\u015bnia referenda na okupowanych terenach, jak pod\u0105\u017caj\u0105ca za nimi aneksja wschodnich teren\u00f3w Ukrainy, nie maj\u0105 w my\u015bl prawa mi\u0119dzynarodowego \u017cadnego znaczenia, R\u00f3wnie\u017c nie nale\u017cy spodziewa\u0107 si\u0119, aby nawet najbli\u017csi sojusznicy Rosji (mo\u017ce poza Mi\u0144skiem) uznali owe nabytki Moskwy. Nie oznacza to jednak, \u017ce mo\u017cna wydarze\u0144 te kwitowa\u0107 wy\u0142\u0105cznie stworzeniem: farsa &#8211; pisze na \u0142amach portalu Jagiellonia dziennikarz i publicysta \u0141azarz Grajczy\u0144ski.<\/strong><\/p>\n\n\n\n<figure class=\"wp-block-image size-full\"><img decoding=\"async\" width=\"912\" height=\"513\" src=\"https:\/\/kuriercodziennychicago.com\/wp-content\/uploads\/2022\/10\/GettyImages-1240555277_lfqnji.jpg\" alt=\"\" class=\"wp-image-1763\" srcset=\"https:\/\/kuriercodziennychicago.com\/wp-content\/uploads\/2022\/10\/GettyImages-1240555277_lfqnji.jpg 912w, https:\/\/kuriercodziennychicago.com\/wp-content\/uploads\/2022\/10\/GettyImages-1240555277_lfqnji-300x169.jpg 300w, https:\/\/kuriercodziennychicago.com\/wp-content\/uploads\/2022\/10\/GettyImages-1240555277_lfqnji-768x432.jpg 768w, https:\/\/kuriercodziennychicago.com\/wp-content\/uploads\/2022\/10\/GettyImages-1240555277_lfqnji-370x208.jpg 370w\" sizes=\"(max-width: 912px) 100vw, 912px\" \/><\/figure>\n\n\n\n<p>S\u0105 dwie okre\u015blone konsekwencje podj\u0119tych obecnie decyzji. Pierwsza ma charakter propagandowy. Rosja w tym samym czasie og\u0142osi\u0142a tak mobilizacj\u0119 jak r\u00f3wnie\u017c zapocz\u0105tkowa\u0142a proces anektowania zaj\u0119tych teren\u00f3w. Aneksja, og\u0142oszona 30. wrze\u015bnia, pozwala Kremlowi zmieni\u0107 charakter wojny z \u201eoperacji\u201d w obron\u0119 zagro\u017conej ojczyzny, kt\u00f3rej cz\u0119\u015bci\u0105 sta\u0142 si\u0119 teraz Kerso\u0144 czy Donieck.<\/p>\n\n\n\n<p>Rosyjskie w\u0142adze musz\u0105, we w\u0142a\u015bciwy dla siebie spos\u00f3b, oddzia\u0142ywa\u0107 na rosyjskiej spo\u0142ecze\u0144stwo; jak te\u017c przed sob\u0105 samym usprawiedliwia\u0107 dalsze dzia\u0142ania, podboje i mobilizacj\u0119. Oczywi\u015bcie nie jeste\u015bmy wstanie okre\u015bli\u0107 jaki odsetek Rosjan faktycznie wierzy przekazowi pa\u0144stwowych (i tych kontrolowanych przez oligarch\u00f3w) medi\u00f3w. Autorytarny charakter systemu sprzyja dw\u00f3jmy\u015bleniu. Tak czy inaczej w propagandzie: aneksja usprawiedliwia mobilizacj\u0119, a mobilizacja usprawiedliwia aneksj\u0119.<\/p>\n\n\n\n<p>W momencie wch\u0142oni\u0119cia nowych teren\u00f3w Rosja daje te\u017c sygna\u0142, \u017ce podczas ewentualnych rozm\u00f3w pokojowych nie b\u0119dzie w og\u00f3le rozwa\u017ca\u0107 tematu zwrotu tych ziem. Skoro sta\u0142y si\u0119 one \u201erosyjskie\u201d i s\u0105 odt\u0105d cz\u0119\u015bci\u0105 Federacji to nie mo\u017ce by\u0107 mowy o ich oddaniu Ukrainie. Tym samym Kreml wyklucza zastosowanie wariantu naddniestrza\u0144skiego czy donbaskiego stosowanego wedle porozumie\u0144 mi\u0144skich. Warianty te zak\u0142ada\u0142y, \u017ce Rosja jest gotowa na oddanie zagarni\u0119tych (czy te\u017c kontrolowanych) przez siebie teren\u00f3w w zamian za daleko id\u0105cy wp\u0142yw w danym kraju. Tak przez lata kuszona by\u0142a Mo\u0142dawia. Z kolei w 2020 i 2021 r. Kreml stara\u0142 si\u0119 uzyska\u0107 zgod\u0119 na uznanie autonomii DRL i \u0141RL w ramach pa\u0144stwa ukrai\u0144skiego, dzi\u0119ki czemu separatystyczne regiony mia\u0142yby wr\u00f3ci\u0107 do Ukrainy, ale de facto podlega\u0107 Kijowowi w ograniczony spos\u00f3b.<\/p>\n\n\n\n<p>W momencie jednak gdy Rosja oficjalnie wch\u0142on\u0119\u0142a w tempie expressowym okupowane tereny to jasne si\u0119 staje, \u017ce Kreml nie mo\u017ce w przysz\u0142o\u015bci kwestionowa\u0107 ich \u201erosyjskiej\u201d przynale\u017cno\u015bci. Trudno tak\u017ce wyobra\u017ca\u0107 si\u0119, by na powa\u017cnie Moskwa s\u0105dzi\u0142a, \u017ce mo\u017ce, jako warunek zawarcia pokoju, za\u017c\u0105da\u0107 zrzeczenia si\u0119 przez Kij\u00f3w tak sporych teren\u00f3w na wschodzie. Takie warunki mo\u017cna postawi\u0107 tylko komu\u015b, kogo si\u0119 pokona\u0142o. Chyba, \u017ce Moskwa liczy, \u017ce najbli\u017csze miesi\u0105ce przynios\u0105 jej oczekiwane sukcesy militarne i za\u0142amanie Ukrainy.<\/p>\n\n\n\n<p>Ruch ten \u2013 aneksja i mobilizacja, mo\u017ce oznacza\u0107, ze na Kremlu panuje przekonanie, \u017ce w najbli\u017cszym czasie dojdzie do ca\u0142ej serii pozytywnych zbieg\u00f3w okoliczno\u015bci: mobilizacja przebiegnie g\u0142adko, rosyjski \u017co\u0142nierz b\u0119dzie si\u0119 bi\u0142 dzielnie, Zach\u00f3d skapituluje a rosyjska armia znowu podej\u015bcie pod Kij\u00f3w. Czy jest to jednak mo\u017cliwe, aby na Kremlu elity rosyjskie by\u0142y tak bardzo oderwane od rzeczywisto\u015bci?<\/p>\n\n\n\n<p>Skoro ani jedno ani drugie na razie nie jest mo\u017cliwe: ani mia\u017cd\u017c\u0105ce zwyci\u0119stwo Rosji ani podj\u0119cie rozm\u00f3w pokojowych na warunkach dyktowanych przez Rosj\u0119, to trzeba szuka\u0107 innego wyt\u0142umaczenia. Skoro Kreml nie mo\u017ce liczy\u0107 na zwyci\u0119stwo totalne w najbli\u017cszych miesi\u0105cach to musi nastawia\u0107 si\u0119 na konflikt wieloletni, mog\u0105cy mie\u0107 ro\u017cne, zmienne fazy. Rosja anektuj\u0105c okupowane tereny Ukrainy sama niejako zamyka sobie drog\u0119 do rozm\u00f3w pokojowych. Czyni to jednak \u015bwiadomie. Kreml postanowi\u0142 ju\u017c teraz rozwi\u0105za\u0107 spraw\u0119 politycznie, bo nie chce pope\u0142ni\u0107 \u201eb\u0142\u0119du\u201d jaki zrobi\u0142 w przypadku Abchazji i Osetii Po\u0142udniowej, gdy nie podj\u0119to w latach 90. \u201enale\u017cytych\u201d krok\u00f3w.<\/p>\n\n\n\n<p>Dalej jednak trzeba poszuka\u0107 wyja\u015bnienia dzia\u0142a\u0144 podejmowanych przez Rosj\u0119. Wielu analityk\u00f3w m\u00f3wi o metodzie eskalacyjnej, cho\u0107 ta ma sens o tyle, o ile proces eskalacji si\u0119 kontroluje, co w obecnym przypadku jest w\u0105tpliwe. Rosja sama zamyka sobie drogi odwrotu. Je\u015bli uzna\u0107, \u017ce jej geopolitycznym celem by\u0142a szeroko poj\u0119ta kontrola nad pasem ziemi mi\u0119dzy Ba\u0142tykiem a Morzem Czarnym, to wydarzeniach ostatnich 6 miesi\u0119cy prowadz\u0105 do znacznego zaniku wp\u0142yw\u00f3w Moskwy na tym terenie.<\/p>\n\n\n\n<p>Zanalizujmy cho\u0107by mentalno\u015b\u0107 rosyjskiego \u017co\u0142nierza, kt\u00f3ry okaza\u0142 si\u0119 by\u0107 cz\u0142owiekiem gotowym do najokrutniejszych czyn\u00f3w. Jego okrucie\u0144stwo nie jest jednak przypadkowe, lecz zaprogramowane, oczekiwane przez Kreml. Bucza i inne miejsca ka\u017ani nie s\u0105 b\u0142\u0119dami i konsekwencjami zaniedba\u0144, braku kontroli nad rozbestwion\u0105 t\u0142uszcz\u0105, tylko s\u0105 efektem odg\u00f3rnych decyzji i antyukrai\u0144skiej propagandy. Rosyjski \u017co\u0142nierz jest uczony nienawi\u015bci. Bucza ma dzieli\u0107 Ukrai\u0144c\u00f3w i Rosjan, i nie pozwala\u0107 na ewentualne zjednanie si\u0119 tych narod\u00f3w w przysz\u0142o\u015bci. Rosja d\u0105\u017cy do wyeliminowania Ukrainy. W przekazie medialnym rosyjska propaganda sama nakr\u0119ca si\u0119 wizj\u0105 zniszczenia ukrai\u0144skiego narodu. Jak niby Rosja ma kontrolowa\u0107 wspomniany pas ziemi, skoro w jego obr\u0119bie istnieje pa\u0144stwo, kt\u00f3re odt\u0105d b\u0119dzie trwale wrogie Moskwie?<\/p>\n\n\n\n<p>Ta propaganda i stoj\u0105ca za ni\u0105 polityka \u015bwiadcz\u0105, \u017ce Rosja nie ma zamiaru podejmowa\u0107 polityki ugody z Zachodem. Przeciwnie, \u017ce Kreml nastawia si\u0119 na ci\u0105g\u0142e wzmacnianie agresji i polityk\u0119 sta\u0142ej konfrontacji z Zachodem. Wydaje si\u0119 niemo\u017cliwe, by na Kremlu tak b\u0142\u0119dnie odczytywano zar\u00f3wno pozycj\u0119 Rosji jak i postaw\u0119 Zachodu. Od lat 90. Zach\u00f3d nie czynni ni\u0107 innego jak stale pr\u00f3buje ob\u0142askawi\u0107 Rosj\u0119, zyska\u0107 jej sympati\u0119; przymila si\u0119, g\u0142aszcze. Narracja o \u201eagresji Zachodu\u201d przeciw Rosji, niestety powtarzana przez wiele o\u015brodk\u00f3w medialnych w Europie i USA (np. ostatnio przez Roda Drehera, znanego ameryka\u0144skiego konserwatyst\u0119), to wykwit politycznej fantazji. Gdyby Kreml ograniczy\u0142 si\u0119 do korupcji i dyplomacji mo\u017ce ju\u017c dzi\u015b wojska rosyjskie stacjonowa\u0142yby we Lwowie jako jednostki sojusznicze zaprzyja\u017anionej z nim (czyt. uzale\u017cnionej) Ukrainy.<\/p>\n\n\n\n<p>Konfrontacja z Zachodem nie ma wi\u0119c geopolitycznego sensu. Mo\u017ce mie\u0107 jednak sens dla elity rz\u0105dz\u0105cej, kt\u00f3ra nie mog\u0105c realnie poprawi\u0107 losu zwyk\u0142ych Rosjan, bez naruszenia swojego monopolu, uzna\u0142a, \u017ce wej\u015bcie w stan permanentnej wojny mo\u017ce by\u0107 dla niej jakim\u015b sposobem na przetrwanie. Ale jest jednak jedno pa\u0144stwo, kt\u00f3remu bardzo zale\u017cy, aby Rosja by\u0142a w stanie konfliktu z Zachodem, aby ignorowa\u0142a swoje interesy w Azji Centralnej. To Chiny, kt\u00f3re same od przej\u0119cia steru przez Xi Jinpinga przyj\u0119\u0142y postaw\u0119 konfrontacji z USA i Europ\u0105. Chiny, kt\u00f3rych cel, wbrew mniemaniom, nie maj\u0105 wy\u0142\u0105cznie sensu ekonomicznego i nie s\u0105 politycznie neutralne. Rosja, mog\u0105ca nawet by\u0107 konkurencj\u0105 dla Pekinu w pewnych sferach, dzi\u0119ki tej wojnie stanie si\u0119 krajem w du\u017cym stopniu zale\u017cnym od Chin. Wi\u0119c obecne dzia\u0142anie Kremla ma sens, gdy przyj\u0105\u0107, \u017ce za dzia\u0142aniami Moskwy stoi Pekin.<\/p>\n\n\n\n<p>\u0141azarz Grajczy\u0144ski<\/p>\n\n\n\n<p><a href=\"https:\/\/jagiellonia.org\/aneksja-mobilizacja-i-kremlowska-wojna-permanentna\" target=\"_blank\" rel=\"noreferrer noopener\">Jagiellonia.org<\/a><\/p>\n\n\n\n<h1 class=\"wp-block-heading\">&nbsp;<\/h1>\n\n\n\n<h1 class=\"wp-block-heading\">&nbsp;<\/h1>\n","protected":false},"excerpt":{"rendered":"<p>&#8211; Przeprowadzone pod koniec wrze\u015bnia referenda na okupowanych terenach, jak pod\u0105\u017caj\u0105ca za nimi aneksja wschodnich teren\u00f3w Ukrainy, nie<\/p>\n","protected":false},"author":1,"featured_media":1763,"comment_status":"closed","ping_status":"closed","sticky":false,"template":"","format":"standard","meta":{"footnotes":""},"categories":[2,9],"tags":[],"class_list":["post-1762","post","type-post","status-publish","format-standard","has-post-thumbnail","hentry","category-polityka","category-start"],"_links":{"self":[{"href":"https:\/\/kuriercodziennychicago.com\/index.php\/wp-json\/wp\/v2\/posts\/1762","targetHints":{"allow":["GET"]}}],"collection":[{"href":"https:\/\/kuriercodziennychicago.com\/index.php\/wp-json\/wp\/v2\/posts"}],"about":[{"href":"https:\/\/kuriercodziennychicago.com\/index.php\/wp-json\/wp\/v2\/types\/post"}],"author":[{"embeddable":true,"href":"https:\/\/kuriercodziennychicago.com\/index.php\/wp-json\/wp\/v2\/users\/1"}],"replies":[{"embeddable":true,"href":"https:\/\/kuriercodziennychicago.com\/index.php\/wp-json\/wp\/v2\/comments?post=1762"}],"version-history":[{"count":1,"href":"https:\/\/kuriercodziennychicago.com\/index.php\/wp-json\/wp\/v2\/posts\/1762\/revisions"}],"predecessor-version":[{"id":1764,"href":"https:\/\/kuriercodziennychicago.com\/index.php\/wp-json\/wp\/v2\/posts\/1762\/revisions\/1764"}],"wp:featuredmedia":[{"embeddable":true,"href":"https:\/\/kuriercodziennychicago.com\/index.php\/wp-json\/wp\/v2\/media\/1763"}],"wp:attachment":[{"href":"https:\/\/kuriercodziennychicago.com\/index.php\/wp-json\/wp\/v2\/media?parent=1762"}],"wp:term":[{"taxonomy":"category","embeddable":true,"href":"https:\/\/kuriercodziennychicago.com\/index.php\/wp-json\/wp\/v2\/categories?post=1762"},{"taxonomy":"post_tag","embeddable":true,"href":"https:\/\/kuriercodziennychicago.com\/index.php\/wp-json\/wp\/v2\/tags?post=1762"}],"curies":[{"name":"wp","href":"https:\/\/api.w.org\/{rel}","templated":true}]}}