{"id":1909,"date":"2022-10-30T21:45:33","date_gmt":"2022-10-30T20:45:33","guid":{"rendered":"https:\/\/kuriercodziennychicago.com\/?p=1909"},"modified":"2022-10-30T21:45:34","modified_gmt":"2022-10-30T20:45:34","slug":"czy-warto-skryc-sie-pod-niemiecka-tarcza","status":"publish","type":"post","link":"https:\/\/kuriercodziennychicago.com\/index.php\/2022\/10\/30\/czy-warto-skryc-sie-pod-niemiecka-tarcza\/","title":{"rendered":"Czy warto skry\u0107 si\u0119 pod&nbsp;niemieck\u0105 tarcz\u0105"},"content":{"rendered":"<div class=\"wp-block-image\">\n<figure class=\"alignleft size-full\"><img decoding=\"async\" src=\"https:\/\/kuriercodziennychicago.com\/wp-content\/uploads\/2022\/05\/Tomasz-Teluk.jpg\" alt=\"\" class=\"wp-image-43\"\/><\/figure>\n<\/div>\n\n\n<figure class=\"wp-block-pullquote\"><blockquote><p><strong>Tomasz\u00a0 Teluk <\/strong><\/p><p><em>Autor jest za\u0142o\u017cycielem i\u00a0dyrektorem Instytutu Globalizacji (www.globalizacja.org).<\/em><\/p><\/blockquote><\/figure>\n\n\n\n<p>Rz\u0105d w&nbsp;Berlinie pr\u00f3buje odgrywa\u0107 rol\u0119 lidera Europy na wszelkich mo\u017cliwych polach. Najnowsza jego inicjatywa dotyczy dziedziny obronno\u015bci. Niemcy bowiem wpadli na pomys\u0142 stworzenia paneuropejskiej tarczy antyrakietowej. Polska prawdopodobnie nie we\u017amie udzia\u0142u w&nbsp;tym projekcie. Zwa\u017cywszy na to, w&nbsp;jakim stanie jest Bundeswehra, powierzanie si\u0119 pod opiek\u0119 Berlinowi jest samob\u00f3jstwem.<\/p>\n\n\n\n<p>Gabinet Olafa Scholza od miesi\u0119cy promuje fa\u0142szyw\u0105 narracj\u0119, \u017ce Niemcy s\u0105 krajem, kt\u00f3ry nale\u017cy do lider\u00f3w pomocy wojskowej przekazywanej Ukrainie. Fakty s\u0105 jednak ca\u0142kiem inne. Dotychczas niemieckie firmy zbrojeniowe pomaga\u0142y ochoczo, ale Rosji. Natomiast rz\u0105d w&nbsp;Berlinie nie tylko blokuje przekazywanie ci\u0119\u017ckiego uzbrojenia Kijowowi, ale jego pomoc jest symboliczna w&nbsp;stosunku do mo\u017cliwo\u015bci.&nbsp;<\/p>\n\n\n\n<h3 class=\"wp-block-heading\"><strong>PR kontra rzeczywisto\u015b\u0107<\/strong><\/h3>\n\n\n\n<p>\u201eUkraina potrzebuje wi\u0119cej broni. Ale czas, aby r\u00f3wnie\u017c w&nbsp;Polsce dostrze\u017cono, \u017ce Niemcy s\u0105 w&nbsp;UE \u2013&nbsp;obok Polski \u2013 najwi\u0119kszym wsparciem Ukrainy. Gospodarczo, humanitarnie, ale tak\u017ce militarnie\u201d \u2013 napisa\u0142 na&nbsp;Twitterze ambasador Niemiec w&nbsp;Warszawie Thomas Bagger. Jednak oficjalne dane m\u00f3wi\u0105 co innego. Je\u015bli por\u00f3wna\u0107 skal\u0119 pomocy dla Ukrainy, to szczodrobliwo\u015b\u0107 naszego kraju jest prawie trzykrotnie wi\u0119ksza ni\u017c niemiecka. Jeszcze gorzej wygl\u0105da dla Berlina jego hojno\u015b\u0107, je\u015bli zestawimy j\u0105 z&nbsp;PKB danego pa\u0144stwa. Tutaj Niemcy nie maj\u0105 si\u0119 czym pochwali\u0107, a&nbsp;wyprzedzaj\u0105 je nie tylko Polska, ale przede wszystkim ma\u0142e pa\u0144stwa, takie jak kraje ba\u0142tyckie, Czechy czy S\u0142owacja.&nbsp;<\/p>\n\n\n<div class=\"wp-block-image\">\n<figure class=\"aligncenter size-full\"><img decoding=\"async\" width=\"620\" height=\"400\" src=\"https:\/\/kuriercodziennychicago.com\/wp-content\/uploads\/2022\/10\/hith-brandenburg-gate-2.jpg\" alt=\"\" class=\"wp-image-1910\" srcset=\"https:\/\/kuriercodziennychicago.com\/wp-content\/uploads\/2022\/10\/hith-brandenburg-gate-2.jpg 620w, https:\/\/kuriercodziennychicago.com\/wp-content\/uploads\/2022\/10\/hith-brandenburg-gate-2-300x194.jpg 300w, https:\/\/kuriercodziennychicago.com\/wp-content\/uploads\/2022\/10\/hith-brandenburg-gate-2-549x354.jpg 549w, https:\/\/kuriercodziennychicago.com\/wp-content\/uploads\/2022\/10\/hith-brandenburg-gate-2-434x280.jpg 434w, https:\/\/kuriercodziennychicago.com\/wp-content\/uploads\/2022\/10\/hith-brandenburg-gate-2-233x150.jpg 233w, https:\/\/kuriercodziennychicago.com\/wp-content\/uploads\/2022\/10\/hith-brandenburg-gate-2-230x148.jpg 230w, https:\/\/kuriercodziennychicago.com\/wp-content\/uploads\/2022\/10\/hith-brandenburg-gate-2-360x232.jpg 360w, https:\/\/kuriercodziennychicago.com\/wp-content\/uploads\/2022\/10\/hith-brandenburg-gate-2-100x65.jpg 100w\" sizes=\"(max-width: 620px) 100vw, 620px\" \/><\/figure>\n<\/div>\n\n\n<p>Okazuje si\u0119, \u017ce opr\u00f3cz Ukrai\u0144c\u00f3w pretensje do Berlina maj\u0105 tak\u017ce Litwini. Minister spraw zagranicznych Litwy Gabrielius Landsbergis oraz inni politycy litewscy twierdz\u0105, \u017ce zostali wprowadzeni w&nbsp;b\u0142\u0105d przez stron\u0119 niemieck\u0105, kt\u00f3ra obieca\u0142a im zwi\u0119kszenie obecno\u015bci militarnej oddzia\u0142\u00f3w Bundeswehry w&nbsp;ich kraju. Minister obrony Niemiec Christine Lambrecht podczas wizyty na Litwie o\u015bwiadczy\u0142a, \u017ce si\u0142y Bundeswehry zjawi\u0105 si\u0119 na zagro\u017conym terytorium wschodniej flanki NATO w&nbsp;terminie 10 dni. Deklaracja Niemiec wprawi\u0142a w&nbsp;os\u0142upienie litewskich polityk\u00f3w. \u2013 To nie jest porozumienie, kt\u00f3re mamy. Niemcy potwierdzili, \u017ce owszem, pojawi\u0105 si\u0119 w&nbsp;razie zagro\u017cenia. Umowa w&nbsp;kszta\u0142cie podpisanym przez prezydenta Gitanasa Naus\u0117d\u0119 i&nbsp;kanclerza Olafa Scholza dotyczy brygady gotowej do walki na Litwie. Rz\u0105d ma jasne ustalenia dotycz\u0105ce przyj\u0119cia brygady, a&nbsp;okazuje si\u0119, \u017ce b\u0119dzie musia\u0142 teraz wys\u0142a\u0107 zaproszenie dla Niemc\u00f3w, by ustali\u0107, czy termin ich przybycia b\u0119dzie dla nich odpowiedni \u2013 o\u015bwiadczy\u0142 Gabrielius Landsbergis.<\/p>\n\n\n\n<p>Wed\u0142ug Litwin\u00f3w zgodnie z&nbsp;ustaleniami ostatniego szczytu NATO w&nbsp;Madrycie wschodnia flanka mia\u0142a by\u0107 wzmocniona sta\u0142\u0105 obecno\u015bci\u0105 wojsk sojuszniczych. Potwierdzi\u0142 to minister obrony narodowej tego kraju Arvydas Anu\u0161auskas podczas wyst\u0105pienia w&nbsp;litewskim parlamencie. Tego typu rozwi\u0105zanie, jakie proponuj\u0105 Niemcy, jest dla Litwin\u00f3w jedynie modelem przej\u015bciowym wsp\u00f3\u0142pracy. Zw\u0142aszcza \u017ce Litwini zaoferowali Niemcom budow\u0119 niezb\u0119dnej infrastruktury w&nbsp;ci\u0105gu najbli\u017cszych dw\u00f3ch, trzech lat, aby m\u00f3c zakwaterowa\u0107 u&nbsp;siebie do 15 tys. \u017co\u0142nierzy wraz z&nbsp;niezb\u0119dnym wyposa\u017ceniem. Inwestycja ma poch\u0142on\u0105\u0107 ok. 350 mln euro.&nbsp;<\/p>\n\n\n\n<h3 class=\"wp-block-heading\"><strong>Plany, plany, plany<\/strong><\/h3>\n\n\n\n<p>Teraz Niemcy chc\u0105 by\u0107 liderem obronno\u015bci w&nbsp;Unii Europejskiej, ale zwa\u017cywszy na to, w&nbsp;jakim stanie jest Bundeswehra, powierzanie si\u0119 pod opiek\u0119 Berlinowi jest samob\u00f3jstwem. Okazuje si\u0119, \u017ce Niemcy, jeden z&nbsp;czo\u0142owych eksporter\u00f3w broni na \u015bwiecie, nie przekazuj\u0105 swojego uzbrojenia Ukrai\u0144com, bo same posiadaj\u0105 go niewiele. Wed\u0142ug magazynu \u201eFocus\u201d w&nbsp;obecnym stanie amunicji wystarczy\u0142oby Niemcom na g\u00f3ra dwa dni walki. Wed\u0142ug Evy Hoegl, komisarz ds. obronno\u015bci w&nbsp;Bundestagu, aby uzupe\u0142ni\u0107 zapasy amunicji do wymaganych poziom\u00f3w przez NATO, Berlin musi wyda\u0107 30&nbsp;mld euro do 2030 r.&nbsp;<\/p>\n\n\n\n<p>Wr\u00f3\u0107my jednak do plan\u00f3w budowy europejskiej tarczy antyrakietowej. Minister obrony Christine Lambrecht na spotkaniu NATO w&nbsp;Brukseli zaprezentowa\u0142a projekt budowy europejskiego systemu obrony European Sky Shield. W&nbsp;po\u0142owie pa\u017adziernika zosta\u0142a podpisana wst\u0119pna deklaracja w&nbsp;tej sprawie. Tarcza mia\u0142aby powsta\u0107 albo na bazie niemieckiego systemu Iris-T, albo ameryka\u0144skiego Patriot, lub ameryka\u0144sko-izraelskiego Arrow&nbsp;3. Decyzje s\u0105 na razie w&nbsp;powijakach.&nbsp;<\/p>\n\n\n\n<p>Wst\u0119pnie do programu chcia\u0142yby przyst\u0105pi\u0107, opr\u00f3cz Niemiec, Wielka Brytania, Norwegia, S\u0142owacja, \u0141otwa, W\u0119gry, Litwa, Bu\u0142garia, Belgia, Holandia, Rumunia, Finlandia, Czechy i&nbsp;S\u0142owenia. Niemieccy dyplomaci naciskaj\u0105 tak\u017ce na inne kraje \u2013 Estoni\u0119 czy Hiszpani\u0119. Europejskie pa\u0144stwa licz\u0105, \u017ce wsp\u00f3lne inwestycje b\u0119d\u0105 ta\u0144sze. Podejmowanie takich dzia\u0142a\u0144 jest konieczne wraz ze wzrostem zagro\u017cenia ze strony Rosji.&nbsp;<\/p>\n\n\n\n<p>We wrze\u015bniu strona izraelska zapewnia\u0142a Niemcy, \u017ce pomo\u017ce w&nbsp;budowie systemu przeciwrakietowego na bazie Arrow 3. Jednak by\u0107 mo\u017ce jest to tylko deklaracja polityczna. Zgod\u0119 musieliby wyrazi\u0107 tak\u017ce Amerykanie, kt\u00f3rzy do tej pory maj\u0105 bardzo krytyczny stosunek do roli Niemiec w&nbsp;rozwi\u0105zywaniu konfliktu na Ukrainie.&nbsp;<\/p>\n\n\n\n<h3 class=\"wp-block-heading\"><strong>Jedni marz\u0105, inni maj\u0105<\/strong><\/h3>\n\n\n\n<p>To, o&nbsp;czym marzy Berlin, staje si\u0119 rzeczywisto\u015bci\u0105 Warszawy. Polska posiada ju\u017c i&nbsp;b\u0119dzie rozwija\u0142a jeden z&nbsp;najbardziej nowoczesnych system\u00f3w obrony powietrznej na \u015bwiecie. Dlatego przyst\u0105pienie do programu pod auspicjami Olafa Scholza jest ma\u0142o prawdopodobne. Do naszego kraju trafi\u0142y ju\u017c kolejne dwa zestawy wyrzutni Patriot, kt\u00f3re stanowi\u0105 jeden z&nbsp;element\u00f3w systemu obrony przeciwrakietowej. Kolejne sze\u015b\u0107 baterii b\u0119dzie w&nbsp;naszym kraju za cztery, pi\u0119\u0107 lat. Patrioty odpowiadaj\u0105 za obron\u0119 przed rakietami \u015bredniego zasi\u0119gu. Wraz z&nbsp;systemem IBCS s\u0105 g\u0142\u00f3wnym elementem polskiej tarczy. Polska b\u0119dzie wi\u0119c posiada\u0142a drugi, po ameryka\u0144skim, najnowocze\u015bniejszy system tarczy antyrakietowej na \u015bwiecie. System IBCS sk\u0142ada si\u0119 z&nbsp;sze\u015bciu warstw obrony. Od warstwy broni\u0105cej terytorium przed rakietami niskiego zasi\u0119gu czy dronami po pociski d\u0142ugodystansowe. Osi\u0105gni\u0119cie pe\u0142nej operacyjno\u015bci pierwszego systemu planowane jest na przysz\u0142y rok.&nbsp;<\/p>\n\n\n\n<p>Z&nbsp;kolei za obron\u0119 naszego nieba na kr\u00f3tszych dystansach odpowiadaj\u0105 programy \u201eWis\u0142a\u201d i&nbsp;\u201eNarew\u201d. W&nbsp;pa\u017adzierniku nowy sprz\u0119t wyposa\u017cony w&nbsp;brytyjskie rakiety CAMM trafi\u0142 do 18 Pu\u0142ku Przeciwlotniczego z&nbsp;Zamo\u015bcia. W&nbsp;2023 r. kolejny zestaw pozyska dywizjon z&nbsp;Elbl\u0105ga wchodz\u0105cy w&nbsp;sk\u0142ad 15&nbsp;Go\u0142dapskiego Pu\u0142ku Przeciwlotniczego. System \u201eNarew\u201d sk\u0142ada si\u0119 co prawda z&nbsp;brytyjskich rakiet, ale radary s\u0105 rodzimej produkcji. Zwalcza pociski manewruj\u0105ce i&nbsp;drony na dystansie do 25 km.&nbsp;<\/p>\n\n\n\n<p>Program \u201eWis\u0142a\u201d b\u0119dzie natomiast odpowiada\u0142 za zestawy rakietowe \u015bredniego i&nbsp;dalekiego zasi\u0119gu. Ruszy\u0142a ju\u017c integracja poszczeg\u00f3lnych element\u00f3w. System powstaje na bazie technologii polskiej i&nbsp;ameryka\u0144skiej. Sprawdzane s\u0105 radary, elektrownie polowe, wyrzutnie, pociski, sprz\u0119t kryptograficzny, logistyczny i&nbsp;stanowiska dowodzenia.&nbsp;<\/p>\n\n\n\n<p>Tak wi\u0119c to, o&nbsp;czym marz\u0105 Niemcy oraz inne kraje, Polska ma ju\u017c na uko\u0144czeniu. Nasz kraj b\u0119dzie korzysta\u0142 z&nbsp;najnowszego sytemu dowodzenia, kt\u00f3ry dopiero co wdro\u017cyli Amerykanie. Nasza kooperacja z&nbsp;partnerami z&nbsp;USA i&nbsp;Wielkiej Brytanii jest na tyle zaawansowana, \u017ce ju\u017c teraz osi\u0105gn\u0119li\u015bmy status lidera w&nbsp;regionie. W&nbsp;przysz\u0142o\u015bci b\u0119dziemy nawet posiada\u0107 zdolno\u015bci produkcyjne, z&nbsp;kt\u00f3rych b\u0119d\u0105 mogli skorzysta\u0107 zwolennicy europejskiej tarczy antyrakietowej.&nbsp;<\/p>\n\n\n\n<p>Nasz kraj stanie si\u0119 tak\u017ce liderem wojsk rakietowych. Ministerstwo Obrony poinformowa\u0142o w\u0142a\u015bnie o&nbsp;weryfikacji zakup\u00f3w tego rodzaju sprz\u0119tu. Pocz\u0105tkowo my\u015bleli\u015bmy o&nbsp;zakupie a\u017c 500 zestaw\u00f3w himars\u00f3w. Jednak popyt na te zestawy znacznie przewy\u017csza\u0142 mo\u017cliwo\u015bci produkcyjne koncernu \u00adLockheed Martin oraz zg\u0142aszany popyt przez kraje trzecie. Dlatego od USA zakupimy nie wi\u0119cej ni\u017c 200 wyrzutni. Natomiast kolejne 300 to b\u0119d\u0105 prawdopodobnie korea\u0144skie wyrzutnie K239 Chunmoo. Zestawy mog\u0142yby zosta\u0107 zamontowane na rodzimych ci\u0119\u017car\u00f3wkach firmy Jelcz, wi\u0119c wchodzi\u0142by te\u017c w&nbsp;gr\u0119 cz\u0119\u015bciowy transfer technologii, co stanowi\u0142oby dodatkow\u0105 korzy\u015b\u0107 dla naszego kraju.&nbsp;<\/p>\n","protected":false},"excerpt":{"rendered":"<p>Tomasz\u00a0 Teluk Autor jest za\u0142o\u017cycielem i\u00a0dyrektorem Instytutu Globalizacji (www.globalizacja.org). Rz\u0105d w&nbsp;Berlinie pr\u00f3buje odgrywa\u0107 rol\u0119 lidera Europy na wszelkich<\/p>\n","protected":false},"author":1,"featured_media":1910,"comment_status":"closed","ping_status":"closed","sticky":false,"template":"","format":"standard","meta":{"footnotes":""},"categories":[2,9],"tags":[],"class_list":["post-1909","post","type-post","status-publish","format-standard","has-post-thumbnail","hentry","category-polityka","category-start"],"_links":{"self":[{"href":"https:\/\/kuriercodziennychicago.com\/index.php\/wp-json\/wp\/v2\/posts\/1909","targetHints":{"allow":["GET"]}}],"collection":[{"href":"https:\/\/kuriercodziennychicago.com\/index.php\/wp-json\/wp\/v2\/posts"}],"about":[{"href":"https:\/\/kuriercodziennychicago.com\/index.php\/wp-json\/wp\/v2\/types\/post"}],"author":[{"embeddable":true,"href":"https:\/\/kuriercodziennychicago.com\/index.php\/wp-json\/wp\/v2\/users\/1"}],"replies":[{"embeddable":true,"href":"https:\/\/kuriercodziennychicago.com\/index.php\/wp-json\/wp\/v2\/comments?post=1909"}],"version-history":[{"count":1,"href":"https:\/\/kuriercodziennychicago.com\/index.php\/wp-json\/wp\/v2\/posts\/1909\/revisions"}],"predecessor-version":[{"id":1911,"href":"https:\/\/kuriercodziennychicago.com\/index.php\/wp-json\/wp\/v2\/posts\/1909\/revisions\/1911"}],"wp:featuredmedia":[{"embeddable":true,"href":"https:\/\/kuriercodziennychicago.com\/index.php\/wp-json\/wp\/v2\/media\/1910"}],"wp:attachment":[{"href":"https:\/\/kuriercodziennychicago.com\/index.php\/wp-json\/wp\/v2\/media?parent=1909"}],"wp:term":[{"taxonomy":"category","embeddable":true,"href":"https:\/\/kuriercodziennychicago.com\/index.php\/wp-json\/wp\/v2\/categories?post=1909"},{"taxonomy":"post_tag","embeddable":true,"href":"https:\/\/kuriercodziennychicago.com\/index.php\/wp-json\/wp\/v2\/tags?post=1909"}],"curies":[{"name":"wp","href":"https:\/\/api.w.org\/{rel}","templated":true}]}}