{"id":1933,"date":"2022-10-30T21:57:35","date_gmt":"2022-10-30T20:57:35","guid":{"rendered":"https:\/\/kuriercodziennychicago.com\/?p=1933"},"modified":"2022-10-30T21:57:36","modified_gmt":"2022-10-30T20:57:36","slug":"jak-sie-robi-polityke-w-strasburgu","status":"publish","type":"post","link":"https:\/\/kuriercodziennychicago.com\/index.php\/2022\/10\/30\/jak-sie-robi-polityke-w-strasburgu\/","title":{"rendered":"Jak si\u0119 robi\u2026 polityk\u0119 w Strasburgu"},"content":{"rendered":"<div class=\"wp-block-image is-style-rounded\">\n<figure class=\"alignleft size-full is-resized\"><img decoding=\"async\" src=\"https:\/\/kuriercodziennychicago.com\/wp-content\/uploads\/2022\/05\/czarnecki-ryszard.jpg\" alt=\"\" class=\"wp-image-39\" width=\"128\" height=\"96\"\/><\/figure>\n<\/div>\n\n\n<h3 class=\"wp-block-heading\">Ryszard Czarnecki<\/h3>\n\n\n\n<p>Kiedy\u015b Bismarck powiedzia\u0142, \u017ce obywatele nie powinni wiedzie\u0107, jak si\u0119 robi dwie rzeczy \u2013 kie\u0142bas\u0119 i polityk\u0119. By\u0142a to sugestia, \u017ce polityka to rzecz brudna i lepiej, aby jej kulis zwykli ludzie nie znali. Nie zgadzam si\u0119 z tym, m.in. dlatego \u017ce \u017cyjemy w XXI w. i obywatele maj\u0105 du\u017co lepszy dost\u0119p do r\u00f3\u017cnych \u017ar\u00f3de\u0142 informacji. Zreszt\u0105 policy-making jest cz\u0119sto procesem znacznie mniej krwawym, ni\u017c si\u0119 wydaje. Proponuj\u0119 dzisiaj wycieczk\u0119 za kulisy polityki mi\u0119dzynarodowej. Przyk\u0142adem niech b\u0119dzie ostatnia, niespodziewana dla wielu obserwator\u00f3w debata w Parlamencie Europejskim w Strasburgu na temat uznania Federacji Rosyjskiej za pa\u0144stwo sponsoruj\u0105ce terroryzm.<\/p>\n\n\n\n<p>Jeszcze cztery dni przed rozpocz\u0119ciem ostatniej w pa\u017adzierniku sesji PE kluczowa dla europarlamentu struktura, czyli Konferencja Przewodnicz\u0105cych, odrzuci\u0142a tak\u0105 w\u0142a\u015bnie propozycj\u0119, przedstawion\u0105 przez przewodnicz\u0105cego grupy politycznej Europejskich Konserwatyst\u00f3w i Reformator\u00f3w prof. Ryszarda Legutk\u0119 (PiS).<\/p>\n\n\n\n<figure class=\"wp-block-image size-full\"><img decoding=\"async\" width=\"1024\" height=\"683\" src=\"https:\/\/kuriercodziennychicago.com\/wp-content\/uploads\/2022\/10\/49517029202_26e671f248_b.jpg\" alt=\"\" class=\"wp-image-1934\" srcset=\"https:\/\/kuriercodziennychicago.com\/wp-content\/uploads\/2022\/10\/49517029202_26e671f248_b.jpg 1024w, https:\/\/kuriercodziennychicago.com\/wp-content\/uploads\/2022\/10\/49517029202_26e671f248_b-300x200.jpg 300w, https:\/\/kuriercodziennychicago.com\/wp-content\/uploads\/2022\/10\/49517029202_26e671f248_b-768x512.jpg 768w, https:\/\/kuriercodziennychicago.com\/wp-content\/uploads\/2022\/10\/49517029202_26e671f248_b-549x366.jpg 549w, https:\/\/kuriercodziennychicago.com\/wp-content\/uploads\/2022\/10\/49517029202_26e671f248_b-420x280.jpg 420w, https:\/\/kuriercodziennychicago.com\/wp-content\/uploads\/2022\/10\/49517029202_26e671f248_b-233x155.jpg 233w, https:\/\/kuriercodziennychicago.com\/wp-content\/uploads\/2022\/10\/49517029202_26e671f248_b-230x153.jpg 230w, https:\/\/kuriercodziennychicago.com\/wp-content\/uploads\/2022\/10\/49517029202_26e671f248_b-358x239.jpg 358w, https:\/\/kuriercodziennychicago.com\/wp-content\/uploads\/2022\/10\/49517029202_26e671f248_b-100x67.jpg 100w, https:\/\/kuriercodziennychicago.com\/wp-content\/uploads\/2022\/10\/49517029202_26e671f248_b-360x240.jpg 360w\" sizes=\"(max-width: 1024px) 100vw, 1024px\" \/><\/figure>\n\n\n\n<p>Napisa\u0142em: \u201eprzewodnicz\u0105cy\u201d, a nie \u201ewsp\u00f3\u0142przewodnicz\u0105cy\u201d, bo dotychczasowy drugi wsp\u00f3\u0142przewodnicz\u0105cy W\u0142och Raffaele Fitto zosta\u0142 wybrany do Camera dei Deputati, czyli izby ni\u017cszej w\u0142oskiego parlamentu, i z\u0142o\u017cy\u0142 mandat europos\u0142a (sk\u0105din\u0105d wed\u0142ug wszelkich znak\u00f3w na ziemi i politycznym niebie zostanie ministrem ds. europejskich w rz\u0105dzie pierwszej kobiety premiera Italii Giorgi Meloni). Stanowisko wsp\u00f3\u0142przewodnicz\u0105cego EKR ze strony W\u0142och\u00f3w nie zosta\u0142o po nim obsadzone, co zwi\u0119ksza i tak ju\u017c bardzo du\u017c\u0105 sprawczo\u015b\u0107 delegacji polskiej w EKR.<\/p>\n\n\n\n<h2 class=\"wp-block-heading\">Wydawa\u0142o si\u0119, \u017ce sprawa jest przegrana<\/h2>\n\n\n\n<p>Konferencja Przewodnicz\u0105cych Parlamentu Europejskiego to cia\u0142o zrzeszaj\u0105ce szef\u00f3w grup politycznych (niegdy\u015b okre\u015blanych jako frakcje). Wniosek grupy EKR zosta\u0142 przedstawiony z odpowiednim uzasadnieniem przez polskiego przewodnicz\u0105cego w obecno\u015bci sekretarza generalnego grupy EKR, te\u017c Polaka \u2013 Gabriela Besz\u0142eja, niegdy\u015b ambasadora RP w Meksyku, a wcze\u015bniej kluczow\u0105 figur\u0119 w Kancelarii Prezesa Rady Ministr\u00f3w za rz\u0105d\u00f3w AWS, a tak\u017ce TVP za rz\u0105d\u00f3w pampers\u00f3w (okre\u015blenie \u015brodowiska dziennikarskiego, zgrupowanego wok\u00f3\u0142 Wies\u0142awa Walendziaka w okresie, gdy pe\u0142ni\u0142 on funkcj\u0119 szefa TVP \u2013 w latach 1993\u20131996 \u2013 przyp.red.).<\/p>\n\n\n\n<p>Przeciwko temu wnioskowi wypowiedzia\u0142y si\u0119, a nast\u0119pnie zag\u0142osowa\u0142y nast\u0119puj\u0105ce frakcje: 1. S&amp;D, czyli Socjali\u015bci i Demokraci (tam, gdzie z Polski jest Nowa Lewica Czarzastego i Biedronia);<br>2. Renew \u2013 libera\u0142owie (tam, gdzie z Polski jest p. von Thun und Hohenstein, jako reprezentantka Polski 2050 Szymona Ho\u0142owni);<br>3. GUE \/NGL \u2013 postkomuni\u015bci, a oficjalnie Europejska Zjednoczona Lewica i Nordycka Zielona Lewica;<br>4. Zieloni. Dwie pozosta\u0142e grupy polityczne, czyli EPL (Europejska Partia Ludowa \u2013 tam, gdzie PO i PSL) oraz ID (Niepodleg\u0142o\u015b\u0107 i Demokracja, czyli eurosceptycy \u2013 tam, gdzie m.in. partia Marin Le Pen, AfD, czyli Alternatywa dla Niemiec, oraz w\u0142oska Liga Mattea Salviniego), pocz\u0105tkowo mia\u0142y deklarowa\u0107 wstrzymanie si\u0119 od g\u0142osu, ale ostatecznie zag\u0142osowa\u0142y \u2013 wed\u0142ug relacji polskich uczestnik\u00f3w tego posiedzenia \u201eza\u201d. Komentowano to p\u00f3\u017aniej, i\u017c i tak wiedzia\u0142y, \u017ce wniosek nie przejdzie.<\/p>\n\n\n\n<p>Tymczasem na Konferencji Przewodnicz\u0105cych PE decyduje zwyk\u0142a wi\u0119kszo\u015b\u0107 g\u0142os\u00f3w, przy czym liczone jest to na zasadzie: jedna grupa r\u00f3wna si\u0119 jeden g\u0142os, a nie zale\u017cy to od liczby pos\u0142\u00f3w wchodz\u0105cych w sk\u0142ad danej grupy politycznej.<\/p>\n\n\n\n<p>Wydawa\u0142o si\u0119, \u017ce sprawa jest przes\u0105dzona i kolejny wniosek grupy EKR w du\u017cej mierze faktycznie zarz\u0105dzanej przez PiS zosta\u0142 zwyczajowy oddalony, na zasadzie politycznego odruchu Paw\u0142owa.<\/p>\n\n\n\n<h2 class=\"wp-block-heading\">Warto zna\u0107 regulamin<\/h2>\n\n\n\n<p>Tymczasem jednak przyst\u0105pili\u015bmy do kontrataku. Jedyn\u0105 formaln\u0105 mo\u017cliwo\u015bci\u0105 wprowadzenia punktu o debacie na temat Rosji do porz\u0105dku obrad europarlamentu by\u0142o wniesienie takiego wniosku pod g\u0142osowanie na sali plenarnej w pierwszy dzie\u0144 sesji PE, czyli w poniedzia\u0142ek po godz. 17, gdy g\u0142osowana jest agenda czterodniowych obrad.<\/p>\n\n\n\n<p>Podstaw\u0105 tego g\u0142osowania jest porz\u0105dek obrad przyj\u0119ty w poprzednim tygodniu przez wspomnian\u0105 Konferencj\u0119 Przewodnicz\u0105cych. Jednak grupy polityczne mog\u0105 co\u015b doda\u0107 do agendy sesji, oczywi\u015bcie je\u015bli wniosek uzyska wi\u0119kszo\u015b\u0107 pos\u0142\u00f3w znajduj\u0105cych si\u0119 na sali. Okoliczno\u015bci\u0105, kt\u00f3ra jak si\u0119 wydawa\u0142o, mog\u0142a nam sprzyja\u0107, jest fakt, \u017ce w przeciwie\u0144stwie do g\u0142osowa\u0144 wtorkowych, \u015brodowych i czwartkowych te popo\u0142udniowe z poniedzia\u0142ku nie s\u0105 obowi\u0105zkowe \u2013 ustala si\u0119 na nich w praktyce g\u0142\u00f3wnie w\u0142a\u015bnie agend\u0119.<br>Brak udzia\u0142u pos\u0142a do Parlamentu Europejskiego w g\u0142osowaniach obligatoryjnych oznacza utrat\u0119 po\u0142owy dziennej diety, w zwi\u0105zku z tym g\u0142osowania w te trzy dni w Strasburgu (a w czasie dwudniowych tzw. minisesji w Brukseli w czwartek ) \u2013 ciesz\u0105 si\u0119 bardzo du\u017c\u0105 frekwencj\u0105. Jednak w poniedzia\u0142ek europos\u0142owie zje\u017cd\u017caj\u0105 si\u0119 do Strasburga cz\u0119sto p\u00f3\u017anym popo\u0142udniem i wieczorem \u2013 zatem frekwencja jest znacznie ni\u017csza. Dodajmy \u2013 to istotne dla sprawy \u2013 \u017ce wyniki poniedzia\u0142kowego g\u0142osowania s\u0105 wa\u017cne, niezale\u017cnie od frekwencji, nawet je\u015bli zag\u0142osuje mniej ni\u017c po\u0142owa pos\u0142\u00f3w.<\/p>\n\n\n\n<p>W naszym imieniu propozycje debaty o Rosji jako o sponsorze terroryzmu przedstawi\u0142 szwedzki europose\u0142 Charlie Andreas Weimers, przedstawiciel zwyci\u0119skiej w ostatnich wyborach formacji Szwedzcy Demokraci, kt\u00f3ra akurat w zesz\u0142ym tygodniu dzieli\u0142a stanowiska g\u0142\u00f3wnie z parti\u0105 Moderata (Europejska Partia Ludowa) w Riksdagu, parlamencie Kr\u00f3lestwa Szwecji, i w pewnej mierze w rz\u0105dzie. Wynik g\u0142osowania musia\u0142 by\u0107 zaskoczeniem dla wielu: zmobilizowali\u015bmy naszych europos\u0142\u00f3w do obecno\u015bci, gdy nasi przeciwnicy ewidentnie takiej mobilizacji nie zarz\u0105dzili, uznawszy, \u017ce jest ona zb\u0119dna, skoro i tak wszystko zosta\u0142o rozstrzygni\u0119te cztery dni wcze\u015bniej. Wniosek uzyska\u0142 201 g\u0142os\u00f3w \u201eza\u201d oraz 99 g\u0142os\u00f3w \u201eprzeciw\u201d, przy parudziesi\u0119ciu wstrzymuj\u0105cych si\u0119. G\u0142osowa\u0142o wyra\u017anie poni\u017cej po\u0142owy zgromadzonych na sali plenarnej, co okaza\u0142o si\u0119 naszym atutem.<\/p>\n\n\n\n<h2 class=\"wp-block-heading\">G\u0142osowanie jawne kluczem do sukcesu<\/h2>\n\n\n\n<p>Wielu obserwator\u00f3w by\u0142o zaskoczonych wynikami g\u0142osowania. Podejrzewano, \u017ce w ci\u0105gu tych niespe\u0142na stu godzin mi\u0119dzy czwartkiem i poniedzia\u0142kiem europos\u0142owie z grup przeciwnych debacie o Rosji \u2013 sponsorze terroryzmu \u2013 dostali inne instrukcje. Nie s\u0142ysza\u0142em, \u017ceby taka sytuacja mia\u0142a miejsce. Przeciwnicy tej debaty zlekcewa\u017cyli nasz\u0105 determinacj\u0119, uznawszy spraw\u0119 za zako\u0144czon\u0105.<br>Co wi\u0119c si\u0119 sta\u0142o? Po pierwsze wniosek ten zosta\u0142 poparty przez szeregowych pos\u0142\u00f3w ugrupowa\u0144 sprzeciwiaj\u0105cych si\u0119 debacie, kt\u00f3rzy pochodzili z kraj\u00f3w ba\u0142tyckich, Skandynawii i w du\u017cej mierze z naszego regionu Europy. G\u0142osowali zgodnie ze swoimi przekonaniami, a nie z wcze\u015bniejszymi decyzjami politycznymi swojego szefostwa.<\/p>\n\n\n\n<p>By\u0142 jednak jeszcze drugi pow\u00f3d tej politycznej sensacji w europarlamencie. Nast\u0105pi\u0142 bowiem niecz\u0119sty przypadek, gdy opinia publiczna, w tym media, potrafi wymusi\u0107 na politykach \u2013 nie chc\u0119 u\u017cy\u0107 s\u0142owa \u201ezaszanta\u017cowa\u0107\u201d \u2013 zmian\u0119 decyzji. Oto wielu pos\u0142\u00f3w z kraj\u00f3w Europy Zachodniej i Po\u0142udniowej najzwyczajniej w \u015bwiecie przestraszy\u0142o si\u0119 sytuacji, w kt\u00f3rej b\u0119d\u0105 po tym g\u0142osowaniu rozliczani przez swoich wyborc\u00f3w i dziennikarzy, dlaczego g\u0142osowali tak naprawd\u0119 zgodnie z\u2026 interesami Rosji.<\/p>\n\n\n\n<p>I tu dochodzimy do zasadniczej sprawy. Europejscy Konserwaty\u015bci i Reformatorzy wykorzystali bowiem zapis w regulaminie, \u017ce to g\u0142osowanie odb\u0119dzie si\u0119 na zasadzie tzw. roll \u2013 call, co oznacza, \u017ce jest to g\u0142osowanie elektroniczne, w kt\u00f3rym ujawnia si\u0119, jak kto g\u0142osowa\u0142. Przeforsowanie przez nas trybu g\u0142osowania by\u0142o decyduj\u0105ce.<\/p>\n\n\n\n<p>I tak si\u0119 w\u0142a\u015bnie robi polityk\u0119 w Parlamencie Europejskim \u2013 wykorzystuj\u0105c regulamin, a tak\u017ce inne sprzyjaj\u0105ce okoliczno\u015bci typu frekwencja czy nastawienie medi\u00f3w\/opinii publicznej. My\u015bl\u0119, \u017ce dobrze, aby Pa\u0144stwo poznali kulisy tego zwyci\u0119stwa.<\/p>\n","protected":false},"excerpt":{"rendered":"<p>Ryszard Czarnecki Kiedy\u015b Bismarck powiedzia\u0142, \u017ce obywatele nie powinni wiedzie\u0107, jak si\u0119 robi dwie rzeczy \u2013 kie\u0142bas\u0119 i<\/p>\n","protected":false},"author":1,"featured_media":1934,"comment_status":"closed","ping_status":"closed","sticky":false,"template":"","format":"standard","meta":{"footnotes":""},"categories":[2,9],"tags":[],"class_list":["post-1933","post","type-post","status-publish","format-standard","has-post-thumbnail","hentry","category-polityka","category-start"],"_links":{"self":[{"href":"https:\/\/kuriercodziennychicago.com\/index.php\/wp-json\/wp\/v2\/posts\/1933","targetHints":{"allow":["GET"]}}],"collection":[{"href":"https:\/\/kuriercodziennychicago.com\/index.php\/wp-json\/wp\/v2\/posts"}],"about":[{"href":"https:\/\/kuriercodziennychicago.com\/index.php\/wp-json\/wp\/v2\/types\/post"}],"author":[{"embeddable":true,"href":"https:\/\/kuriercodziennychicago.com\/index.php\/wp-json\/wp\/v2\/users\/1"}],"replies":[{"embeddable":true,"href":"https:\/\/kuriercodziennychicago.com\/index.php\/wp-json\/wp\/v2\/comments?post=1933"}],"version-history":[{"count":1,"href":"https:\/\/kuriercodziennychicago.com\/index.php\/wp-json\/wp\/v2\/posts\/1933\/revisions"}],"predecessor-version":[{"id":1935,"href":"https:\/\/kuriercodziennychicago.com\/index.php\/wp-json\/wp\/v2\/posts\/1933\/revisions\/1935"}],"wp:featuredmedia":[{"embeddable":true,"href":"https:\/\/kuriercodziennychicago.com\/index.php\/wp-json\/wp\/v2\/media\/1934"}],"wp:attachment":[{"href":"https:\/\/kuriercodziennychicago.com\/index.php\/wp-json\/wp\/v2\/media?parent=1933"}],"wp:term":[{"taxonomy":"category","embeddable":true,"href":"https:\/\/kuriercodziennychicago.com\/index.php\/wp-json\/wp\/v2\/categories?post=1933"},{"taxonomy":"post_tag","embeddable":true,"href":"https:\/\/kuriercodziennychicago.com\/index.php\/wp-json\/wp\/v2\/tags?post=1933"}],"curies":[{"name":"wp","href":"https:\/\/api.w.org\/{rel}","templated":true}]}}