{"id":196,"date":"2022-05-08T21:35:47","date_gmt":"2022-05-08T19:35:47","guid":{"rendered":"https:\/\/kuriercodziennychicago.com\/?p=196"},"modified":"2022-05-08T21:35:49","modified_gmt":"2022-05-08T19:35:49","slug":"unia-w-chorze-z-chinskiej-opery","status":"publish","type":"post","link":"https:\/\/kuriercodziennychicago.com\/index.php\/2022\/05\/08\/unia-w-chorze-z-chinskiej-opery\/","title":{"rendered":"Unia w ch\u00f3rze z chi\u0144skiej opery"},"content":{"rendered":"\n<div class=\"wp-block-image\"><figure class=\"alignleft size-full is-resized\"><img decoding=\"async\" src=\"https:\/\/kuriercodziennychicago.com\/wp-content\/uploads\/2022\/05\/czarnecki-ryszard.jpg\" alt=\"\" class=\"wp-image-39\" width=\"135\" height=\"101\"\/><\/figure><\/div>\n\n\n\n<h3 class=\"wp-block-heading\">Ryszard Czarnecki<\/h3>\n\n\n\n<p>S\u0142owa z bajki \u201ePrzyjaciele\u201d Ignacego Krasickiego, biskupa i poety: \u201eW\u015br\u00f3d najlepszych przyjaci\u00f3\u0142 psy zaj\u0105ca zjad\u0142y\u201d &#8211; przypominaj\u0105 mi si\u0119 coraz cz\u0119\u015bciej, gdy s\u0142ysz\u0119 ze strony jak\u017ce r\u00f3\u017cnych polityk\u00f3w gromkie, aczkolwiek werbalne pochwa\u0142y pod adresem Polski, kt\u00f3ra przyj\u0119\u0142a milion, p\u00f3\u0142tora, dwa, dwa i p\u00f3\u0142, ponad trzy miliony uchod\u017ac\u00f3w.<\/p>\n\n\n\n<p>S\u0142ysz\u0119 to od komisarzy z Brukseli, przedstawicieli r\u00f3\u017cnych rz\u0105d\u00f3w, eksszefa Zgromadzenia Parlamentarnego Rady Europy, przedstawicieli pa\u0144stw powsta\u0142ych na gruzach Zwi\u0105zku Sowieckiego ,zar\u00f3wno w Europie, jak i w Azji \u015arodkowej.&nbsp; S\u0142ysz\u0119 te peany wobec naszego kraju na posiedzeniach komisji w Parlamencie Europejskim, na Antalya Diplomatic Forum, Doha Forum, na posiedzeniach plenarnych PE czy w mediach. Mi\u0142o si\u0119 tego s\u0142ucha, cz\u0142owiek ro\u015bnie w dum\u0119 i jeszcze bardziej cieszy si\u0119, \u017ce jest Polakiem \u2013 cz\u0142onkiem dumnego narodu, kt\u00f3ry spieszy z pomoc\u0105 s\u0105siadom, w \u017caden spos\u00f3b nie kalkuluj\u0105c.<\/p>\n\n\n\n<figure class=\"wp-block-image size-full\"><img decoding=\"async\" width=\"788\" height=\"444\" src=\"https:\/\/kuriercodziennychicago.com\/wp-content\/uploads\/2022\/05\/jezyk-angielski-uniwersalny-jezyk-ktorym-posluguje-sie-caly-swiat.jpg\" alt=\"\" class=\"wp-image-197\" srcset=\"https:\/\/kuriercodziennychicago.com\/wp-content\/uploads\/2022\/05\/jezyk-angielski-uniwersalny-jezyk-ktorym-posluguje-sie-caly-swiat.jpg 788w, https:\/\/kuriercodziennychicago.com\/wp-content\/uploads\/2022\/05\/jezyk-angielski-uniwersalny-jezyk-ktorym-posluguje-sie-caly-swiat-300x169.jpg 300w, https:\/\/kuriercodziennychicago.com\/wp-content\/uploads\/2022\/05\/jezyk-angielski-uniwersalny-jezyk-ktorym-posluguje-sie-caly-swiat-768x433.jpg 768w, https:\/\/kuriercodziennychicago.com\/wp-content\/uploads\/2022\/05\/jezyk-angielski-uniwersalny-jezyk-ktorym-posluguje-sie-caly-swiat-370x208.jpg 370w\" sizes=\"(max-width: 788px) 100vw, 788px\" \/><\/figure>\n\n\n\n<p>Rzecz w tym, \u017ce za tymi s\u0142owami nie id\u0105 \u017cadne \u2013 ale to \u017cadne! \u2013 konkretne decyzje o pomocy dla polskiego pa\u0144stwa i spo\u0142ecze\u0144stwa, kt\u00f3re podj\u0119\u0142y tak gigantyczny wysi\u0142ek po 24 lutego 2022, po napa\u015bci Rosji na naszego wschodniego s\u0105siada. Sympatyczny komisarz, odpowiadaj\u0105cy w Komisji Europejskiej za \u201esytuacje kryzysowe\u201d, S\u0142oweniec Janez Lenarci\u0107, z zawodu dyplomata, potrafi w czasie jednego spotkania z deputowanymi z Komisji Rozwoju europarlamentu chwali\u0107 Polsk\u0119 trzy czy czterokrotnie, ale za tym nie id\u0105 konkretne decyzje Komisji odno\u015bnie pomocy dla Rzeczypospolitej. Przesuwanie pieni\u0119dzy z bud\u017cetu UE na lata 2014-2020, kt\u00f3ry zgodnie z unijn\u0105 zasad\u0105 \u201en+3\u201d mo\u017cna wykorzystywa\u0107 jeszcze trzy lata po zako\u0144czeniu danej siedmioletniej \u201eperspektywy finansowej UE\u201d (czyli m\u00f3wi\u0105c konkretnie; bud\u017cetu Unii), jest ze strony Brukseli przyzwoleniem, aby pieni\u0105dze, kt\u00f3rych jeszcze nie wykorzystano, cho\u0107 mija prawie p\u00f3\u0142tora roku od ko\u0144ca okresu bud\u017cetowego, przeznaczone pocz\u0105tkowo na przyk\u0142ad na infrastruktur\u0119 (drogi, oczyszczalnie \u015bciek\u00f3w) &#8211; przesun\u0105\u0107 na uchod\u017ac\u00f3w&#8230;<\/p>\n\n\n\n<p>Pomijaj\u0105c to, \u017ce jest to propozycja niemoralna, bo mo\u017ce spowodowa\u0107 antagonizmy narodowo\u015bciowe (jak si\u0119 maj\u0105 czu\u0107 mieszka\u0144cy danego miasteczka, gdy dowiedz\u0105 si\u0119, \u017ce nie b\u0119d\u0105 mieli drogi, bo trzeba by\u0142o da\u0107 na uchod\u017ac\u00f3w\u2026) to jest w praktyce niemo\u017cliwa do wykorzystania przez kraje dobrze zorganizowane, jak Polska, kt\u00f3re olbrzymi\u0105 wi\u0119kszo\u015b\u0107 \u015brodk\u00f3w z bud\u017cetu z 2014-2020 ju\u017c wykorzysta\u0142y. Jest to, owszem, pewne ko\u0142o ratunkowe dla pa\u0144stw Europy Po\u0142udniowej, tradycyjnie wykorzystuj\u0105cych \u015brodki unijne na ostatni\u0105 chwil\u0119, u kt\u00f3rych przesuni\u0119cie pieni\u0119dzy \u201ena uchod\u017ac\u00f3w\u201d jest zbawienne, bo inaczej \u015brodki te by przepad\u0142y&#8230;<\/p>\n\n\n\n<p>W sprawie pomocy dla Polski, kt\u00f3ra przyj\u0119\u0142a przesz\u0142o 3 miliony uchod\u017ac\u00f3w z Ukrainy, Unia Europejska zachowuje si\u0119 jak ch\u00f3r w chi\u0144skiej operze, kt\u00f3ry \u015bpiewa: \u201eUciekajmy, uciekajmy\u201d, ale przez ca\u0142y spektakl nie rusza si\u0119 z miejsca. To wi\u0119cej ni\u017c skandal.<\/p>\n","protected":false},"excerpt":{"rendered":"<p>Ryszard Czarnecki S\u0142owa z bajki \u201ePrzyjaciele\u201d Ignacego Krasickiego, biskupa i poety: \u201eW\u015br\u00f3d najlepszych przyjaci\u00f3\u0142 psy zaj\u0105ca zjad\u0142y\u201d &#8211;<\/p>\n","protected":false},"author":1,"featured_media":197,"comment_status":"closed","ping_status":"closed","sticky":false,"template":"","format":"standard","meta":{"footnotes":""},"categories":[2,9],"tags":[],"class_list":["post-196","post","type-post","status-publish","format-standard","has-post-thumbnail","hentry","category-polityka","category-start"],"_links":{"self":[{"href":"https:\/\/kuriercodziennychicago.com\/index.php\/wp-json\/wp\/v2\/posts\/196","targetHints":{"allow":["GET"]}}],"collection":[{"href":"https:\/\/kuriercodziennychicago.com\/index.php\/wp-json\/wp\/v2\/posts"}],"about":[{"href":"https:\/\/kuriercodziennychicago.com\/index.php\/wp-json\/wp\/v2\/types\/post"}],"author":[{"embeddable":true,"href":"https:\/\/kuriercodziennychicago.com\/index.php\/wp-json\/wp\/v2\/users\/1"}],"replies":[{"embeddable":true,"href":"https:\/\/kuriercodziennychicago.com\/index.php\/wp-json\/wp\/v2\/comments?post=196"}],"version-history":[{"count":1,"href":"https:\/\/kuriercodziennychicago.com\/index.php\/wp-json\/wp\/v2\/posts\/196\/revisions"}],"predecessor-version":[{"id":198,"href":"https:\/\/kuriercodziennychicago.com\/index.php\/wp-json\/wp\/v2\/posts\/196\/revisions\/198"}],"wp:featuredmedia":[{"embeddable":true,"href":"https:\/\/kuriercodziennychicago.com\/index.php\/wp-json\/wp\/v2\/media\/197"}],"wp:attachment":[{"href":"https:\/\/kuriercodziennychicago.com\/index.php\/wp-json\/wp\/v2\/media?parent=196"}],"wp:term":[{"taxonomy":"category","embeddable":true,"href":"https:\/\/kuriercodziennychicago.com\/index.php\/wp-json\/wp\/v2\/categories?post=196"},{"taxonomy":"post_tag","embeddable":true,"href":"https:\/\/kuriercodziennychicago.com\/index.php\/wp-json\/wp\/v2\/tags?post=196"}],"curies":[{"name":"wp","href":"https:\/\/api.w.org\/{rel}","templated":true}]}}