{"id":2168,"date":"2022-11-11T22:11:03","date_gmt":"2022-11-12T04:11:03","guid":{"rendered":"https:\/\/kuriercodziennychicago.com\/?p=2168"},"modified":"2022-11-11T22:11:03","modified_gmt":"2022-11-12T04:11:03","slug":"polscy-nauczyciele-zmuszeni-do-nazywania-chlopca-dziewczynka","status":"publish","type":"post","link":"https:\/\/kuriercodziennychicago.com\/index.php\/2022\/11\/11\/polscy-nauczyciele-zmuszeni-do-nazywania-chlopca-dziewczynka\/","title":{"rendered":"Polscy nauczyciele zmuszeni do nazywania ch\u0142opca dziewczynk\u0105?"},"content":{"rendered":"<div class=\"wp-block-image is-style-rounded\">\n<figure class=\"alignleft size-full is-resized\"><img decoding=\"async\" src=\"https:\/\/kuriercodziennychicago.com\/wp-content\/uploads\/2022\/11\/KWASNIEWSKI-ORDO-IURIS.jpg\" alt=\"\" class=\"wp-image-2169\" width=\"90\" height=\"100\"\/><\/figure>\n<\/div>\n\n\n<h2 class=\"wp-block-heading\">Adw. Jerzy Kwa\u015bniewski \u2013 prezes Ordo Iuris<\/h2>\n\n\n\n<p><strong>Na pocz\u0105tku wrze\u015bnia irlandzki nauczyciel historii i j\u0119zyka niemieckiego Enoch Burke trafi\u0142 do wi\u0119zienia, poniewa\u017c\u2026 nie zgodzi\u0142 si\u0119 na stosowanie wobec ucznia zaimk\u00f3w sprzecznych z jego prawdziw\u0105 p\u0142ci\u0105. M\u0119\u017cczy\u017anie wytoczono post\u0119powanie dyscyplinarne, a s\u0105d zakaza\u0142 mu zbli\u017ca\u0107&nbsp;si\u0119&nbsp;do szko\u0142y. Gdy Burke mimo to przyszed\u0142 do pracy, zosta\u0142 aresztowany i skazany.<\/strong><\/p>\n\n\n\n<p><strong>Ideologiczny amok tak\u017ce w Polsce<\/strong><\/p>\n\n\n\n<p>Mo\u017ce si\u0119 wydawa\u0107, \u017ce podobny terror genderowej poprawno\u015bci politycznej jest odleg\u0142y od polskiej rzeczywisto\u015bci. Jednak ideologiczne szale\u0144stwo dociera do Polski. Kilka dni temu o pomoc prawnik\u00f3w Ordo Iuris zwr\u00f3cili si\u0119 nauczyciele, zmuszani przez dyrekcj\u0119&nbsp;szko\u0142y do m\u00f3wienia do ch\u0142opca jak do dziewczynki.<\/p>\n\n\n\n<figure class=\"wp-block-image size-large\"><img decoding=\"async\" width=\"1024\" height=\"768\" src=\"https:\/\/kuriercodziennychicago.com\/wp-content\/uploads\/2022\/11\/6287d2c374f43.image_-1024x768.jpg\" alt=\"\" class=\"wp-image-2170\" srcset=\"https:\/\/kuriercodziennychicago.com\/wp-content\/uploads\/2022\/11\/6287d2c374f43.image_-1024x768.jpg 1024w, https:\/\/kuriercodziennychicago.com\/wp-content\/uploads\/2022\/11\/6287d2c374f43.image_-300x225.jpg 300w, https:\/\/kuriercodziennychicago.com\/wp-content\/uploads\/2022\/11\/6287d2c374f43.image_-768x576.jpg 768w, https:\/\/kuriercodziennychicago.com\/wp-content\/uploads\/2022\/11\/6287d2c374f43.image_-1536x1152.jpg 1536w, https:\/\/kuriercodziennychicago.com\/wp-content\/uploads\/2022\/11\/6287d2c374f43.image_.jpg 1567w\" sizes=\"(max-width: 1024px) 100vw, 1024px\" \/><\/figure>\n\n\n\n<p>Prawnicy Instytutu analizuj\u0105 obecnie opisywany przypadek, przygotowuj\u0105c na u\u017cytek szykanowanych nauczycieli argumentacj\u0119 prawn\u0105, kt\u00f3r\u0105 pedagodzy przedstawi\u0105 w rozmowach z w\u0142adzami plac\u00f3wki. Je\u017celi dyrekcja szko\u0142y nie zrezygnuje z pr\u00f3b zastraszenia nauczycieli, b\u0119dziemy broni\u0107 pedagog\u00f3w na drodze s\u0105dowej. To bardzo wa\u017cny precedens. Od zako\u0144czenia tej konkretnej sprawy b\u0119dzie zale\u017ce\u0107 to, czy wkr\u00f3tce podobnej presji nie b\u0119d\u0105 poddawani wszyscy nauczyciele w Polsce.<\/p>\n\n\n\n<p><strong>Czas na prorodzinne zmiany w prawie<\/strong><\/p>\n\n\n\n<p>O tym, \u017ce tego typu sytuacje s\u0105 naturaln\u0105 konsekwencj\u0105 dopuszczania genderyst\u00f3w do polskich szko\u0142ach, m\u00f3wimy ju\u017c od lat. W 2019 r. zaprezentowali\u015bmy projekt ustawy, kt\u00f3rego przyj\u0119cie po\u0142o\u017cy\u0142oby tam\u0119 procesowi cichego przekszta\u0142cania polskiej szko\u0142y w narz\u0119dzie genderowej ideologii. Zapowied\u017a&nbsp;rozwi\u0105zania tego problemu sta\u0142a si\u0119&nbsp;cz\u0119\u015bci\u0105 programu kampanii wyborczej Andrzeja Dudy w 2020 r.<\/p>\n\n\n\n<p>Cz\u0119\u015b\u0107 proponowanych przez nas rozwi\u0105za\u0144 uchwalono w ustawie zwanej popularnie \u201eLex Czarnek\u201d. Na drodze jej wej\u015bcia w \u017cycie stan\u0119\u0142o jednak weto prezydenta Dudy, wynikaj\u0105ce z zastrze\u017ce\u0144 do podnoszenia roli kurator\u00f3w o\u015bwiaty. Kilka dni temu zmodyfikowana wersja projektu trafi\u0142a ponownie do Sejmu. Obok rozwi\u0105za\u0144, o kt\u00f3re zabiegamy od dawna, dokument zawiera jednak r\u00f3wnie\u017c budz\u0105ce niepok\u00f3j ograniczenia w edukacji domowej. Dlatego prawnicy Ordo Iuris szczeg\u00f3\u0142owo analizuj\u0105 za\u0142o\u017cenia projektu. B\u0119dziemy monitorowa\u0107 i uczestniczy\u0107 w procesie legislacyjnym ustawy.<\/p>\n\n\n\n<p>Je\u017celi systemowe rozwi\u0105zania nie powstrzymaj\u0105&nbsp;ideologii gender, jej szkodliwe wp\u0142ywy dotkn\u0105&nbsp;niebawem ka\u017cdego aspektu naszego \u017cycia. Nie tylko edukacji, ale tak\u017ce s\u0142u\u017cby zdrowia, gospodarki, a nawet naszej wiary.<\/p>\n\n\n\n<p><strong>M\u0119\u017cczyzna na kobiecym oddziale<\/strong><\/p>\n\n\n\n<p>Na pocz\u0105tku pa\u017adziernika g\u0142o\u015bno by\u0142o o sprawie jednego z pozna\u0144skich szpitali, gdzie przyj\u0119to 21-letniego m\u0119\u017cczyzn\u0119, kt\u00f3ry twierdzi\u0142, \u017ce jest kobiet\u0105 i kaza\u0142 zwraca\u0107 si\u0119 do siebie \u201eFlorentyna\u201d. Gdy ordynator szpitala przeni\u00f3s\u0142 go (po skargach kobiet, przebywaj\u0105cych z nim na jednym oddziale) na oddzia\u0142 dla m\u0119\u017cczyzn, radykalna lewica zaatakowa\u0142a ordynatora, zarzucaj\u0105 mu transfobi\u0119. Przygotowali\u015bmy list otwarty do Ministra Zdrowia i Rzecznika Praw Pacjenta, w kt\u00f3rym wyra\u017camy poparcie dla ordynatora i wzywamy do przestrzegania praw pacjent\u00f3w szpitali.<\/p>\n\n\n\n<p>Je\u015bli pozostaniemy bierni, takie sytuacje stan\u0105 si\u0119 w Polsce codzienno\u015bci\u0105 \u2013 tak jak na Zachodzie. A m\u00f3wienie prawdy b\u0119dzie uznawane za transfobi\u0119 i karane \u2013 tak jak w Irlandii.<\/p>\n\n\n\n<p><strong>M\u00f3wimy \u201enie\u201d ideologizacji szk\u00f3\u0142<\/strong><\/p>\n\n\n\n<p>Ju\u017c w najbli\u017cszy pi\u0105tek aktywi\u015bci LGBT organizuj\u0105 kolejn\u0105 edycj\u0119 akcji \u201eT\u0119czowy Pi\u0105tek\u201d. Skala akcji jest znacz\u0105co mniejsza ni\u017c&nbsp;w poprzednich latach. To zas\u0142uga systematycznej pracy naszych ekspert\u00f3w, kt\u00f3rzy nieustannie wspieraj\u0105 rodzic\u00f3w w \u015bwiadomym oporze przeciwko promocji tej akcji radykalnych aktywist\u00f3w.<\/p>\n\n\n\n<p>Aby zabezpieczy\u0107&nbsp;dzieci i szko\u0142y przed zgorszeniem, przygotowali\u015bmy dla rodzic\u00f3w poradnik, w kt\u00f3rym wskazujemy, za pomoc\u0105 jakich dzia\u0142a\u0144 mo\u017cna skutecznie zablokowa\u0107 wulgarn\u0105 seksualizuj\u0119 i szkodliw\u0105 ideologi\u0119, kt\u00f3ra jest propagowana w ramach \u201eT\u0119czowego Pi\u0105tku\u201d. Je\u015bli szko\u0142a nie b\u0119dzie respektowa\u0107 praw rodzic\u00f3w, prawnicy Ordo Iuris w ka\u017cdej chwili s\u0105 gotowi podj\u0105\u0107 interwencj\u0119 w obronie niewinno\u015bci dzieci.<\/p>\n\n\n\n<p>Gdy alarmowali\u015bmy o niebezpiecznych programach i podejrzanych wykonawcach program\u00f3w edukacji seksualnej w naszym raporcie \u201eChro\u0144my dzieci!\u201d, wiele lewicowych medi\u00f3w atakowa\u0142o naszych ekspert\u00f3w. Dzisiaj nasze podejrzenia potwierdzi\u0142 Rzecznik Praw Dziecka, kt\u00f3rego kontrola wykaza\u0142a, \u017ce organizacje seksedukator\u00f3w \u2013 takie jak Kampania Przeciwko Homofobii oraz Grupa Stonewall &#8211; pomimo obowi\u0105zku prawnego, nie sprawdzi\u0142y czy ich wsp\u00f3\u0142pracownicy figuruj\u0105 w Rejestrze Sprawc\u00f3w Przest\u0119pstw na Tle Seksualnym.<\/p>\n\n\n\n<p><strong>Chcieli wulgarnej edukacji seksualnej za publiczne pieni\u0105dze<\/strong><\/p>\n\n\n\n<p>Poza budow\u0105&nbsp;rozwi\u0105za\u0144 systemowych, wsparciem konkretnych rodzic\u00f3w i ujawnianiem nieprawid\u0142owo\u015bci, musimy tak\u017ce przeciwstawia\u0107 si\u0119&nbsp;niekt\u00f3rym samorz\u0105dom. Gdy krakowscy radni przyj\u0119li uchwa\u0142\u0119 o wdra\u017caniu wulgarnej edukacji seksualnej, przygotowali\u015bmy opini\u0119 prawn\u0105, kt\u00f3r\u0105 natychmiast dor\u0119czyli\u015bmy wojewodzie. Po jej otrzymaniu, wojewoda wyda\u0142 rozstrzygni\u0119cie nadzorcze, w kt\u00f3rym uniewa\u017cni\u0142 uchwa\u0142\u0119. Jego decyzja zosta\u0142a zaskar\u017cona przez radnych do Wojew\u00f3dzkiego S\u0105du Administracyjnego, kt\u00f3ry uchyli\u0142 rozstrzygni\u0119cie nadzorcze. Wojewoda z\u0142o\u017cy\u0142 w tej sprawie odwo\u0142anie do Naczelnego S\u0105du Administracyjnego, kt\u00f3re zosta\u0142o poparte przez Rzecznika Praw Dziecka.<\/p>\n\n\n\n<p>Uczestnicz\u0105c w sprawie jako organizacja spo\u0142eczna, przed\u0142o\u017cyli\u015bmy s\u0119dziom NSA nasz\u0105 opini\u0119 prawn\u0105, wskazuj\u0105c na bezprawno\u015b\u0107 aktu wydanego przez krakowskich radnych. Na pocz\u0105tku wrze\u015bnia Naczelny S\u0105d Administracyjny uwzgl\u0119dni\u0142 skarg\u0119 kasacyjn\u0105 wojewody (za czym argumentowa\u0142 Instytut Ordo Iuris) i finalnie zamkn\u0105\u0142 spraw\u0119.<\/p>\n\n\n\n<p><strong>Pomagamy rodzicom chroni\u0107 ich dzieci<\/strong><\/p>\n\n\n\n<p>Jako Instytut Ordo Iuris, do\u0142\u0105czyli\u015bmy do Ruchu Ochrony Szko\u0142y \u2013 koalicji organizacji rodzicielskich i prorodzinnych, kt\u00f3re otwarcie sprzeciwiaj\u0105 si\u0119 przenikaniu genderowych tre\u015bci do szk\u00f3\u0142. W listopadzie nasi eksperci wezm\u0105 udzia\u0142 w organizowanej przez Ruch Ochrony Szko\u0142y konferencji, po\u015bwi\u0119conej zagro\u017ceniom zwi\u0105zanym z promowanym przez genderowych lobbyst\u00f3w modelem edukacji w\u0142\u0105czaj\u0105cej.<\/p>\n\n\n\n<p>Je\u015bli b\u0119dziemy biernie przygl\u0105da\u0107 si\u0119 temu, jak radykalni aktywi\u015bci ruchu LGBT wchodz\u0105 do szk\u00f3\u0142, nie dostrze\u017cemy momentu, w kt\u00f3rym w Polsce zapanuje dyktat ideologii gender. Jeszcze dziesi\u0119\u0107 lat temu, wi\u0119kszo\u015b\u0107 Irlandczyk\u00f3w nie uwierzy\u0142aby, \u017ce historia Enocha Burke\u2019a mo\u017ce si\u0119 wydarzy\u0107 w ich kraju.<\/p>\n","protected":false},"excerpt":{"rendered":"<p>Adw. Jerzy Kwa\u015bniewski \u2013 prezes Ordo Iuris Na pocz\u0105tku wrze\u015bnia irlandzki nauczyciel historii i j\u0119zyka niemieckiego Enoch Burke<\/p>\n","protected":false},"author":1,"featured_media":2170,"comment_status":"closed","ping_status":"closed","sticky":false,"template":"","format":"standard","meta":{"footnotes":""},"categories":[2,9],"tags":[],"class_list":["post-2168","post","type-post","status-publish","format-standard","has-post-thumbnail","hentry","category-polityka","category-start"],"_links":{"self":[{"href":"https:\/\/kuriercodziennychicago.com\/index.php\/wp-json\/wp\/v2\/posts\/2168","targetHints":{"allow":["GET"]}}],"collection":[{"href":"https:\/\/kuriercodziennychicago.com\/index.php\/wp-json\/wp\/v2\/posts"}],"about":[{"href":"https:\/\/kuriercodziennychicago.com\/index.php\/wp-json\/wp\/v2\/types\/post"}],"author":[{"embeddable":true,"href":"https:\/\/kuriercodziennychicago.com\/index.php\/wp-json\/wp\/v2\/users\/1"}],"replies":[{"embeddable":true,"href":"https:\/\/kuriercodziennychicago.com\/index.php\/wp-json\/wp\/v2\/comments?post=2168"}],"version-history":[{"count":1,"href":"https:\/\/kuriercodziennychicago.com\/index.php\/wp-json\/wp\/v2\/posts\/2168\/revisions"}],"predecessor-version":[{"id":2171,"href":"https:\/\/kuriercodziennychicago.com\/index.php\/wp-json\/wp\/v2\/posts\/2168\/revisions\/2171"}],"wp:featuredmedia":[{"embeddable":true,"href":"https:\/\/kuriercodziennychicago.com\/index.php\/wp-json\/wp\/v2\/media\/2170"}],"wp:attachment":[{"href":"https:\/\/kuriercodziennychicago.com\/index.php\/wp-json\/wp\/v2\/media?parent=2168"}],"wp:term":[{"taxonomy":"category","embeddable":true,"href":"https:\/\/kuriercodziennychicago.com\/index.php\/wp-json\/wp\/v2\/categories?post=2168"},{"taxonomy":"post_tag","embeddable":true,"href":"https:\/\/kuriercodziennychicago.com\/index.php\/wp-json\/wp\/v2\/tags?post=2168"}],"curies":[{"name":"wp","href":"https:\/\/api.w.org\/{rel}","templated":true}]}}