{"id":2237,"date":"2022-11-11T22:50:23","date_gmt":"2022-11-12T04:50:23","guid":{"rendered":"https:\/\/kuriercodziennychicago.com\/?p=2237"},"modified":"2022-11-11T22:50:24","modified_gmt":"2022-11-12T04:50:24","slug":"balcerowicz-juz-doradza-platformie-podniesc-wiek-emerytalny-zlikwidowac-13-i-14-emeryture","status":"publish","type":"post","link":"https:\/\/kuriercodziennychicago.com\/index.php\/2022\/11\/11\/balcerowicz-juz-doradza-platformie-podniesc-wiek-emerytalny-zlikwidowac-13-i-14-emeryture\/","title":{"rendered":"Balcerowicz ju\u017c doradza Platformie &#8211; podnie\u015b\u0107 wiek emerytalny, zlikwidowa\u0107 13. i 14. emerytur\u0119"},"content":{"rendered":"<div class=\"wp-block-image is-style-rounded\">\n<figure class=\"alignleft size-full is-resized\"><img decoding=\"async\" src=\"https:\/\/kuriercodziennychicago.com\/wp-content\/uploads\/2022\/09\/Zbigniew_Kuzmiuk.jpg\" alt=\"\" class=\"wp-image-1480\" width=\"57\" height=\"76\"\/><\/figure>\n<\/div>\n\n\n<blockquote class=\"wp-block-quote is-layout-flow wp-block-quote-is-layout-flow\">\n<h3 class=\"wp-block-heading\"><a href=\"https:\/\/wpolityce.pl\/autorzy\/274-zbigniew-kuzmiuk\">Zbigniew Ku\u017amiuk<\/a><\/h3>\n<\/blockquote>\n\n\n\n<p><strong>Leszek Balcerowicz, kt\u00f3ry niedawno by\u0142 go\u015bciem Campusu Rafa\u0142a Trzaskowskiego, tym razem wst\u0105pi\u0142 w&nbsp;radiu TOK FM&nbsp;i&nbsp;doradza\u0142 opozycji, co&nbsp;zrobi\u0107 aby zmniejszy\u0107 inflacj\u0119&nbsp;w&nbsp;Polsce.<\/strong><\/p>\n\n\n\n<p>Nie by\u0142o ani s\u0142owa o&nbsp;tym, \u017ce&nbsp;wysoka inflacja, to&nbsp;problem og\u00f3lnoeuropejski, a&nbsp;nawet \u015bwiatowy, w\u0142a\u015bnie w&nbsp;pa\u017adzierniku przekroczy\u0142a 10&nbsp;proc. w&nbsp;strefie euro, a&nbsp;s\u0105&nbsp;kraje pos\u0142uguj\u0105ce si\u0119 t\u0105&nbsp;walut\u0105, w&nbsp;kt\u00f3rych znacznie przekracza ona 20&nbsp;proc., (Litwa) a&nbsp;nawet si\u0119ga 25&nbsp;proc. (\u0141otwa czy Estonia), a&nbsp;w&nbsp;2\/3&nbsp;odpowiada za&nbsp;ni\u0105, wzrost cen surowc\u00f3w energetycznych i&nbsp;samej energii, i&nbsp;wojna za&nbsp;nasz\u0105 wschodni\u0105 granic\u0105. By\u0142y natomiast zach\u0119ty dla opozycji, \u017ceby gdy przejmie w\u0142adz\u0119, nie ba\u0142a si\u0119 podejmowania radykalnych decyzji w&nbsp;walce z&nbsp;inflacj\u0105, bo&nbsp;zdaniem Balcerowicza jej zwolennicy takich decyzji oczekuj\u0105 (tu&nbsp;Balcerowicz powo\u0142ywa\u0142 si\u0119 na&nbsp;sonda\u017c w&nbsp;Rzeczpospolitej wg&nbsp;kt\u00f3rego 40&nbsp;proc., a&nbsp;by\u0107 mo\u017ce nawet 50&nbsp;proc. respondent\u00f3w, domaga\u0142o si\u0119 znacznego ograniczenia programu Rodzina 500&nbsp;plus).<\/p>\n\n\n\n<p>Zdaniem Balcerowicza, g\u0142\u00f3wnymi posuni\u0119ciami rz\u0105du obecnej opozycji po&nbsp;wygranych wyborach powinno by\u0107 podniesienie wieku emerytalnego, likwidacja 13. i&nbsp;14. emerytury, oraz powa\u017cne ograniczenie wyp\u0142at z&nbsp;programu Rodzina 500&nbsp;plus.<\/p>\n\n\n<div class=\"wp-block-image\">\n<figure class=\"aligncenter size-full\"><img decoding=\"async\" width=\"480\" height=\"220\" src=\"https:\/\/kuriercodziennychicago.com\/wp-content\/uploads\/2022\/11\/leszek_balcerowicz-_the_future_of_europe.jpg\" alt=\"\" class=\"wp-image-2238\" srcset=\"https:\/\/kuriercodziennychicago.com\/wp-content\/uploads\/2022\/11\/leszek_balcerowicz-_the_future_of_europe.jpg 480w, https:\/\/kuriercodziennychicago.com\/wp-content\/uploads\/2022\/11\/leszek_balcerowicz-_the_future_of_europe-300x138.jpg 300w\" sizes=\"(max-width: 480px) 100vw, 480px\" \/><\/figure>\n<\/div>\n\n\n<p>Balcerowicz twierdzi, \u017ce&nbsp;obni\u017cenie wieku emerytalnego, to&nbsp;wydatki rz\u0119du dziesi\u0105tk\u00f3w miliard\u00f3w z\u0142otych, kt\u00f3re tylko pot\u0119guj\u0105 problemy Polski, kt\u00f3re nied\u0142ugo b\u0119d\u0105 jeszcze bardziej&nbsp;wyra\u017ane.<\/p>\n\n\n\n<p>Z&nbsp;kolei 13. i&nbsp;14. emerytura, to&nbsp;wydatki za&nbsp;pomoc\u0105, kt\u00f3rych obecnie rz\u0105dz\u0105cy \u201ekupuj\u0105 g\u0142osy\u201d ludzi starszych, z&nbsp;kolei ograniczenia wydatk\u00f3w z&nbsp;programu Rodzina 500 plus przez wprowadzenie kryterium dochodowego, jak ju\u017c wspomina\u0142em, pono\u0107 domagaj\u0105 si\u0119 respondenci w&nbsp;badaniach opinii&nbsp;publicznej.<\/p>\n\n\n\n<h3 class=\"wp-block-heading\">Jak Balcerowicz wr\u00f3\u017cy\u0142 Polsce r\u00f3\u017cne&nbsp;scenariusze<\/h3>\n\n\n\n<p>Leszek Balcerowicz, autor dw\u00f3ch terapii jego imienia na&nbsp;prze\u0142omie lat 80-tych i&nbsp;90-tych poprzedniego stulecia, oraz ko\u0144ca lat 90-tych, w&nbsp;wyniku kt\u00f3rych Polska ponios\u0142a ogromne koszty spo\u0142eczne, od&nbsp;momentu obj\u0119cia w\u0142adzy przez rz\u0105d Zjednoczonej Prawicy jest jego zagorza\u0142ym&nbsp;krytykiem.<\/p>\n\n\n\n<p>Przypomnijmy, \u017ce&nbsp;w&nbsp;po\u0142owie sierpnia, internauta Norbert Nowicki na&nbsp;Twitterze zestawi\u0142 krzycz\u0105ce tytu\u0142y z&nbsp;r\u00f3\u017cnych medi\u00f3w, w&nbsp;kt\u00f3rych w\u0142a\u015bnie ekonomiczne \u201eguru\u201d opozycji prof. Leszek Balcerowicz, straszy\u0142 Polak\u00f3w, z\u0142ymi scenariuszami dla Polski w&nbsp;zwi\u0105zku z&nbsp;realizacj\u0105 kolejnych deklaracji programowych przez rz\u0105d Prawa&nbsp;i&nbsp;Sprawiedliwo\u015bci.<\/p>\n\n\n\n<p>W&nbsp;lipcu 2015 roku po&nbsp;og\u0142oszeniu programu wyborczego Prawa i&nbsp;Sprawiedliwo\u015bci w&nbsp;kampanii parlamentarnej (mi\u0119dzy innymi programu Rodzina 500 plus), Balcerowicz straszy\u0142 Polak\u00f3w scenariuszem greckim, p\u00f3\u017aniej kiedy w&nbsp;kampanii 2019 roku prezes Jaros\u0142aw Kaczy\u0144ski przedstawi\u0142 \u015bcie\u017ck\u0119 wyra\u017anego wzrostu p\u0142acy minimalnej w&nbsp;kolejnych latach, krzycza\u0142 o&nbsp;wariancie&nbsp;wenezuelskim.<\/p>\n\n\n\n<p>Z&nbsp;kolei kiedy prezes NBP w&nbsp;marcu 2020 profesor Adam Glapi\u0144ski zapowiedzia\u0142 tzw. luzowanie ilo\u015bciowe w&nbsp;zwi\u0105zku z&nbsp;kryzysem covidowym, Balcerowicz grzmia\u0142 o&nbsp;wariancie tureckim, a&nbsp;ostatnio ju\u017c w&nbsp;2022 roku w&nbsp;zwi\u0105zku z&nbsp;jego zdaniem z\u0142\u0105 sytuacj\u0105 finans\u00f3w publicznych, o&nbsp;scenariuszu rumu\u0144skim, by&nbsp;w&nbsp;lipcu 2022 roku powr\u00f3ci\u0107 znowu do&nbsp;scenariusza greckiego. Jak wida\u0107 zabrak\u0142o ju\u017c nazw kraj\u00f3w do&nbsp;z\u0142ych scenariuszy jakie mia\u0142by si\u0119 zmaterializowa\u0107 w&nbsp;Polsce w&nbsp;zwi\u0105zku z&nbsp;realizacj\u0105 zobowi\u0105za\u0144 wyborczych przez rz\u0105d Prawa i&nbsp;Sprawiedliwo\u015bci, skoro w&nbsp;2015 roku prof. Balcerowicz zaczyna\u0142 od&nbsp;straszenia scenariuszem greckim i&nbsp;tym samym scenariuszem straszy po&nbsp;7&nbsp;latach jego&nbsp;rz\u0105d\u00f3w.<\/p>\n\n\n\n<h3 class=\"wp-block-heading\">Dochody bud\u017cetowe za&nbsp;rz\u0105d\u00f3w PiS wyra\u017anie&nbsp;rosn\u0105<\/h3>\n\n\n\n<p>Przypomnijmy, \u017ce&nbsp;za&nbsp;rz\u0105d\u00f3w Prawa i&nbsp;Sprawiedliwo\u015bci, dzi\u0119ki powa\u017cnemu uszczelnieniu systemu podatkowego, nawet mimo obni\u017cek stawek podatkowych i&nbsp;przyjmowaniu innych rozwi\u0105za\u0144 obni\u017caj\u0105cych wyra\u017anie CIT i&nbsp;PIT, dochody bud\u017cetowe wyra\u017ane rosn\u0105. Podczas dotychczasowych 7&nbsp;lat rz\u0105d\u00f3w Prawa i&nbsp;Sprawiedliwo\u015bci, dochody bud\u017cetu pa\u0144stwa w&nbsp;stosunku do&nbsp;roku 2015 (ostatniego roku rz\u0105d\u00f3w Platformy), powi\u0119kszano zdecydowanie mocniej ni\u017c za&nbsp;rz\u0105d\u00f3w&nbsp;poprzednik\u00f3w.<\/p>\n\n\n\n<p>I&nbsp;tak w&nbsp;2016 roku by\u0142o to&nbsp;65&nbsp;mld z\u0142&nbsp;wi\u0119cej, 2017 roku o&nbsp;109 mld z\u0142&nbsp;wi\u0119cej, w&nbsp;2018 roku ju\u017c o&nbsp;154 mld z\u0142&nbsp;wi\u0119cej, w&nbsp;2019 roku 185 mld z\u0142&nbsp;wi\u0119cej, w&nbsp;2020 roku a\u017c&nbsp;o&nbsp;210 mld z\u0142&nbsp;wi\u0119cej, w&nbsp;2021 o&nbsp;206 mld z\u0142&nbsp;wi\u0119cej, w&nbsp;roku 2022 b\u0119dzie to&nbsp;o&nbsp;ok. 203 mld z\u0142&nbsp;wi\u0119cej. Sumarycznie dochody bud\u017cetowe w&nbsp;latach 2016-2022 s\u0105&nbsp;wy\u017csze od&nbsp;tych osi\u0105gni\u0119tych w&nbsp;bud\u017cecie roku 2015, a\u017c&nbsp;o&nbsp;1&nbsp;bilion 132 mld z\u0142, czyli \u015bredniorocznie a\u017c&nbsp;o&nbsp;ponad 160 mld z\u0142. Tak ogromy \u015brednioroczny przyrost dochod\u00f3w bud\u017cetowych nast\u0105pi\u0142 mimo, \u017ce&nbsp;lata 2020-2021 to&nbsp;okres pandemii Covid19 i&nbsp;w&nbsp;konsekwencji spadek PKB, a&nbsp;2022 roku mamy kryzys energetyczny i&nbsp;w&nbsp;zwi\u0105zku z&nbsp;tym obni\u017cono wiele stawek podatkowych na&nbsp;energi\u0119 i&nbsp;paliwa, ponadto rz\u0105d Prawa i&nbsp;Sprawiedliwo\u015bci jak ju\u017c wspomnia\u0142em wy\u017cej, obni\u017ca\u0142 tak\u017ce stawki podatk\u00f3w PIT i&nbsp;CIT, co&nbsp;wi\u0119cej w&nbsp;okresie tych rz\u0105d\u00f3w zaniechano wyprzeda\u017cy maj\u0105tku Skarbu Pa\u0144stwa i&nbsp;sprzeda\u017cy ziemi z&nbsp;zasob\u00f3w Skarbu&nbsp;Pa\u0144stwa.<\/p>\n\n\n\n<p>To&nbsp;w\u0142a\u015bnie dlatego, nie b\u0119dzie w&nbsp;Polsce \u017cadnego scenariusza greckiego, wenezuelskiego, tureckiego, czy rumu\u0144skiego, dop\u00f3ki rz\u0105dzi Prawo i&nbsp;Sprawiedliwo\u015b\u0107 i&nbsp;realizuje swoj\u0105 polityk\u0119 gospodarcz\u0105&nbsp;i&nbsp;spo\u0142eczn\u0105.<\/p>\n\n\n\n<p>Cho\u0107, gdyby nie daj Bo\u017ce, do&nbsp;w\u0142adzy wr\u00f3ci\u0142a Platforma, z&nbsp;Balcerowiczem w&nbsp;rz\u0105dzie, to&nbsp;nie tylko znikn\u0119\u0142yby programy spo\u0142eczne, podwy\u017cszono by&nbsp;wiek emerytalny ale nie wykluczone, \u017ce&nbsp;zmaterializowa\u0142by si\u0119, kt\u00f3ry\u015b z&nbsp;wy\u017cej wymienionych&nbsp;scenariuszy.<\/p>\n","protected":false},"excerpt":{"rendered":"<p>Zbigniew Ku\u017amiuk Leszek Balcerowicz, kt\u00f3ry niedawno by\u0142 go\u015bciem Campusu Rafa\u0142a Trzaskowskiego, tym razem wst\u0105pi\u0142 w&nbsp;radiu TOK FM&nbsp;i&nbsp;doradza\u0142 opozycji,<\/p>\n","protected":false},"author":1,"featured_media":2238,"comment_status":"closed","ping_status":"closed","sticky":false,"template":"","format":"standard","meta":{"footnotes":""},"categories":[9],"tags":[],"class_list":["post-2237","post","type-post","status-publish","format-standard","has-post-thumbnail","hentry","category-start"],"_links":{"self":[{"href":"https:\/\/kuriercodziennychicago.com\/index.php\/wp-json\/wp\/v2\/posts\/2237","targetHints":{"allow":["GET"]}}],"collection":[{"href":"https:\/\/kuriercodziennychicago.com\/index.php\/wp-json\/wp\/v2\/posts"}],"about":[{"href":"https:\/\/kuriercodziennychicago.com\/index.php\/wp-json\/wp\/v2\/types\/post"}],"author":[{"embeddable":true,"href":"https:\/\/kuriercodziennychicago.com\/index.php\/wp-json\/wp\/v2\/users\/1"}],"replies":[{"embeddable":true,"href":"https:\/\/kuriercodziennychicago.com\/index.php\/wp-json\/wp\/v2\/comments?post=2237"}],"version-history":[{"count":1,"href":"https:\/\/kuriercodziennychicago.com\/index.php\/wp-json\/wp\/v2\/posts\/2237\/revisions"}],"predecessor-version":[{"id":2239,"href":"https:\/\/kuriercodziennychicago.com\/index.php\/wp-json\/wp\/v2\/posts\/2237\/revisions\/2239"}],"wp:featuredmedia":[{"embeddable":true,"href":"https:\/\/kuriercodziennychicago.com\/index.php\/wp-json\/wp\/v2\/media\/2238"}],"wp:attachment":[{"href":"https:\/\/kuriercodziennychicago.com\/index.php\/wp-json\/wp\/v2\/media?parent=2237"}],"wp:term":[{"taxonomy":"category","embeddable":true,"href":"https:\/\/kuriercodziennychicago.com\/index.php\/wp-json\/wp\/v2\/categories?post=2237"},{"taxonomy":"post_tag","embeddable":true,"href":"https:\/\/kuriercodziennychicago.com\/index.php\/wp-json\/wp\/v2\/tags?post=2237"}],"curies":[{"name":"wp","href":"https:\/\/api.w.org\/{rel}","templated":true}]}}