{"id":2249,"date":"2022-11-11T22:56:07","date_gmt":"2022-11-12T04:56:07","guid":{"rendered":"https:\/\/kuriercodziennychicago.com\/?p=2249"},"modified":"2022-11-11T22:56:26","modified_gmt":"2022-11-12T04:56:26","slug":"przez-8-lat-podatki-bankowy-i-handlowy-przyniosa-46-mld-zl","status":"publish","type":"post","link":"https:\/\/kuriercodziennychicago.com\/index.php\/2022\/11\/11\/przez-8-lat-podatki-bankowy-i-handlowy-przyniosa-46-mld-zl\/","title":{"rendered":"Przez 8 lat podatki bankowy i handlowy przynios\u0105 46 mld z\u0142"},"content":{"rendered":"<div class=\"wp-block-image is-style-rounded\">\n<figure class=\"alignleft size-full is-resized\"><img decoding=\"async\" src=\"https:\/\/kuriercodziennychicago.com\/wp-content\/uploads\/2022\/09\/Zbigniew_Kuzmiuk.jpg\" alt=\"\" class=\"wp-image-1480\" width=\"56\" height=\"74\"\/><\/figure>\n<\/div>\n\n\n<blockquote class=\"wp-block-quote is-layout-flow wp-block-quote-is-layout-flow\">\n<h3 class=\"wp-block-heading\"><a href=\"https:\/\/wpolityce.pl\/autorzy\/274-zbigniew-kuzmiuk\">Zbigniew Ku\u017amiuk<\/a><\/h3>\n<\/blockquote>\n\n\n\n<p><strong>Rz\u0105d Zjednoczonej Prawicy w&nbsp;ci\u0105gu 8&nbsp;lat dokona\u0142 w&nbsp;zasadzie rzeczy niemo\u017cliwej, wi\u0119cej ni\u017c podwoi\u0142 dochody bud\u017cetowe, wzros\u0142y one bowiem z&nbsp;289,1&nbsp;mld z\u0142&nbsp;w&nbsp;roku 2015 (ostatnim roku rz\u0105d\u00f3w PO-PSL) do&nbsp;a\u017c&nbsp;604,4&nbsp;mld z\u0142&nbsp;(dochody bud\u017cetowe zaplanowane w&nbsp;bud\u017cecie na&nbsp;2023&nbsp;rok).<\/strong><\/p>\n\n\n\n<h2 class=\"wp-block-heading\">Bud\u017cet na&nbsp;2023&nbsp;rok<\/h2>\n\n\n\n<p>Ten wynosz\u0105cy ponad 2-krotny wzrost tych dochod\u00f3w bud\u017cetowych, nawet zak\u0142adaj\u0105c skumulowan\u0105 inflacj\u0119 w&nbsp;tym okresie wynosz\u0105c\u0105 ok. 30&nbsp;proc. jest rzeczywi\u015bcie imponuj\u0105cy, a&nbsp;z\u0142o\u017cy\u0142 si\u0119 na&nbsp;to&nbsp;ogromny wzrost wp\u0142yw\u00f3w z&nbsp;g\u0142\u00f3wnych podatk\u00f3w VAT, PIT&nbsp;i&nbsp;CIT.<\/p>\n\n\n\n<p>W&nbsp;bud\u017cecie na&nbsp;2023 rok zaplanowano 286,3&nbsp;mld z\u0142&nbsp;dochod\u00f3w z&nbsp;VAT, co&nbsp;oznacza, \u017ce&nbsp;b\u0119d\u0105 one wy\u017csze a\u017c&nbsp;o&nbsp;151 proc. (2,5-krotny wzrost), ni\u017c ich wykonane w&nbsp;2015 roku (wtedy osi\u0105gn\u0119\u0142y one 123,1&nbsp;mld&nbsp;z\u0142).<\/p>\n\n\n\n<p>Wp\u0142ywy z&nbsp;PIT wynios\u0105 a\u017c&nbsp;78,4&nbsp;mld z\u0142&nbsp;i&nbsp;to&nbsp;mimo znacz\u0105cej obni\u017cki stawki tego podatku i&nbsp;10-krotnego podwy\u017cszenia kwoty wolnej (w&nbsp;2015 roku wynios\u0142y tylko 45&nbsp;mld z\u0142), a&nbsp;z&nbsp;CIT wynios\u0105 a\u017c&nbsp;73,6&nbsp;mld z\u0142&nbsp;i&nbsp;w&nbsp;por\u00f3wnaniu z&nbsp;wykonaniem z&nbsp;roku 2015, kiedy to&nbsp;wynios\u0142y tylko 25,6&nbsp;mld z\u0142&nbsp;(w&nbsp;tym przypadku wzrost jest dos\u0142ownie szokuj\u0105cy, wyni\u00f3s\u0142 on&nbsp;bowiem blisko 300&nbsp;proc.).<\/p>\n\n\n\n<figure class=\"wp-block-image size-large\"><img decoding=\"async\" width=\"1024\" height=\"611\" src=\"https:\/\/kuriercodziennychicago.com\/wp-content\/uploads\/2022\/11\/9e3a065a6ff7172378cc7b53738478be-1024x611.jpg\" alt=\"\" class=\"wp-image-2250\" srcset=\"https:\/\/kuriercodziennychicago.com\/wp-content\/uploads\/2022\/11\/9e3a065a6ff7172378cc7b53738478be-1024x611.jpg 1024w, https:\/\/kuriercodziennychicago.com\/wp-content\/uploads\/2022\/11\/9e3a065a6ff7172378cc7b53738478be-300x179.jpg 300w, https:\/\/kuriercodziennychicago.com\/wp-content\/uploads\/2022\/11\/9e3a065a6ff7172378cc7b53738478be-768x458.jpg 768w, https:\/\/kuriercodziennychicago.com\/wp-content\/uploads\/2022\/11\/9e3a065a6ff7172378cc7b53738478be.jpg 1200w\" sizes=\"(max-width: 1024px) 100vw, 1024px\" \/><\/figure>\n\n\n\n<p>Tak wysokie wp\u0142ywy podatkowe ze&nbsp;wszystkich podatk\u00f3w i&nbsp;to&nbsp;mimo obni\u017cek stawek podatku zar\u00f3wno PIT i&nbsp;CIT, a&nbsp;tak\u017ce wprowadzenia tarcz antyinflacyjnych, obni\u017caj\u0105cych g\u0142\u00f3wnie stawki podatku VAT w&nbsp;2022 roku, pokazuj\u0105 jak skutecznie zosta\u0142 uszczelniony system podatkowy w&nbsp;Polsce przez 7&nbsp;lat rz\u0105d\u00f3w&nbsp;PiS.<\/p>\n\n\n\n<p>Mi\u0119dzy innymi luka w&nbsp;podatku VAT, kt\u00f3ra wynosi\u0142a jeszcze w&nbsp;2015 roku 24,2&nbsp;proc. potencjalnych wp\u0142yw\u00f3w, w&nbsp;roku 2021 zosta\u0142a zmniejszona do&nbsp;4,3&nbsp;proc., co&nbsp;oznacza o&nbsp;47&nbsp;mld z\u0142&nbsp;wp\u0142yw\u00f3w z&nbsp;tego podatku wi\u0119cej w&nbsp;warunkach 2021&nbsp;roku.<\/p>\n\n\n\n<h2 class=\"wp-block-heading\">Podatek bankowy&nbsp;i&nbsp;handlowy<\/h2>\n\n\n\n<p>Ale rz\u0105d Zjednoczonej Prawicy \u201eschyla si\u0119 po&nbsp;ka\u017cdy grosz\u201d dodatkowych dochod\u00f3w bud\u017cetowych, o&nbsp;czym \u015bwiadcz\u0105 tak\u017ce wp\u0142ywy z&nbsp;podatku bankowego i&nbsp;podatku handlowego, wprowadzonych w\u0142a\u015bnie przez ten rz\u0105d, mimo sprzeciwu polskiej opozycji ale tak\u017ce Komisji&nbsp;Europejskiej.<\/p>\n\n\n\n<p>Pami\u0119tamy ile negatywnych emocji wywo\u0142ywa\u0142o wprowadzenie w&nbsp;Polsce od&nbsp;1&nbsp;lutego 2016 roku, podatku od&nbsp;instytucji sektora finansowego, nazywanego w&nbsp;skr\u00f3cie podatkiem bankowym. Protestowali przedstawiciele sektora finansowego, \u201etotalna\u201d opozycja w&nbsp;Parlamencie dos\u0142ownie stawa\u0142a na&nbsp;g\u0142owie by&nbsp;go&nbsp;nie uchwali\u0107, s\u0142ano skargi do&nbsp;Komisji Europejskiej, kt\u00f3ra wnikliwie bada\u0142a motywy jego&nbsp;wprowadzenia.<\/p>\n\n\n\n<p>Wp\u0142ywy z&nbsp;tego podatku przez 7&nbsp;lat jego obowi\u0105zywania, wynios\u0142y ju\u017c ponad 30&nbsp;mld z\u0142, na&nbsp;rok 2022 zosta\u0142y zaplanowane na&nbsp;poziomie 5,4&nbsp;mld z\u0142&nbsp;i&nbsp;poniewa\u017c po&nbsp;pa\u017adzierniku przekroczy\u0142y 5&nbsp;mld z\u0142, wszystko wskazuje na&nbsp;to, \u017ce&nbsp;zbli\u017c\u0105 si\u0119 do&nbsp;6&nbsp;mld&nbsp;z\u0142.<\/p>\n\n\n\n<p>Jeszcze wi\u0119kszego oporu opozycji ale tak\u017ce firm zagranicznych, do\u015bwiadczy\u0142 rz\u0105d Zjednoczonej Prawicy w&nbsp;zwi\u0105zku pr\u00f3b\u0105 wprowadzenia podatku od&nbsp;sprzeda\u017cy detalicznej dotycz\u0105cego sklep\u00f3w&nbsp;wielkopowierzchniowych.<\/p>\n\n\n\n<p>Mia\u0142 on&nbsp;wej\u015b\u0107 w&nbsp;\u017cycie tak\u017ce od&nbsp;2016 roku ale zosta\u0142 on&nbsp;zaskar\u017cony do&nbsp;TSUE przez Komisj\u0119 Europejsk\u0105 i&nbsp;w&nbsp;zwi\u0105zku z&nbsp;tym&nbsp;zablokowany.<\/p>\n\n\n\n<p>Po&nbsp;ponad 4&nbsp;latach, rz\u0105d wygra\u0142 proces z&nbsp;KE&nbsp;w&nbsp;TSUE i&nbsp;od&nbsp;1&nbsp;stycznia 2021 roku tzw. podatek handlowy wszed\u0142 w&nbsp;\u017cycie, w\u0142a\u015bnie w&nbsp;roku 2021 przyni\u00f3s\u0142 dodatkowe wp\u0142ywy do&nbsp;bud\u017cetu w&nbsp;wysoko\u015bci ponad 2,6&nbsp;mld z\u0142, a&nbsp;w&nbsp;tym roku wp\u0142ywy z&nbsp;tego podatku przekrocz\u0105 3&nbsp;mld z\u0142&nbsp;(\u0142\u0105cznie wi\u0119c ponad 5,6&nbsp;mld&nbsp;z\u0142).<\/p>\n\n\n\n<p>A&nbsp;wi\u0119c \u0142\u0105cznie przez 7&nbsp;lat z&nbsp;obydwu podatk\u00f3w bankowego i&nbsp;handlowego, kt\u00f3re z&nbsp;du\u017cym trudem zosta\u0142y wprowadzone przez rz\u0105d Zjednoczonej Prawicy, wp\u0142yn\u0119\u0142o do&nbsp;bud\u017cetu pa\u0144stwa blisko 36&nbsp;mld&nbsp;z\u0142.<\/p>\n\n\n\n<p>Ale nie tylko te&nbsp;dodatkowe wp\u0142ywy s\u0105&nbsp;wa\u017cne, podatkiem bankowym zosta\u0142y obj\u0119te banki komercyjne, kt\u00f3re osi\u0105gaj\u0105 w&nbsp;Polsce wyj\u0105tkowo wysokie zyski, a&nbsp;cz\u0119sto \u201eucieka\u0142y\u201d od&nbsp;obci\u0105\u017ce\u0144 klasycznym podatkiem&nbsp;dochodowym.<\/p>\n\n\n\n<p>Podobnie z&nbsp;handlem wielkopowierzchniowym, wielkie sieci handlowe mimo osi\u0105gania ogromnych obrot\u00f3w w&nbsp;Polsce, p\u0142aci\u0142y symboliczny podatek dochodowy, dodatkowego podatku handlowego jednak nie unikn\u0105, poniewa\u017c jest on&nbsp;obliczany&nbsp;od&nbsp;obrot\u00f3w.<\/p>\n\n\n\n<p>Rz\u0105d Zjednoczonej Prawicy \u201eschyla si\u0119 po&nbsp;ka\u017cdy grosz\u201d, a&nbsp;blisko 36&nbsp;mld z\u0142&nbsp;dodatkowych dochod\u00f3w w&nbsp;ci\u0105gu 7&nbsp;lat z&nbsp;podatk\u00f3w bankowego i&nbsp;handlowego dobitnie o&nbsp;tym&nbsp;\u015bwiadczy.<\/p>\n\n\n\n<p>Na&nbsp;rok 2023 minister finans\u00f3w prognozuje si\u0119 wp\u0142ywy z&nbsp;podatku bankowego w&nbsp;wysoko\u015bci ponad 6&nbsp;mld z\u0142, z&nbsp;kolei z&nbsp;podatku handlowego blisko 4&nbsp;mld z\u0142, co&nbsp;oznacza, \u017ce&nbsp;przez 8&nbsp;lat rz\u0105d\u00f3w z&nbsp;obydwu podatk\u00f3w, \u0142\u0105cznie osi\u0105gniemy ponad 46&nbsp;mld z\u0142&nbsp;i&nbsp;to&nbsp;mimo blokowania przez TSUE przez 4&nbsp;lata podatku&nbsp;handlowego.<\/p>\n","protected":false},"excerpt":{"rendered":"<p>Zbigniew Ku\u017amiuk Rz\u0105d Zjednoczonej Prawicy w&nbsp;ci\u0105gu 8&nbsp;lat dokona\u0142 w&nbsp;zasadzie rzeczy niemo\u017cliwej, wi\u0119cej ni\u017c podwoi\u0142 dochody bud\u017cetowe, wzros\u0142y one<\/p>\n","protected":false},"author":1,"featured_media":2250,"comment_status":"closed","ping_status":"closed","sticky":false,"template":"","format":"standard","meta":{"footnotes":""},"categories":[2,9],"tags":[],"class_list":["post-2249","post","type-post","status-publish","format-standard","has-post-thumbnail","hentry","category-polityka","category-start"],"_links":{"self":[{"href":"https:\/\/kuriercodziennychicago.com\/index.php\/wp-json\/wp\/v2\/posts\/2249","targetHints":{"allow":["GET"]}}],"collection":[{"href":"https:\/\/kuriercodziennychicago.com\/index.php\/wp-json\/wp\/v2\/posts"}],"about":[{"href":"https:\/\/kuriercodziennychicago.com\/index.php\/wp-json\/wp\/v2\/types\/post"}],"author":[{"embeddable":true,"href":"https:\/\/kuriercodziennychicago.com\/index.php\/wp-json\/wp\/v2\/users\/1"}],"replies":[{"embeddable":true,"href":"https:\/\/kuriercodziennychicago.com\/index.php\/wp-json\/wp\/v2\/comments?post=2249"}],"version-history":[{"count":1,"href":"https:\/\/kuriercodziennychicago.com\/index.php\/wp-json\/wp\/v2\/posts\/2249\/revisions"}],"predecessor-version":[{"id":2251,"href":"https:\/\/kuriercodziennychicago.com\/index.php\/wp-json\/wp\/v2\/posts\/2249\/revisions\/2251"}],"wp:featuredmedia":[{"embeddable":true,"href":"https:\/\/kuriercodziennychicago.com\/index.php\/wp-json\/wp\/v2\/media\/2250"}],"wp:attachment":[{"href":"https:\/\/kuriercodziennychicago.com\/index.php\/wp-json\/wp\/v2\/media?parent=2249"}],"wp:term":[{"taxonomy":"category","embeddable":true,"href":"https:\/\/kuriercodziennychicago.com\/index.php\/wp-json\/wp\/v2\/categories?post=2249"},{"taxonomy":"post_tag","embeddable":true,"href":"https:\/\/kuriercodziennychicago.com\/index.php\/wp-json\/wp\/v2\/tags?post=2249"}],"curies":[{"name":"wp","href":"https:\/\/api.w.org\/{rel}","templated":true}]}}