{"id":2260,"date":"2022-11-11T23:01:29","date_gmt":"2022-11-12T05:01:29","guid":{"rendered":"https:\/\/kuriercodziennychicago.com\/?p=2260"},"modified":"2022-11-11T23:01:29","modified_gmt":"2022-11-12T05:01:29","slug":"nasladujcie-sw-karola-boromeusza","status":"publish","type":"post","link":"https:\/\/kuriercodziennychicago.com\/index.php\/2022\/11\/11\/nasladujcie-sw-karola-boromeusza\/","title":{"rendered":"Na\u015bladujcie \u015bw. Karola Boromeusza!"},"content":{"rendered":"\n<p><strong>Karol urodzi\u0142 si\u0119 na zamku Arona 3 pa\u017adziernika 1538 r. jako syn arystokratycznego rodu, spokrewnionego z rodem Medici. Ojciec Karola wyr\u00f3\u017cnia\u0142 si\u0119 prawo\u015bci\u0105 charakteru, g\u0142\u0119bok\u0105 religijno\u015bci\u0105 i mi\u0142osierdziem dla ubogich. To mi\u0142osierdzie b\u0119dzie dla Karola, nawet ju\u017c jako kardyna\u0142a, idea\u0142em \u017cycia chrze\u015bcija\u0144skiego.<\/strong><\/p>\n\n\n\n<p>Ju\u017c w m\u0142odym wieku Karol posiada\u0142 wielki maj\u0105tek. Kiedy mia\u0142 zaledwie 7 lat, biskup Lodi da\u0142 mu sukni\u0119 kleryck\u0105, przeznaczaj\u0105c go w ten spos\u00f3b do stanu duchownego. Takie by\u0142y \u00f3wczesne zwyczaje. Dwa lata p\u00f3\u017aniej zmar\u0142a matka Karola. Aby zapewni\u0107 mu odpowiednie warunki na przysz\u0142o\u015b\u0107, mianowano go w wieku 12 lat opatem w rodzinnej miejscowo\u015bci. M\u0142odzieniec nie pochwala\u0142 jednak tego zwyczaju i wym\u00f3g\u0142 na ojcu, \u017ceby dochody z opactwa przeznaczano na ubogich.<\/p>\n\n\n\n<figure class=\"wp-block-image size-full\"><img decoding=\"async\" width=\"800\" height=\"460\" src=\"https:\/\/kuriercodziennychicago.com\/wp-content\/uploads\/2022\/11\/74585.jpg\" alt=\"\" class=\"wp-image-2261\" srcset=\"https:\/\/kuriercodziennychicago.com\/wp-content\/uploads\/2022\/11\/74585.jpg 800w, https:\/\/kuriercodziennychicago.com\/wp-content\/uploads\/2022\/11\/74585-300x173.jpg 300w, https:\/\/kuriercodziennychicago.com\/wp-content\/uploads\/2022\/11\/74585-768x442.jpg 768w\" sizes=\"(max-width: 800px) 100vw, 800px\" \/><\/figure>\n\n\n\n<p>Pierwsze nauki pobiera\u0142 Karol na zamku rodzinnym w Arona. Po uko\u0144czeniu studi\u00f3w w domu wyjecha\u0142 zaraz na uniwersytet do Pawii, gdzie zako\u0144czy\u0142 studia podw\u00f3jnym doktoratem z prawa ko\u015bcielnego i cywilnego (1559). W tym samym roku jego wuj zosta\u0142 wybrany papie\u017cem i przyj\u0105\u0142 imi\u0119 Pius IV. Za jego przyczyn\u0105 Karol trafi\u0142 do Rzymu i zosta\u0142 mianowany protonotariuszem apostolskim i referentem w sygnaturze. Ju\u017c w rok p\u00f3\u017aniej, w 23. roku \u017cycia, zosta\u0142 mianowany kardyna\u0142em i arcybiskupem Mediolanu (z obowi\u0105zkiem pozostawania w Rzymie), mimo \u017ce \u015bwi\u0119cenia kap\u0142a\u0144skie i biskupie przyj\u0105\u0142 dopiero dwa lata p\u00f3\u017aniej (1563). W latach nast\u0119pnych papie\u017c mianowa\u0142 siostrze\u0144ca kardyna\u0142em-protektorem Portugalii, Niderland\u00f3w (Belgii i Holandii) oraz katolik\u00f3w szwajcarskich, ponadto opiekunem wielu zakon\u00f3w i archiprezbiterem bazyliki Matki Bo\u017cej Wi\u0119kszej w Rzymie. Urz\u0119dy te i tytu\u0142y dawa\u0142y Karolowi rocznie ogromny doch\u00f3d. By\u0142o to jawne nadu\u017cycie, jakie wkrad\u0142o si\u0119 do Ko\u015bcio\u0142a w owym czasie. Pius IV by\u0142 znany ze swej s\u0142abo\u015bci do nepotyzmu. Karol jednak bardzo powa\u017cnie traktowa\u0142 powierzone sobie obowi\u0105zki, a sumy, jakie przynosi\u0142y mu skumulowane godno\u015bci i urz\u0119dy, przeznacza\u0142 hojnie na cele dobroczynne i ko\u015bcielne. Sam \u017cy\u0142 ubogo jak mnich.<\/p>\n\n\n\n<p>Wkr\u00f3tce Karol sta\u0142 si\u0119 pierwsz\u0105 po papie\u017cu osob\u0105 w Kurii Rzymskiej. Praktycznie nic nie mog\u0142o si\u0119 bez niego dzia\u0107. Papie\u017c \u015blepo mu ufa\u0142. Nazywano go &#8222;okiem papie\u017ca&#8221;. Dzi\u0119ki temu uda\u0142o si\u0119 mu uporz\u0105dkowa\u0107 wiele spraw, usun\u0105\u0107 wiele nadu\u017cy\u0107. Nie mia\u0142 wzgl\u0119du na urodzenie, ale na charakter i przydatno\u015b\u0107 kandydata do godno\u015bci ko\u015bcielnych. Dlatego usuwa\u0142 bezwzgl\u0119dnie ludzi niegodnych i karierowicz\u00f3w. Takie post\u0119powanie zjedna\u0142o mu licznych i nieprzejednanych wrog\u00f3w. Dlatego zaraz po wyborze nowego papie\u017ca, \u015bw. Piusa V (1567), musia\u0142 opu\u015bci\u0107 Rzym. Bardzo si\u0119 z tego ucieszy\u0142, gdy\u017c m\u00f3g\u0142 zaj\u0105\u0107 si\u0119 teraz bezpo\u015brednio archidiecezj\u0105 mediola\u0144sk\u0105. Kiedy by\u0142 w Rzymie, mianowa\u0142 wprawdzie swojego wikariusza i kaza\u0142 sobie posy\u0142a\u0107 dok\u0142adne sprawozdania o stanie diecezji, zastrzeg\u0142 sobie te\u017c wszystkie wa\u017cniejsze decyzje. Teraz jednak by\u0142 faktycznym pasterzem swojej owczarni.<\/p>\n\n\n\n<p>Z ca\u0142\u0105 wrodzon\u0105 sobie energi\u0105 zabra\u0142 si\u0119 do pracy. W 1564 r. otworzy\u0142 wy\u017csze seminarium duchowne (jedno z pierwszych na \u015bwiecie). W kilku innych miastach za\u0142o\u017cy\u0142 seminaria ni\u017csze, by dla seminarium w Mediolanie dostarczy\u0107 kandydat\u00f3w ju\u017c odpowiednio przygotowanych. Prowadzenie seminarium powierzy\u0142 oblatom \u015bw. Ambro\u017cego, zgromadzeniu kap\u0142an\u00f3w diecezjalnych, kt\u00f3re istnieje do dzi\u015b. Zaraz po obj\u0119ciu rz\u0105d\u00f3w bezpo\u015brednich (1567) przeprowadzi\u0142 \u015bcis\u0142\u0105 wizytacj\u0119 kanoniczn\u0105, by zorientowa\u0107 si\u0119 w sytuacji. Popiera\u0142 zakony i szed\u0142 im z wydatn\u0105 pomoc\u0105. Dla ludzi \u015bwieckich zak\u0142ada\u0142 bractwa &#8211; szczeg\u00f3lnie popiera\u0142 Bractwo Nauki Chrze\u015bcija\u0144skiej, maj\u0105ce za cel katechizacj\u0119 dzieci. Dla przeprowadzenia koniecznych reform i uchwa\u0142 Soboru Trydenckiego (1545-1563) zwo\u0142a\u0142 a\u017c 13 synod\u00f3w diecezjalnych i 5 prowincjalnych. Dla umo\u017cliwienia ubogiej m\u0142odzie\u017cy studi\u00f3w wy\u017cszych za\u0142o\u017cy\u0142 przy uniwersytecie w Pawii osobne kolegium. W Mediolanie za\u0142o\u017cy\u0142 szko\u0142\u0119 wy\u017csz\u0105 filozofii i teologii, kt\u00f3rej prowadzenie powierzy\u0142 jezuitom. Teatynom natomiast powierzy\u0142 prowadzenie szko\u0142y i kolegium w Mediolanie dla m\u0142odzie\u017cy szlacheckiej.<\/p>\n\n\n\n<p>By\u0142 fundatorem przytu\u0142k\u00f3w: dla bezdomnych, dla upad\u0142ych dziewcz\u0105t i kobiet, oraz kilku sieroci\u0144c\u00f3w. Kiedy w 1582 r. zosta\u0142a przeprowadzona reforma msza\u0142u i brewiarza, zdo\u0142a\u0142 obroni\u0107 dla swojej diecezji obrz\u0105dek ambrozja\u0144ski, kt\u00f3ry by\u0142 tutaj w u\u017cyciu od niepami\u0119tnych czas\u00f3w. Kiedy za jego pasterzowania wybuch\u0142a w Mediolanie kilka razy epidemia, kardyna\u0142 Karol nakaza\u0142 otworzy\u0107 wszystkie spichlerze i rozda\u0107 \u017cywno\u015b\u0107 ubogim. Skierowa\u0142 tak\u017ce specjalne zach\u0119ty do duchowie\u0144stwa, aby szczeg\u00f3ln\u0105 trosk\u0105 otoczy\u0142o zara\u017conych oraz ich rodziny. Podczas zarazy w 1576 r. ni\u00f3s\u0142 pomoc chorym, karmi\u0105c nawet 60-70 tysi\u0119cy os\u00f3b dziennie; zaopatrywa\u0142 umieraj\u0105cych; odda\u0142 cierpi\u0105cym wszystko, nawet w\u0142asne \u0142\u00f3\u017cko. W czasie zarazy ospy, kt\u00f3ra poch\u0142on\u0119\u0142a ponad 18 tysi\u0119cy ofiar, zarz\u0105dzi\u0142 procesj\u0119 pokutn\u0105, kt\u00f3r\u0105 prowadzi\u0142 id\u0105c ulicami Mediolanu boso. W 1572 r. na konklawe by\u0142 powa\u017cnym kandydatem na papie\u017ca.<\/p>\n\n\n\n<p>Ulubion\u0105 rozrywk\u0105 Karola w m\u0142odo\u015bci by\u0142o polowanie i szachy. By\u0142 tak\u017ce estet\u0105 i zna\u0142 si\u0119 na sztuce. Gra\u0142 pi\u0119knie na wiolonczeli. Z tych rozrywek zrezygnowa\u0142 jednak dla Bo\u017cej sprawy, oddany bez reszty zbawieniu powierzonych sobie dusz. Wyr\u00f3\u017cnia\u0142 si\u0119 szczeg\u00f3lnym nabo\u017ce\u0144stwem do M\u0119ki Pa\u0144skiej. Dlatego nie rozstawa\u0142 si\u0119 z krzy\u017cem. Tkliw\u0105 mi\u0142o\u015bci\u0105 darzy\u0142 te\u017c sanktuaria maryjne.<br>Najwi\u0119ksz\u0105 zas\u0142ug\u0105 Karola by\u0142 jednak Sob\u00f3r Trydencki. Sob\u00f3r, rozpocz\u0119ty z wieloma nadziejami, wl\u00f3k\u0142 si\u0119 zbyt d\u0142ugo z powodu z\u0142ej organizacji. Trwa\u0142 a\u017c 18 lat (1545-1563). Dopiero kiedy Karol przyst\u0105pi\u0142 do dzia\u0142ania, sob\u00f3r m\u00f3g\u0142 szcz\u0119\u015bliwie doko\u0144czy\u0107 obrady. Dyskutowano na nim o wszystkich prawdach wiary, atakowanych przez protestant\u00f3w, i gruntownie je wyja\u015bniono. W dziedzinie karno\u015bci ko\u015bcielnej wprowadzono dekrety: nakazuj\u0105ce biskupom i duszpasterzom rezydowa\u0107 stale w diecezjach i parafiach, wprowadzono sta\u0142e wizytacje kanoniczne, regularny obowi\u0105zek zwo\u0142ywania synod\u00f3w, zakazano kumulacji urz\u0119d\u00f3w i godno\u015bci ko\u015bcielnych, nakazano zak\u0142adanie seminari\u00f3w duchownych &#8211; wy\u017cszych i ni\u017cszych, wprowadzono do pism katolickich cenzur\u0119 ko\u015bcieln\u0105, jak te\u017c indeks ksi\u0105\u017cek zakazanych, wreszcie wprowadzono regularn\u0105 katechizacj\u0119. Wi\u0119kszo\u015b\u0107 z tych uchwa\u0142 wysz\u0142o z wielkiego serca kap\u0142a\u0144skiego Karola Boromeusza. On te\u017c by\u0142 inicjatorem utworzenia osobnej kongregacji kardyna\u0142\u00f3w, kt\u00f3ra mia\u0142a za cel przypilnowanie, by uchwa\u0142y soboru by\u0142y wsz\u0119dzie zastosowane.<\/p>\n\n\n\n<p>Zmar\u0142 w Mediolanie 3 listopada 1584 r. wskutek febry, kt\u00f3rej nabawi\u0142 si\u0119 w czasie odprawiania w\u0142asnych rekolekcji. Pozostawi\u0142 po sobie du\u017cy dorobek pisarski. Beatyfikowany w 1602 r., kanonizowany przez Paw\u0142a V w 1610 r. Jego relikwie spoczywaj\u0105 w krypcie katedry mediola\u0144skiej. Jest patronem boromeuszek, diecezji w Lugano i Bazylei oraz uniwersytetu w Salzburgu; ponadto czczony jest jako opiekun bibliotekarzy, instytut\u00f3w wiedzy katechetycznej, proboszcz\u00f3w i profesor\u00f3w seminarium.<br><br><strong>W ikonografii<\/strong>&nbsp;\u015bw. Karol Boromeusz przedstawiany jest w stroju kardynalskim. Jego atrybutami s\u0105: bicz, czaszka, go\u0142\u0105b, kapelusz kardynalski, krucyfiks; postronek na szyi, kt\u00f3ry nosi\u0142 podczas procesji pokutnych.<\/p>\n\n\n\n<blockquote class=\"wp-block-quote is-layout-flow wp-block-quote-is-layout-flow\">\n<p><em>brewiarz.pl<\/em><\/p>\n<\/blockquote>\n","protected":false},"excerpt":{"rendered":"<p>Karol urodzi\u0142 si\u0119 na zamku Arona 3 pa\u017adziernika 1538 r. jako syn arystokratycznego rodu, spokrewnionego z rodem Medici.<\/p>\n","protected":false},"author":1,"featured_media":2261,"comment_status":"closed","ping_status":"closed","sticky":false,"template":"","format":"standard","meta":{"footnotes":""},"categories":[3,9],"tags":[],"class_list":["post-2260","post","type-post","status-publish","format-standard","has-post-thumbnail","hentry","category-religia","category-start"],"_links":{"self":[{"href":"https:\/\/kuriercodziennychicago.com\/index.php\/wp-json\/wp\/v2\/posts\/2260","targetHints":{"allow":["GET"]}}],"collection":[{"href":"https:\/\/kuriercodziennychicago.com\/index.php\/wp-json\/wp\/v2\/posts"}],"about":[{"href":"https:\/\/kuriercodziennychicago.com\/index.php\/wp-json\/wp\/v2\/types\/post"}],"author":[{"embeddable":true,"href":"https:\/\/kuriercodziennychicago.com\/index.php\/wp-json\/wp\/v2\/users\/1"}],"replies":[{"embeddable":true,"href":"https:\/\/kuriercodziennychicago.com\/index.php\/wp-json\/wp\/v2\/comments?post=2260"}],"version-history":[{"count":1,"href":"https:\/\/kuriercodziennychicago.com\/index.php\/wp-json\/wp\/v2\/posts\/2260\/revisions"}],"predecessor-version":[{"id":2262,"href":"https:\/\/kuriercodziennychicago.com\/index.php\/wp-json\/wp\/v2\/posts\/2260\/revisions\/2262"}],"wp:featuredmedia":[{"embeddable":true,"href":"https:\/\/kuriercodziennychicago.com\/index.php\/wp-json\/wp\/v2\/media\/2261"}],"wp:attachment":[{"href":"https:\/\/kuriercodziennychicago.com\/index.php\/wp-json\/wp\/v2\/media?parent=2260"}],"wp:term":[{"taxonomy":"category","embeddable":true,"href":"https:\/\/kuriercodziennychicago.com\/index.php\/wp-json\/wp\/v2\/categories?post=2260"},{"taxonomy":"post_tag","embeddable":true,"href":"https:\/\/kuriercodziennychicago.com\/index.php\/wp-json\/wp\/v2\/tags?post=2260"}],"curies":[{"name":"wp","href":"https:\/\/api.w.org\/{rel}","templated":true}]}}