{"id":231,"date":"2022-05-15T02:36:52","date_gmt":"2022-05-15T00:36:52","guid":{"rendered":"https:\/\/kuriercodziennychicago.com\/?p=231"},"modified":"2022-05-15T02:36:53","modified_gmt":"2022-05-15T00:36:53","slug":"wojna-na-ukrainie-miedzy-wierszami","status":"publish","type":"post","link":"https:\/\/kuriercodziennychicago.com\/index.php\/2022\/05\/15\/wojna-na-ukrainie-miedzy-wierszami\/","title":{"rendered":"Wojna na Ukrainie: mi\u0119dzy wierszami"},"content":{"rendered":"\n<div class=\"wp-block-image\"><figure class=\"alignleft size-full is-resized\"><img decoding=\"async\" src=\"https:\/\/kuriercodziennychicago.com\/wp-content\/uploads\/2022\/05\/Tomasz-Teluk.jpg\" alt=\"\" class=\"wp-image-43\" width=\"113\" height=\"149\"\/><\/figure><\/div>\n\n\n\n<h3 class=\"wp-block-heading\">Tomasz Teluk<\/h3>\n\n\n\n<p>Jak na ka\u017cdej wojnie w obiegu publicznym dominuje g\u0142\u00f3wnie propagandowa dezinformacja. Mamy wi\u0119c z jednej strony triumfalizm strony ukrai\u0144skiej \u2013 niewprawny odbiorca tre\u015bci mo\u017ce odnosi\u0107 wra\u017cenie, \u017ce na froncie gin\u0105 g\u0142\u00f3wnie Rosjanie, gdy ogl\u0105da spektakularne filmy z niszczenia helikopter\u00f3w, czo\u0142g\u00f3w i okr\u0119t\u00f3w. Z drugiej strony nast\u0119puje skuteczne straszenie Zachodu inwazj\u0105 oraz wojn\u0105 j\u0105drow\u0105, co mo\u017ce odstrasza\u0107 niekt\u00f3rych naszych sojusznik\u00f3w od zbytniego zaanga\u017cowania si\u0119 w pomoc ofiarom agresji. A jaki obraz si\u0119 wy\u0142ania, gdy udaje si\u0119 zajrze\u0107 za t\u0119 fasad\u0119?<\/p>\n\n\n\n<p>Wiele os\u00f3b donosi, \u017ce mieszka\u0144cy Zachodu s\u0105 przera\u017ceni nie tylko tym, co dzieje si\u0119 za nasz\u0105 wschodni\u0105 granic\u0105, lecz tak\u017ce tym, \u017ce wojna mo\u017ce sta\u0107 si\u0119 ich udzia\u0142em. Francuzi, Niemcy czy Hiszpanie wydzwaniaj\u0105 do swoich znajomych w Polsce, pytaj\u0105c, czy u nas jest jeszcze bezpiecznie, i pr\u00f3buj\u0105 dociec, kiedy ewentualny konflikt si\u0119 zacznie.<\/p>\n\n\n\n<h2 class=\"wp-block-heading\">Mi\u0119dzy l\u0119kiem a rzeczywisto\u015bci\u0105<\/h2>\n\n\n\n<p>Nie ma w zasadzie dnia, aby kt\u00f3remu\u015b z rosyjskich polityk\u00f3w si\u0119 nie wymskn\u0119\u0142o, \u017ce odpalenie broni j\u0105drowej to jedna z opcji, kt\u00f3ra le\u017cy na stole. Wystarczy tylko skonkretyzowa\u0107 cele, a s\u0105 one r\u00f3\u017cne. Mo\u017ce Kij\u00f3w, mo\u017ce Warszawa dla zdyscyplinowania Polski, mo\u017ce Ryga, Tallin, a mo\u017ce Sztokholm lub Helsinki, bo przecie\u017c Szwedzi i Finowie szykuj\u0105 si\u0119 do NATO wbrew intencjom Kremla. Czy rzeczywi\u015bcie jest si\u0119 czego ba\u0107? Kto prze\u017cy\u0142 komun\u0119, temu dywagacje na temat wojny j\u0105drowej. Za PRL roztrz\u0105sanie temat\u00f3w wok\u00f3\u0142 potencjalnego konfliktu by\u0142o na porz\u0105dku dziennym. Teraz jest podobnie i nale\u017cy ocenia\u0107 je jak wtedy \u2013 w kontek\u015bcie zimnowojennej polemiki.<\/p>\n\n\n\n<figure class=\"wp-block-image size-full\"><img decoding=\"async\" width=\"620\" height=\"394\" src=\"https:\/\/kuriercodziennychicago.com\/wp-content\/uploads\/2022\/05\/z28204982QCharkow-zdjecie-ilustracyjne.jpg\" alt=\"\" class=\"wp-image-232\" srcset=\"https:\/\/kuriercodziennychicago.com\/wp-content\/uploads\/2022\/05\/z28204982QCharkow-zdjecie-ilustracyjne.jpg 620w, https:\/\/kuriercodziennychicago.com\/wp-content\/uploads\/2022\/05\/z28204982QCharkow-zdjecie-ilustracyjne-300x191.jpg 300w, https:\/\/kuriercodziennychicago.com\/wp-content\/uploads\/2022\/05\/z28204982QCharkow-zdjecie-ilustracyjne-370x235.jpg 370w\" sizes=\"(max-width: 620px) 100vw, 620px\" \/><\/figure>\n\n\n\n<p>Czy Rosja jest rzeczywi\u015bcie tak\u0105 pot\u0119g\u0105 militarn\u0105, jak\u0105 pr\u00f3buje si\u0119 pokaza\u0107 \u015bwiatu? Okazuje si\u0119, \u017ce nie. Je\u015bli Ukraina przy systematycznej pomocy NATO jest w stanie stawi\u0107 jej czo\u0142a, paniczne nastawienie do tej \u201edrugiej armii \u015bwiata\u201d jest nieuzasadnione. Racjonalnie rzec bior\u0105c, agresja wobec kt\u00f3rego\u015b z kraj\u00f3w NATO jest ma\u0142o prawdopodobna, nie m\u00f3wi\u0105c ju\u017c o konflikcie z u\u017cyciem broni j\u0105drowej. Stan techniczny rosyjskiego uzbrojenia, wygl\u0105daj\u0105cy na utylizacj\u0119 arsena\u0142u z czas\u00f3w ZSRS, pokaza\u0142 prawd\u0119 o stanie rosyjskiej techniki wojskowej. Mo\u017cna wi\u0119c przypuszcza\u0107, \u017ce potencja\u0142 j\u0105drowy Kremla dobrze wygl\u0105da tylko na papierze. W efekcie mo\u017ce zagra\u017ca\u0107 najbardziej samej Rosji. Nie tylko z powodu, \u017ce prawdopodobnie wiele pocisk\u00f3w jest niezdatnych do u\u017cycia, ale przede wszystkim dlatego, \u017ce jakikolwiek atak spowodowa\u0142by mia\u017cd\u017c\u0105c\u0105 i ostateczn\u0105 odpowied\u017a ze strony Sojuszu P\u00f3\u0142nocnoatlantyckiego. O braku przes\u0142anek dla takiego scenariusza m\u00f3wi\u0142 ostatnio szef CIA Bill Burnes, kt\u00f3ry zapewnia, \u017ce wed\u0142ug danych wywiadowczych USA nie ma zagro\u017cenia atakiem nuklearnym na Ukrainie. Wojska rosyjskie nie planuj\u0105 nawet rozmieszczenia takiego rodzaju broni taktyczniej, kt\u00f3ra mog\u0142aby by\u0107 u\u017cyta w obecnej fazie konfliktu.<\/p>\n\n\n\n<p>Wojna jednak mo\u017ce si\u0119 przed\u0142u\u017ca\u0107. Zaci\u0119ty op\u00f3r Ukrai\u0144c\u00f3w, brak znacz\u0105cych sukces\u00f3w ze strony Rosji przemawiaj\u0105 raczej za d\u0142ugoterminowym konfliktem s\u0142u\u017c\u0105cym wyniszczeniu. Rosja jest lepiej przygotowana do t\u0105pni\u0119cia gospodarki ni\u017c w 2015 r., gdy spotka\u0142y j\u0105 sankcje za inwazj\u0119 na Krym. Posiada nie tylko 570 mld dol. rezerw walutowych, lecz tak\u017ce sta\u0142e dochody ze sprzeda\u017cy w\u0119glowodor\u00f3w, kt\u00f3re zapewniaj\u0105 jej zar\u00f3wno Chiny, jak i wiele kraj\u00f3w europejskich. Tylko zalanie rynk\u00f3w tani\u0105 rop\u0105, a poziom jej op\u0142acalno\u015bci produkcji dla Rosjan jest oceniany na 42 dol. za bary\u0142k\u0119, mog\u0142oby skomplikowa\u0107 t\u0119 komfortow\u0105 sytuacj\u0119.<\/p>\n\n\n\n<h2 class=\"wp-block-heading\">Nie jest tak r\u00f3\u017cowo<\/h2>\n\n\n\n<p>Zar\u00f3wno w rosyjskim, jak i ukrai\u0144skim obozie nie jest jednak tak r\u00f3\u017cowo, jak przedstawiaj\u0105 to propagandowe media obu stron. Je\u015bli chodzi o Rosj\u0119, przyznaj\u0105 to nawet w oficjalnych programach. W propagandowym \u201e60 minut\u201d na kanale Rossija 1 ekspert wojskowy p\u0142k Michai\u0142 Chodarenok przyzna\u0142, \u017ce rosyjskie straty s\u0105 tak du\u017ce, \u017ce nie pomo\u017ce ani powszechna mobilizacja, ani rzucenie wszystkich si\u0142 do produkcji uzbrojenia. Rosja po prostu nie ma takich mo\u017cliwo\u015bci.<\/p>\n\n\n\n<p>\u2212 Za\u0142\u00f3\u017cmy, \u017ce mobilizacja zostanie og\u0142oszona. Jak szybko uda nam si\u0119 stworzy\u0107 pierwszy pu\u0142k lotniczy? Do nowego roku. Nie mamy rezerw, pilot\u00f3w i samolot\u00f3w. Dlatego mobilizacja okaza\u0142aby si\u0119 niedu\u017c\u0105 pomoc\u0105 \u2013 powiedzia\u0142. \u2013 Je\u015bli jeszcze tej nocy zam\u00f3wimy nowe okr\u0119ty, kiedy pierwszy z nich b\u0119dzie gotowy? Za dwa lata. Je\u015bli podejmiemy decyzj\u0119 o stworzeniu nowej dywizji pancernej, kiedy b\u0119dzie gotowa? Obstawiam, \u017ce przynajmniej za 90 dni. I nie b\u0119dzie wyposa\u017cona w nowoczesny sprz\u0119t, bo takiego nie mamy \u2013 doda\u0142 Chodarenok. Ukrai\u0144skie Centrum Bada\u0144 Armii, Konwersji i Rozbrojenia szacuje, \u017ce broni Rosjanom wystarczy najwy\u017cej na rok intensywnych dzia\u0142a\u0144.<\/p>\n\n\n\n<p>Tyle po stronie rosyjskiej, a co u Ukrai\u0144c\u00f3w? Walcz\u0105cy na wschodzie albo ci, kt\u00f3rzy maj\u0105 kontakt z wojskowymi po tamtej stronie, przyznaj\u0105 w rozmowie, \u017ce obraz, kt\u00f3ry dociera do medi\u00f3w, jest zgo\u0142a inny od rzeczywistego. Strona ukrai\u0144ska ponosi bardzo du\u017ce straty, a na wielu odcinkach walk sytuacja jest dramatyczna. Jeden z ochotnik\u00f3w polskich walcz\u0105cych w Donbasie powiedzia\u0142, \u017ce dowodzenie pozostawia wiele do \u017cyczenia. Wielu najemnik\u00f3w, gdy zetkn\u0119\u0142o si\u0119 z okrucie\u0144stwami wojny, nie wytrzyma\u0142o psychicznie i wr\u00f3ci\u0142o do dom\u00f3w. Wojna pozostawi\u0142a w ich g\u0142owach trwa\u0142e \u015blady. Polak, kt\u00f3ry wozi sprz\u0119t medyczny dla s\u0142u\u017cb ratowniczych przy 57 brygadzie walcz\u0105cej niedaleko Barwinkowa na froncie charkowskim, opowiada, \u017ce jest bardzo ci\u0119\u017cko, jest wielu zabitych i rannych, ale duch bojowy nie ustaje i obro\u0144cy ojczyzny walcz\u0105 z niezwyk\u0142\u0105 determinacj\u0105.<\/p>\n\n\n\n<p>Po sko\u0144czonych kontraktach z Ukrainy wracaj\u0105 kolejni najemnicy. Do Kanady wr\u00f3ci\u0142 jeden z najznakomitszych snajper\u00f3w o pseudonimie Wali. W obszernym wywiadzie, kt\u00f3rego udzieli\u0142 \u201eLa Presse\u201d, przebija rozczarowanie. Postanowi\u0142 wr\u00f3ci\u0107 po tym, jak ostrzeg\u0142 dw\u00f3ch ukrai\u0144skich towarzyszy broni, aby nie wystawiali si\u0119 na ostrza\u0142, gdy wyszli na papierosa. Nie pos\u0142uchali i na jego oczach trafi\u0142 ich rosyjski pocisk. Najemnikom brakuje sprz\u0119tu ochronnego, szwankuje proces weryfikacji i rozlokowywania wojsk. Brakuje jedzenia, benzyny. To po prostu wojna, a wielu my\u015bla\u0142o, \u017ce jedzie sobie postrzela\u0107 jak na safari. Do USA wraca tak\u017ce ulubieniec Twittera, Amerykanin James Vasquez. \u017bo\u0142nierzowi ko\u0144czy si\u0119 dwumiesi\u0119czny kontrakt na polu bitwy, kt\u00f3rego d\u0142ugo\u015b\u0107 wynegocjowa\u0142 z \u017con\u0105.<\/p>\n\n\n\n<h2 class=\"wp-block-heading\">Nostalgiczna parada w minorowym nastroju<\/h2>\n\n\n\n<p>Jak mocno na nasze umys\u0142y dzia\u0142a rosyjska propaganda i k\u0142amstwa oraz ukrai\u0144ska dezinformacja, mo\u017cna by\u0142o sobie uzmys\u0142owi\u0107 w trakcie ogl\u0105dania tegorocznej parady z okazji 9 maja na pl. Czerwonym. Prowadzili j\u0105 dwaj liderzy \u2013 W\u0142adimir Putin i Siergiej Szojgu, kt\u00f3rych ukrai\u0144skie media u\u015bmierci\u0142y lub po\u0142o\u017cy\u0142y na \u0142o\u017cu \u015bmierci kilkukrotnie. Nie by\u0142o te\u017c dramatycznych scen, sugerowanych przez rozmaite media. Putin ani nie og\u0142osi\u0142 wielkiej wojny z Zachodem, ani nawet z Ukrain\u0105. Nie by\u0142o te\u017c powszechnej mobilizacji, lecz jedynie rozkaz wi\u0119kszej pomocy rodzinom poszkodowanym na Ukrainie.<\/p>\n\n\n\n<p>\u2212 Wojskowa operacja specjalna na Ukrainie by\u0142a jedynym sposobem, w jaki Rosja mog\u0142a zapobiec agresji na jej terytorium \u2013 powiedzia\u0142 Putin. \u2013 Wszystko wskazywa\u0142o, \u017ce nieuniknione b\u0119dzie starcie z neonazistami, Bander\u0105, na kt\u00f3rych postawi\u0142y Stany Zjednoczone i ich m\u0142odsi partnerzy \u2013 doda\u0142. Putin powt\u00f3rzy\u0142 wi\u0119c wszystko to, co s\u0142yszeli\u015bmy do tej pory, usprawiedliwia\u0142 si\u0119 publicznie. Bredzi\u0142, \u017ce d\u0105\u017cy\u0142 do pokoju, dlatego rozp\u0119ta\u0142 wojn\u0119.<\/p>\n\n\n\n<p>Tegoroczna parada mia\u0142a dla Rosjan smutny charakter. Okrojony pokaz wojsk, wszechobecne nawi\u0105zania do czas\u00f3w ZSRS oraz grobowe miny uczestnik\u00f3w m\u00f3wi\u0142y wszystko. Putin po raz pierwszy otoczony by\u0142 \u0142a\u0144cuszkiem ochroniarzy. Wielu \u017co\u0142nierzy nawet nie spogl\u0105da\u0142o w stron\u0119 w\u0142odarza Kremla, kt\u00f3rego dni s\u0105 najpewniej ju\u017c policzone.<\/p>\n\n\n\n<p>Tomasz Teluk<\/p>\n\n\n\n<p>Autor jest za\u0142o\u017cycielem i dyrektorem Instytutu Globalizacji (www.globalizacja.org)<\/p>\n","protected":false},"excerpt":{"rendered":"<p>Tomasz Teluk Jak na ka\u017cdej wojnie w obiegu publicznym dominuje g\u0142\u00f3wnie propagandowa dezinformacja. Mamy wi\u0119c z jednej strony<\/p>\n","protected":false},"author":1,"featured_media":232,"comment_status":"closed","ping_status":"closed","sticky":false,"template":"","format":"standard","meta":{"footnotes":""},"categories":[2,9],"tags":[],"class_list":["post-231","post","type-post","status-publish","format-standard","has-post-thumbnail","hentry","category-polityka","category-start"],"_links":{"self":[{"href":"https:\/\/kuriercodziennychicago.com\/index.php\/wp-json\/wp\/v2\/posts\/231","targetHints":{"allow":["GET"]}}],"collection":[{"href":"https:\/\/kuriercodziennychicago.com\/index.php\/wp-json\/wp\/v2\/posts"}],"about":[{"href":"https:\/\/kuriercodziennychicago.com\/index.php\/wp-json\/wp\/v2\/types\/post"}],"author":[{"embeddable":true,"href":"https:\/\/kuriercodziennychicago.com\/index.php\/wp-json\/wp\/v2\/users\/1"}],"replies":[{"embeddable":true,"href":"https:\/\/kuriercodziennychicago.com\/index.php\/wp-json\/wp\/v2\/comments?post=231"}],"version-history":[{"count":1,"href":"https:\/\/kuriercodziennychicago.com\/index.php\/wp-json\/wp\/v2\/posts\/231\/revisions"}],"predecessor-version":[{"id":233,"href":"https:\/\/kuriercodziennychicago.com\/index.php\/wp-json\/wp\/v2\/posts\/231\/revisions\/233"}],"wp:featuredmedia":[{"embeddable":true,"href":"https:\/\/kuriercodziennychicago.com\/index.php\/wp-json\/wp\/v2\/media\/232"}],"wp:attachment":[{"href":"https:\/\/kuriercodziennychicago.com\/index.php\/wp-json\/wp\/v2\/media?parent=231"}],"wp:term":[{"taxonomy":"category","embeddable":true,"href":"https:\/\/kuriercodziennychicago.com\/index.php\/wp-json\/wp\/v2\/categories?post=231"},{"taxonomy":"post_tag","embeddable":true,"href":"https:\/\/kuriercodziennychicago.com\/index.php\/wp-json\/wp\/v2\/tags?post=231"}],"curies":[{"name":"wp","href":"https:\/\/api.w.org\/{rel}","templated":true}]}}