{"id":2322,"date":"2022-11-14T12:24:24","date_gmt":"2022-11-14T18:24:24","guid":{"rendered":"https:\/\/kuriercodziennychicago.com\/?p=2322"},"modified":"2022-11-14T12:24:25","modified_gmt":"2022-11-14T18:24:25","slug":"strategia-tuska-klamac-i-klamstwa-przykrywac-kolejnymi-klamstwami","status":"publish","type":"post","link":"https:\/\/kuriercodziennychicago.com\/index.php\/2022\/11\/14\/strategia-tuska-klamac-i-klamstwa-przykrywac-kolejnymi-klamstwami\/","title":{"rendered":"Strategia Tuska- k\u0142ama\u0107 i k\u0142amstwa przykrywa\u0107 kolejnymi k\u0142amstwami"},"content":{"rendered":"<div class=\"wp-block-image is-style-rounded\">\n<figure class=\"alignleft size-full is-resized\"><img decoding=\"async\" src=\"https:\/\/kuriercodziennychicago.com\/wp-content\/uploads\/2022\/09\/Zbigniew_Kuzmiuk.jpg\" alt=\"\" class=\"wp-image-1480\" width=\"47\" height=\"62\"\/><\/figure>\n<\/div>\n\n\n<blockquote class=\"wp-block-quote is-layout-flow wp-block-quote-is-layout-flow\">\n<h3 class=\"wp-block-heading\"><a href=\"https:\/\/wpolityce.pl\/autorzy\/274-zbigniew-kuzmiuk\">Zbigniew Ku\u017amiuk<\/a><\/h3>\n<\/blockquote>\n\n\n\n<p><strong>Pod koniec stycznia tego roku Janusz Palikot, kiedy\u015b wa\u017cny polityk Platformy, napisa\u0142 na&nbsp;jednym z&nbsp;portali spo\u0142eczno\u015bciowych, \u201e\u017ce&nbsp;je\u017celi opozycja chce wygra\u0107 wybory musi k\u0142ama\u0107\u201d i&nbsp;poda\u0142 6&nbsp;przyk\u0142ad\u00f3w takich k\u0142amstw, wszystkie ze&nbsp;znakiem zapytania, co&nbsp;mia\u0142oby k\u0142ami\u0105cemu pom\u00f3c w&nbsp;unikni\u0119ciu odpowiedzialno\u015bci&nbsp;prawnej.<\/strong><\/p>\n\n\n\n<h2 class=\"wp-block-heading\">eoria Marka Belki o&nbsp;skuteczno\u015bci&nbsp;w&nbsp;polityce<\/h2>\n\n\n\n<p>Tw\u00f3rczo t\u0119&nbsp;teori\u0119 rozwin\u0105\u0142, kiedy\u015b premier, a&nbsp;obecnie europose\u0142 Marek Belka, kt\u00f3ry dosta\u0142 si\u0119 do&nbsp;PE&nbsp;z&nbsp;listy Koalicji Obywatelskiej, a&nbsp;niedawno stwierdzi\u0142 w&nbsp;jednym z&nbsp;wywiad\u00f3w, \u017ce&nbsp;aby by\u0107 skutecznym w&nbsp;polityce, k\u0142amstwo trzeba szybko przykrywa\u0107, kolejnym&nbsp;k\u0142amstwem.<\/p>\n\n\n\n<p>Donald Tusk, kt\u00f3ry obje\u017cd\u017ca kraj i&nbsp;spotyka si\u0119 z&nbsp;wyborcami Platformy, po\u0142\u0105czy\u0142 te&nbsp;dwa podej\u015bcia i&nbsp;podczas tych spotka\u0144 w&nbsp;wielu sprawach k\u0142amie i&nbsp;prawie natychmiast te&nbsp;k\u0142amstwa przykrywa kolejnymi&nbsp;k\u0142amstwami.<\/p>\n\n\n\n<h2 class=\"wp-block-heading\">Liczby&nbsp;i&nbsp;fakty?<\/h2>\n\n\n\n<p>Tusk na&nbsp;tych spotkaniach z&nbsp;wyborcami m\u00f3wi o&nbsp;liczbach i&nbsp;faktach, kt\u00f3re mia\u0142by \u015bwiadczy\u0107 o&nbsp;znacznie lepszych rezultatach jego rz\u0105d\u00f3w dla Polak\u00f3w, ni\u017c obecnych 7-letnich rz\u0105d\u00f3w Zjednoczonej Prawicy, tyle tylko \u017ce&nbsp;wszystko to&nbsp;nie t\u0142umaczy, dlaczego na&nbsp;jesieni 2014 roku opu\u015bci\u0142 nagle fotel premiera (cho\u0107 jak m\u00f3wi\u0142 publicznie \u201esto kilkadziesi\u0105t razy\u201d, \u017ce&nbsp;nigdzie si\u0119 z&nbsp;tego stanowiska nie wybiera) i&nbsp;\u201euciek\u0142\u2019 do&nbsp;Brukseli, rekomenduj\u0105c na&nbsp;swoje miejsce, zupe\u0142nie bezradn\u0105 Ew\u0119&nbsp;Kopacz.<\/p>\n\n\n\n<p>Minister Piotr Muller, rzeczni rz\u0105du w&nbsp;kr\u00f3tkim filmiku rozprawia si\u0119 z&nbsp;tymi liczbami i&nbsp;faktami Tuska i&nbsp;por\u00f3wnuje kilka danych z&nbsp;okresu jego premierowania z&nbsp;tymi, kt\u00f3re uda\u0142o si\u0119 osi\u0105gn\u0105\u0107 podczas rz\u0105d\u00f3w Zjednoczonej&nbsp;Prawicy.<\/p>\n\n\n\n<figure class=\"wp-block-image size-large\"><img decoding=\"async\" width=\"1024\" height=\"640\" src=\"https:\/\/kuriercodziennychicago.com\/wp-content\/uploads\/2022\/11\/29603866532_1f8fb6a75b_k-1080x675-1-1024x640.jpg\" alt=\"\" class=\"wp-image-2323\" srcset=\"https:\/\/kuriercodziennychicago.com\/wp-content\/uploads\/2022\/11\/29603866532_1f8fb6a75b_k-1080x675-1-1024x640.jpg 1024w, https:\/\/kuriercodziennychicago.com\/wp-content\/uploads\/2022\/11\/29603866532_1f8fb6a75b_k-1080x675-1-300x188.jpg 300w, https:\/\/kuriercodziennychicago.com\/wp-content\/uploads\/2022\/11\/29603866532_1f8fb6a75b_k-1080x675-1-768x480.jpg 768w, https:\/\/kuriercodziennychicago.com\/wp-content\/uploads\/2022\/11\/29603866532_1f8fb6a75b_k-1080x675-1.jpg 1080w\" sizes=\"(max-width: 1024px) 100vw, 1024px\" \/><\/figure>\n\n\n\n<p>Mi\u0119dzy innymi p\u0142aca minimalna za&nbsp;rz\u0105d\u00f3w Tuska 1680 z\u0142&nbsp;i&nbsp;na&nbsp;nast\u0119pny rok 3600 z\u0142, minimalna emerytura 844 z\u0142&nbsp;poprzednio i&nbsp;1588 z\u0142&nbsp;w&nbsp;roku nast\u0119pnym, bezrobocie 11,4% wtedy i&nbsp;5,1% teraz, podatek PIT 18% wtedy i&nbsp;3&nbsp;tys. z\u0142&nbsp;kwoty wolnej od&nbsp;podatku wtedy i&nbsp;12% oraz 30&nbsp;tys. z\u0142&nbsp;kwoty wolnej teraz, stawka godzinowa 3-5&nbsp;z\u0142&nbsp;za&nbsp;godzin\u0119 wtedy i&nbsp;20&nbsp;z\u0142&nbsp;teraz. Tak wi\u0119c za&nbsp;Tuska, p\u0142aca minimalna by\u0142a ponad 2&nbsp;razy ni\u017csza ni\u017c teraz, a&nbsp;bezrobocie ponad 2&nbsp;razy wy\u017csze ni\u017c teraz i&nbsp;to&nbsp;chyba najbardziej wyraziste i&nbsp;przemawiaj\u0105ce do&nbsp;zwyk\u0142ych ludzi, por\u00f3wnanie skutk\u00f3w rz\u0105d\u00f3w Tuska z&nbsp;rz\u0105dami Zjednoczonej&nbsp;Prawicy.<\/p>\n\n\n\n<h2 class=\"wp-block-heading\">Mataczenie w&nbsp;sprawie 500&nbsp;Plus<\/h2>\n\n\n\n<p>Szczeg\u00f3lnie rzucaj\u0105ce si\u0119 w&nbsp;oczy jest mataczenie Tuska w&nbsp;sprawie programu \u201eRodzina 500 plus\u201d, w&nbsp;ci\u0105gu kilkunastu miesi\u0119cy jest kilka r\u00f3\u017cnych wersji, kt\u00f3re przedstawia, wszystkie oczywi\u015bcie nieprawdziwe, bowiem jego wypowiedzi z&nbsp;okresu kiedy rz\u0105dzi\u0142, po&nbsp;prostu&nbsp;im&nbsp;przecz\u0105.<\/p>\n\n\n\n<p>Tu\u017c po&nbsp;powrocie do&nbsp;polskiej polityki na&nbsp;jednym z&nbsp;pierwszych otwartych spotka\u0144 m\u00f3wi\u0142, \u017ce&nbsp;Ewa Kopacz mia\u0142a przygotowany program podobny do&nbsp;500 plus, ale Platforma przegra\u0142a wybory i&nbsp;nie zd\u0105\u017cy\u0142a go&nbsp;wprowadzi\u0107, cho\u0107 by\u0142y znane liczne wypowiedzi by\u0142ej premier, \u017ce&nbsp;to&nbsp;jest program nie do&nbsp;ud\u017awigni\u0119cia przez polski&nbsp;bud\u017cet.<\/p>\n\n\n\n<p>Ostatnio natomiast na&nbsp;jednym ze&nbsp;spotka\u0144, Tusk t\u0142umaczy\u0142, \u017ce&nbsp;jeszcze za&nbsp;jego rz\u0105d\u00f3w \u00f3wczesny minister finans\u00f3w Mateusz Szczurek przygotowa\u0142 program, kt\u00f3ry mo\u017cna okre\u015bli\u0107 jako 300 plus na&nbsp;ale on&nbsp;odszed\u0142 do&nbsp;Brukseli, a&nbsp;jego nast\u0119pczyni nie chcia\u0142a tych prac&nbsp;kontynuowa\u0107.<\/p>\n\n\n\n<p>Tak\u017ce je\u017celi chodzi o&nbsp;kontynuowanie programu 500 plus, Tusk oficjalnie zapewnia, \u017ce&nbsp;\u201e\u017ce&nbsp;nic co&nbsp;by\u0142o dane, nie b\u0119dzie odebrane\u201d i&nbsp;zaledwie kilka dni temu odpowiadaj\u0105c na&nbsp;pytanie jednego ze&nbsp;zwolennik\u00f3w, proponuje \u201echyba wolicie nieskomplikowany system podatkowy, ni\u017c 500&nbsp;z\u0142&nbsp;w&nbsp;kieszeni\u201d.<\/p>\n\n\n\n<h2 class=\"wp-block-heading\">\u015arodki&nbsp;z&nbsp;KPO<\/h2>\n\n\n\n<p>Jeszcze bezczelniej Tusk k\u0142amie w&nbsp;sprawie \u015brodk\u00f3w europejskich z&nbsp;Krajowego Programu Odbudowy (KPO), kt\u00f3re ju\u017c od&nbsp;ponad roku Komisja Europejska blokuje, \u0142ami\u0105c unijne&nbsp;prawo.<\/p>\n\n\n\n<p>Jesieni\u0105 poprzedniego roku Tusk zobowi\u0105zywa\u0142 si\u0119 publicznie na&nbsp;konferencji prasowej w&nbsp;Sopocie, \u017ce&nbsp;za&nbsp;par\u0119 dni udaje si\u0119 do&nbsp;Brukseli (jeszcze wtedy by\u0142 przewodnicz\u0105cym Europejskiej Partii Ludowej) i&nbsp;wtedy na&nbsp;posiedzeniu EPL, b\u0119dzie rozmawia\u0142 z&nbsp;przewodnicz\u0105c\u0105 Ursul\u0105 von der Leyen na&nbsp;ten&nbsp;temat.<\/p>\n\n\n\n<p>Z&nbsp;tamtej rozmowy nic nie wynik\u0142o, p\u00f3\u017aniej Tusk zosta\u0142 odwo\u0142any z&nbsp;szefa EPL i&nbsp;zacz\u0119\u0142y kr\u0105\u017cy\u0107 informacje, \u017ce&nbsp;blokada pieni\u0119dzy z&nbsp;KPO dla Polski, ma&nbsp;mu&nbsp;pos\u0142u\u017cy\u0107 jako jeden z&nbsp;wa\u017cnych instrument\u00f3w do&nbsp;wygrania wybor\u00f3w i&nbsp;powrotu&nbsp;do&nbsp;w\u0142adzy.<\/p>\n\n\n\n<p>Powiedzia\u0142 to&nbsp;zreszt\u0105 niedawno wprost do&nbsp;swoich zwolennik\u00f3w (np. na&nbsp;spotkaniu w&nbsp;Kluczborku), na&nbsp;pytanie jednego z&nbsp;uczestnik\u00f3w, co&nbsp;trzeba zrobi\u0107, \u017ceby odblokowa\u0107 \u015brodki z&nbsp;KPO, Tusk odpowiedzia\u0142 \u201enie ma&nbsp;innej recepty, musimy si\u0119 zdoby\u0107 na&nbsp;cierpliwo\u015b\u0107, to&nbsp;jeszcze tylko 12&nbsp;miesi\u0119cy\u201d, a&nbsp;wi\u0119c wygramy wybory, wr\u00f3cimy do&nbsp;w\u0142adzy, wtedy pieni\u0105dze Bruksela&nbsp;odblokuje.<\/p>\n\n\n\n<h2 class=\"wp-block-heading\">Dlaczego k\u0142amca musi posuwa\u0107 si\u0119 do&nbsp;prymitywnych&nbsp;sztuczek?<\/h2>\n\n\n\n<p>Liczb i&nbsp;fakt\u00f3w nie da&nbsp;si\u0119 jednak zast\u0105pi\u0107 k\u0142amstwami, nawet gdy Tusk stosuje w&nbsp;pe\u0142ni swoj\u0105 strategi\u0119 \u201ek\u0142ama\u0107, a&nbsp;je\u017celi s\u0142uchacze si\u0119 zorientuj\u0105, to&nbsp;poprzednie k\u0142amstwo, natychmiast przykry\u0107 kolejnym k\u0142amstwem, jeszcze bardziej bezczelnym , ni\u017c&nbsp;to&nbsp;poprzednie\u201d.<\/p>\n\n\n\n<p>K\u0142amstwo ma&nbsp;jednak \u201ekr\u00f3tkie nogi\u201d i&nbsp;szybko obna\u017ca s\u0142abo\u015b\u0107 k\u0142ami\u0105cego, kt\u00f3ry nie maj\u0105c do&nbsp;zaoferowania wyborcom, \u017cadnego pozytywnego programu, musi posuwa\u0107 si\u0119 do&nbsp;tak prymitywnych&nbsp;sztuczek.<\/p>\n","protected":false},"excerpt":{"rendered":"<p>Zbigniew Ku\u017amiuk Pod koniec stycznia tego roku Janusz Palikot, kiedy\u015b wa\u017cny polityk Platformy, napisa\u0142 na&nbsp;jednym z&nbsp;portali spo\u0142eczno\u015bciowych, \u201e\u017ce&nbsp;je\u017celi<\/p>\n","protected":false},"author":1,"featured_media":2323,"comment_status":"closed","ping_status":"closed","sticky":false,"template":"","format":"standard","meta":{"footnotes":""},"categories":[2,9],"tags":[],"class_list":["post-2322","post","type-post","status-publish","format-standard","has-post-thumbnail","hentry","category-polityka","category-start"],"_links":{"self":[{"href":"https:\/\/kuriercodziennychicago.com\/index.php\/wp-json\/wp\/v2\/posts\/2322","targetHints":{"allow":["GET"]}}],"collection":[{"href":"https:\/\/kuriercodziennychicago.com\/index.php\/wp-json\/wp\/v2\/posts"}],"about":[{"href":"https:\/\/kuriercodziennychicago.com\/index.php\/wp-json\/wp\/v2\/types\/post"}],"author":[{"embeddable":true,"href":"https:\/\/kuriercodziennychicago.com\/index.php\/wp-json\/wp\/v2\/users\/1"}],"replies":[{"embeddable":true,"href":"https:\/\/kuriercodziennychicago.com\/index.php\/wp-json\/wp\/v2\/comments?post=2322"}],"version-history":[{"count":1,"href":"https:\/\/kuriercodziennychicago.com\/index.php\/wp-json\/wp\/v2\/posts\/2322\/revisions"}],"predecessor-version":[{"id":2324,"href":"https:\/\/kuriercodziennychicago.com\/index.php\/wp-json\/wp\/v2\/posts\/2322\/revisions\/2324"}],"wp:featuredmedia":[{"embeddable":true,"href":"https:\/\/kuriercodziennychicago.com\/index.php\/wp-json\/wp\/v2\/media\/2323"}],"wp:attachment":[{"href":"https:\/\/kuriercodziennychicago.com\/index.php\/wp-json\/wp\/v2\/media?parent=2322"}],"wp:term":[{"taxonomy":"category","embeddable":true,"href":"https:\/\/kuriercodziennychicago.com\/index.php\/wp-json\/wp\/v2\/categories?post=2322"},{"taxonomy":"post_tag","embeddable":true,"href":"https:\/\/kuriercodziennychicago.com\/index.php\/wp-json\/wp\/v2\/tags?post=2322"}],"curies":[{"name":"wp","href":"https:\/\/api.w.org\/{rel}","templated":true}]}}