{"id":234,"date":"2022-05-15T02:38:41","date_gmt":"2022-05-15T00:38:41","guid":{"rendered":"https:\/\/kuriercodziennychicago.com\/?p=234"},"modified":"2022-05-15T02:38:48","modified_gmt":"2022-05-15T00:38:48","slug":"tadeusz-pluzanski-jozef-goldberg-rozanski-komunista-zyd-prawnik-bestia","status":"publish","type":"post","link":"https:\/\/kuriercodziennychicago.com\/index.php\/2022\/05\/15\/tadeusz-pluzanski-jozef-goldberg-rozanski-komunista-zyd-prawnik-bestia\/","title":{"rendered":"Tadeusz P\u0142u\u017ca\u0144ski: J\u00f3zef Goldberg-R\u00f3\u017ca\u0144ski, komunista, \u017byd, prawnik, bestia"},"content":{"rendered":"\n<p>Pu\u0142kownik i dyrektor Departamentu \u015aledczego Ministerstwa Bezpiecze\u0144stwa Publicznego osobi\u015bcie przes\u0142uchiwa\u0142 wi\u0119\u017ani\u00f3w stosuj\u0105c wymy\u015blne tortury fizyczne i psychiczne. J\u00f3zef Goldberg, vel Jacek R\u00f3\u017ca\u0144ski to jedna z najwi\u0119kszych bestii w historii Polski.<\/p>\n\n\n\n<p>Goldberg-R\u00f3\u017ca\u0144ski ma na sumieniu \u015bmier\u0107 wielu patriot\u00f3w, rotmistrza Witolda Pileckiego i genera\u0142a Emila Fieldorfa \u201eNila\u201d. M\u00f3j ojciec, Tadeusz P\u0142u\u017ca\u0144ski, kurier Witolda, us\u0142ysza\u0142 od R\u00f3\u017ca\u0144skiego w \u015bledztwie na Rakowieckiej: \u201eCiebie nic nie uratuje, ty masz u mnie dwa wyroki \u015bmierci\u201d (wyrok z dw\u00f3ch paragraf\u00f3w: szpiegostwo i pr\u00f3by zamach\u00f3w na czo\u0142owe osobisto\u015bci MBP tata us\u0142ysza\u0142 potem w s\u0105dzie, \u201eu\u0142askawi\u0142\u201d go na do\u017cywocie dopiero Bierut).<\/p>\n\n\n\n<div class=\"wp-block-image\"><figure class=\"alignleft size-full\"><img decoding=\"async\" width=\"180\" height=\"262\" src=\"https:\/\/kuriercodziennychicago.com\/wp-content\/uploads\/2022\/05\/Jozef_Rozanski_SB.jpg\" alt=\"\" class=\"wp-image-235\" srcset=\"https:\/\/kuriercodziennychicago.com\/wp-content\/uploads\/2022\/05\/Jozef_Rozanski_SB.jpg 180w, https:\/\/kuriercodziennychicago.com\/wp-content\/uploads\/2022\/05\/Jozef_Rozanski_SB-172x250.jpg 172w\" sizes=\"(max-width: 180px) 100vw, 180px\" \/><\/figure><\/div>\n\n\n\n<h2 class=\"wp-block-heading\"><strong>W Pary\u017cu, w Palestynie<\/strong><\/h2>\n\n\n\n<p>Urodzony w 1907 r. w Warszawie, syn dzia\u0142acza syjonistycznego i redaktora naczelnego dziennika \u201eHajnt\u201d Abrahama Goldberga i Chany R\u00f3\u017ca\u0144skiej. M\u0142ody J\u00f3zef ucz\u0119szcza\u0142 do m\u0119skiego gimnazjum \u017cydowskiej sp\u00f3\u0142ki Chinuch w Warszawie. W 1929 roku uko\u0144czy\u0142 studia na Wydziale Prawa Uniwersytetu Warszawskiego. Prawdopodobnie ju\u017c wtedy rozpocz\u0105\u0142 wsp\u00f3\u0142prac\u0119 z NKWD. W dokumentach szkolnych i akademickich podawa\u0142 wyznanie moj\u017ceszowe. Aplikowa\u0142 przy S\u0105dzie Apelacyjnym w Warszawie. Po zdaniu w 1936 roku egzaminu adwokackiego, do wybuchu wojny prowadzi\u0142 samodzieln\u0105 praktyk\u0119.<\/p>\n\n\n\n<p>Komunist\u0105 by\u0142 ju\u017c w szkole. Potem dzia\u0142a\u0142 w Organizacji M\u0142odzie\u017cy Socjalistycznej (OMS) &#8222;\u017bycie&#8221;, Zwi\u0105zku M\u0142odzie\u017cy Komunistycznej (ZMK), Komunistycznej Partii Polski (KPP), gdzie pracowa\u0142 w Centralnym Biurze \u017bydowskim. W 1937 roku uczestniczy\u0142 we Wszech\u015bwiatowym Kongresie \u017bydowskim w Pary\u017cu. Wyje\u017cd\u017ca\u0142 te\u017c do Palestyny.<\/p>\n\n\n\n<h2 class=\"wp-block-heading\"><strong>Cz\u0142owiek Sierowa<\/strong><\/h2>\n\n\n\n<p>Po wybuchu wojny razem z towarzyszk\u0105 \u017cycia Bel\u0105 Frenkiel przedosta\u0142 si\u0119 do Kostopola, gdzie pracowali w NKWD. W 1940 roku wezwany do Lwowa, do oddzia\u0142u NKWD do spraw polskich, gdzie zajmowa\u0142 si\u0119 polskimi je\u0144cami (oficer polityczno-wychowawczy, t\u0142umacz).<\/p>\n\n\n\n<p>S\u0142yn\u0105\u0142 z donosicielstwa, r\u00f3wnie\u017c na towarzyszy-komunist\u00f3w. Wszed\u0142 w \u0142aski gen. NKWD Iwana Sierowa. 22 czerwca 1941 roku dobrowolnie wst\u0105pi\u0142 do Armii Czerwonej, ale odwo\u0142any do zada\u0144 w NKWD. W czasie ewakuacji wi\u0119zie\u0144 bra\u0142 udzia\u0142 w rozstrzeliwaniu wi\u0119\u017ani\u00f3w.<\/p>\n\n\n\n<p>W lutym 1944 roku wst\u0105pi\u0142 do III Dywizji im. Romualda Traugutta, gdzie uko\u0144czy\u0142 szko\u0142\u0119 oficer\u00f3w polityczno-wychowawczych i rozpocz\u0105\u0142 prac\u0119 jako politruk w redakcji pisma \u201eNa Zach\u00f3d\u201d, a nast\u0119pnie w redakcji gazety I Armii &#8222;Zwyci\u0119\u017cymy&#8221;. W kwietniu 1944 roku wraz z 3 Dywizj\u0105 bra\u0142 udzia\u0142 w walkach na Wo\u0142yniu, a w sierpniu na przycz\u00f3\u0142ku warecko-magnuszewskim.<\/p>\n\n\n\n<h2 class=\"wp-block-heading\"><strong>\u201ePrzestrzegam ksi\u0119dza biskupa\u201d<\/strong><\/h2>\n\n\n\n<p>Przeniesiony z wojska do Resortu Bezpiecze\u0144stwa Publicznego PKWN w Lublinie. Od tego momentu a\u017c do 5 marca 1954 roku s\u0142u\u017cy\u0142 w \u201epolskiej\u201d bezpiece. Wtedy te\u017c zacz\u0105\u0142 pos\u0142ugiwa\u0107 si\u0119 panie\u0144skim nazwiskiem swej matki &#8211; R\u00f3\u017ca\u0144ski. Dyrektorem Departamentu \u015aledczego MBP, a zarazem pu\u0142kownikiem zosta\u0142 1 lipca 1947 roku. W latach 1949-1951 by\u0142 dodatkowo lektorem KC PZPR z ramienia MBP. Wyk\u0142ady o metodach \u015bledztwa operacyjnego prowadzi\u0142 w Centrum Wyszkolenia MBP w Legionowie k. Warszawy.<\/p>\n\n\n\n<p>R\u00f3\u017ca\u0144ski osobi\u015bcie z sadystyczn\u0105 lubo\u015bci\u0105 zn\u0119ca\u0142 si\u0119 nad wi\u0119\u017aniami, stosuj\u0105c zestaw wymy\u015blnych metod nacisku fizycznego, a przede wszystkim psychicznego. Czasem osobi\u015bcie \u201epilotowa\u0142\u201d w s\u0105dzie nadzorowane przez siebie sprawy. Tak by\u0142o podczas procesu bp Czes\u0142awa Kaczmarka we wrze\u015bniu 1953 roku. Kiedy ordynariusz kielecki przesta\u0142 czyta\u0107 przygotowany mu przez \u201eoficer\u00f3w\u201d \u015bledczych maszynopis, czerwony ze w\u015bciek\u0142o\u015bci R\u00f3\u017ca\u0144ski wyszed\u0142 nagle z salki obok i upomina\u0142 Kaczmarka: \u201eJa ju\u017c sku\u0142em mordy obro\u0144com i przestrzegam ksi\u0119dza biskupa, aby nie powa\u017cy\u0142 si\u0119 wi\u0119cej na podobne post\u0119powanie\u201d.<\/p>\n\n\n\n<h2 class=\"wp-block-heading\"><strong>\u201eNiedozwolone metody\u201d tylko wobec komunist\u00f3w<\/strong><\/h2>\n\n\n\n<p>Kiedy\u015b R\u00f3\u017ca\u0144ski postawi\u0142 spraw\u0119 jasno: \u201eobowi\u0105zkiem rady obro\u0144c\u00f3w jest gromadzenie dowod\u00f3w przeciw oskar\u017conym. S\u0119dziowie, chc\u0105c stan\u0105\u0107 po w\u0142a\u015bciwej stronie tajnej policji politycznej, dzwonili do R\u00f3\u017ca\u0144skiego z pytaniem, jaki wyrok sugerowa\u0142by, b\u0119d\u0105c na ich miejscu. R\u00f3\u017ca\u0144ski odpowiada\u0142 lakonicznie: \u00bbpi\u0119\u0107&#8230; dziesi\u0119\u0107 lat&#8230; do\u017cywocie&#8230; kara \u015bmierci\u00ab\u201d.<\/p>\n\n\n\n<p>Na fali propagandowej destalinizacji w listopadzie 1954 roku J\u00f3zef R\u00f3\u017ca\u0144ski zosta\u0142 aresztowany, a w 1955 roku skazany na 5 lat wi\u0119zienia (na mocy amnestii zmniejszono mu kar\u0119 do 3 lat i 4 miesi\u0119cy). W czasie drugiego procesu w 1957 roku skazany ostatecznie na 14 lat wi\u0119zienia.<\/p>\n\n\n\n<p>Podczas obu proces\u00f3w ca\u0142kowicie pomini\u0119to jego odpowiedzialno\u015b\u0107 za aresztowania i torturowanie cz\u0142onk\u00f3w polskiego podziemia niepodleg\u0142o\u015bciowego. Oskar\u017cony i skazany jedynie za stosowanie \u201eniedozwolonych metod\u201d wobec kilkudziesi\u0119ciu cz\u0142onk\u00f3w PZPR (w latach 1948-1950 R\u00f3\u017ca\u0144ski kierowa\u0142 grup\u0105 rozpracowuj\u0105c\u0105 \u201eodchylenie prawicowo-nacjonalistyczne\u201d). Udowodniono mu \u201ezabronione przez prawo metody w toku \u015bledztw przeciwko osobom podejrzanym o dzia\u0142alno\u015b\u0107 antypa\u0144stwow\u0105, (\u2026) bezpo\u015bredni udzia\u0142 w biciu przes\u0142uchiwanych oraz stosowaniu innych niedozwolonych \u015brodk\u00f3w\u201d. Stwierdzono ponadto, \u017ce jego post\u0119powanie &#8222;spowodowa\u0142o demoralizacj\u0119 podleg\u0142ych mu oficer\u00f3w \u015bledczych, kt\u00f3rzy widzieli w nim wz\u00f3r do na\u015bladowania&#8221;.&nbsp;<\/p>\n\n\n\n<h2 class=\"wp-block-heading\"><strong>Brat Beniamin<\/strong><\/h2>\n\n\n\n<p>Wyszed\u0142 na wolno\u015b\u0107 w 1964 roku. Do przej\u015bcia na emerytur\u0119 w 1969 roku by\u0142 urz\u0119dnikiem w Mennicy Pa\u0144stwowej w Warszawie. Zmar\u0142 w 1981 roku w Warszawie w wyniku choroby nowotworowej, pochowany na cmentarzu \u017cydowskim przy ulicy Okopowej w Warszawie.<\/p>\n\n\n\n<p>Starszy o dwa lata brat Jacka R\u00f3\u017ca\u0144skiego Jerzy Borejsza (Beniamin Goldberg) stalinizowa\u0142 po wojnie polsk\u0105 kultur\u0119, przede wszystkim pras\u0119 i wydawnictwa. Aleksander Wat w \u201eMoim wieku\u201d pisa\u0142: &#8222;Borejsza obj\u0105\u0142 Ossolineum i troch\u0119 profesor\u00f3w wys\u0142a\u0142 do mamra&#8221;.<\/p>\n\n\n\n<div class=\"wp-block-image\"><figure class=\"alignleft size-large is-resized\"><img decoding=\"async\" src=\"https:\/\/kuriercodziennychicago.com\/wp-content\/uploads\/2022\/05\/Pluzanski-1-1024x797.jpg\" alt=\"\" class=\"wp-image-187\" width=\"93\" height=\"71\" srcset=\"https:\/\/kuriercodziennychicago.com\/wp-content\/uploads\/2022\/05\/Pluzanski-1-1024x797.jpg 1024w, https:\/\/kuriercodziennychicago.com\/wp-content\/uploads\/2022\/05\/Pluzanski-1-768x598.jpg 768w, https:\/\/kuriercodziennychicago.com\/wp-content\/uploads\/2022\/05\/Pluzanski-1-321x250.jpg 321w, https:\/\/kuriercodziennychicago.com\/wp-content\/uploads\/2022\/05\/Pluzanski-1.jpg 1200w\" sizes=\"(max-width: 93px) 100vw, 93px\" \/><\/figure><\/div>\n\n\n\n<h3 class=\"wp-block-heading\">Tadeusz P\u0142u\u017ca\u0144ski<\/h3>\n","protected":false},"excerpt":{"rendered":"<p>Pu\u0142kownik i dyrektor Departamentu \u015aledczego Ministerstwa Bezpiecze\u0144stwa Publicznego osobi\u015bcie przes\u0142uchiwa\u0142 wi\u0119\u017ani\u00f3w stosuj\u0105c wymy\u015blne tortury fizyczne i psychiczne. J\u00f3zef<\/p>\n","protected":false},"author":1,"featured_media":235,"comment_status":"closed","ping_status":"closed","sticky":false,"template":"","format":"standard","meta":{"footnotes":""},"categories":[4,9],"tags":[],"class_list":["post-234","post","type-post","status-publish","format-standard","has-post-thumbnail","hentry","category-publicystyka","category-start"],"_links":{"self":[{"href":"https:\/\/kuriercodziennychicago.com\/index.php\/wp-json\/wp\/v2\/posts\/234","targetHints":{"allow":["GET"]}}],"collection":[{"href":"https:\/\/kuriercodziennychicago.com\/index.php\/wp-json\/wp\/v2\/posts"}],"about":[{"href":"https:\/\/kuriercodziennychicago.com\/index.php\/wp-json\/wp\/v2\/types\/post"}],"author":[{"embeddable":true,"href":"https:\/\/kuriercodziennychicago.com\/index.php\/wp-json\/wp\/v2\/users\/1"}],"replies":[{"embeddable":true,"href":"https:\/\/kuriercodziennychicago.com\/index.php\/wp-json\/wp\/v2\/comments?post=234"}],"version-history":[{"count":1,"href":"https:\/\/kuriercodziennychicago.com\/index.php\/wp-json\/wp\/v2\/posts\/234\/revisions"}],"predecessor-version":[{"id":236,"href":"https:\/\/kuriercodziennychicago.com\/index.php\/wp-json\/wp\/v2\/posts\/234\/revisions\/236"}],"wp:featuredmedia":[{"embeddable":true,"href":"https:\/\/kuriercodziennychicago.com\/index.php\/wp-json\/wp\/v2\/media\/235"}],"wp:attachment":[{"href":"https:\/\/kuriercodziennychicago.com\/index.php\/wp-json\/wp\/v2\/media?parent=234"}],"wp:term":[{"taxonomy":"category","embeddable":true,"href":"https:\/\/kuriercodziennychicago.com\/index.php\/wp-json\/wp\/v2\/categories?post=234"},{"taxonomy":"post_tag","embeddable":true,"href":"https:\/\/kuriercodziennychicago.com\/index.php\/wp-json\/wp\/v2\/tags?post=234"}],"curies":[{"name":"wp","href":"https:\/\/api.w.org\/{rel}","templated":true}]}}