{"id":2368,"date":"2022-11-16T19:23:43","date_gmt":"2022-11-17T01:23:43","guid":{"rendered":"https:\/\/kuriercodziennychicago.com\/?p=2368"},"modified":"2022-11-16T19:23:43","modified_gmt":"2022-11-17T01:23:43","slug":"klimatyczny-samoboj-unii-europejskiej","status":"publish","type":"post","link":"https:\/\/kuriercodziennychicago.com\/index.php\/2022\/11\/16\/klimatyczny-samoboj-unii-europejskiej\/","title":{"rendered":"Klimatyczny samob\u00f3j Unii Europejskiej"},"content":{"rendered":"<div class=\"wp-block-image is-style-rounded\">\n<figure class=\"alignleft size-full is-resized\"><img decoding=\"async\" src=\"https:\/\/kuriercodziennychicago.com\/wp-content\/uploads\/2022\/05\/Tomasz-Teluk.jpg\" alt=\"\" class=\"wp-image-43\" width=\"65\" height=\"86\"\/><\/figure>\n<\/div>\n\n\n<blockquote class=\"wp-block-quote is-layout-flow wp-block-quote-is-layout-flow\">\n<h2 class=\"wp-block-heading\">Tomasz Teluk<\/h2>\n\n\n\n<p><strong><em>Autor jest za\u0142o\u017cycielem i dyrektorem Instytutu Globalizacji (www.globalizacja.org)<\/em><\/strong><\/p>\n<\/blockquote>\n\n\n\n<p>W egipskim Szarm el-Szejk ruszy\u0142 doroczny, 27. ju\u017c szczyt klimatyczny Ramowej Konwencji Narod\u00f3w Zjednoczonych ws. Zmian Klimatu (UNFCCC). COP27 jest spotkaniem przej\u015bciowym, na kt\u00f3rym nie zapadn\u0105 \u017cadne wi\u0105\u017c\u0105ce decyzje. Na tegorocznym szczycie g\u0142\u00f3wna o\u015b sporu przebiega\u0142a wok\u00f3\u0142 konfliktu interes\u00f3w mi\u0119dzy bogat\u0105 P\u00f3\u0142noc\u0105 a pa\u0144stwami biedniejszego Po\u0142udnia. Te drugie, pa\u0144stwa ubogie, domagaj\u0105 si\u0119 od kraj\u00f3w wysoko rozwini\u0119tych rekompensat za straty klimatyczne.<\/p>\n\n\n\n<p>Nie do\u015b\u0107, \u017ce Unia Europejska w zielonych technologiach, kt\u00f3re mia\u0142y jej zapewnia\u0107 przewag\u0119 konkurencyjn\u0105 na globalnych rynkach, mo\u017ce zacz\u0105\u0107 przegrywa\u0107 z Chinami, to jeszcze poniesie gigantyczne koszty rekompensat. Bud\u017cet takiego funduszu (w zesz\u0142ym roku Unia Europejska i Stany Zjednoczone zablokowa\u0142y propozycj\u0119 jego utworzenia) musia\u0142by wynosi\u0107 kilkaset miliard\u00f3w dolar\u00f3w rocznie.<\/p>\n\n\n<div class=\"wp-block-image\">\n<figure class=\"aligncenter size-full is-resized\"><img decoding=\"async\" src=\"https:\/\/kuriercodziennychicago.com\/wp-content\/uploads\/2022\/11\/index-1.jpg\" alt=\"\" class=\"wp-image-2369\" width=\"628\" height=\"418\"\/><\/figure>\n<\/div>\n\n\n<h2 class=\"wp-block-heading\">Unijna strategia w gruzach<\/h2>\n\n\n\n<p>Pomys\u0142, jak wykorzysta\u0107 problem zmian klimatu do osi\u0105gni\u0119cia przewagi konkurencyjnej w \u015bwiecie przez UE (czytaj: Niemcy), by\u0142 prosty. Globalne ocieplenie wywo\u0142ane dzia\u0142alno\u015bci\u0105 cz\u0142owieka zosta\u0142o uznane za naukowy dogmat. Wszyscy podwa\u017caj\u0105cy go byli traktowani na r\u00f3wni z negacjonistami hitleryzmu czy Holocaustu, dehumanizowani i eliminowani z \u017cycia publicznego.<\/p>\n\n\n\n<p>Za g\u0142\u00f3wnych winowajc\u00f3w takich zjawisk naturalnych, jak topnienie lodowc\u00f3w, powodzie w Azji czy tornada na Karaibach, zosta\u0142y og\u0142oszone pa\u0144stwa spalaj\u0105ce w energetyce du\u017ce ilo\u015bci w\u0119gla kamiennego, cho\u0107by Polska. Dzi\u0119ki systemom dotacji dla zachodnich firm w ramach UE i centralnemu planowaniu, przy kt\u00f3rych socjalistyczne pi\u0119ciolatki mog\u0105 si\u0119 schowa\u0107, unijne firmy mia\u0142y dostarcza\u0107 zielonych technologii na ca\u0142y \u015bwiat. Tak wyobra\u017ca\u0142y sobie to Niemcy, a ich Energiewende mia\u0142o ambicje by\u0107 podwalin\u0105 nowego globalnego imperium.<\/p>\n\n\n\n<p>Tak si\u0119 jednak nie sta\u0142o. Wojna na Ukrainie postawi\u0142a \u015bwiat w nowej rzeczywisto\u015bci. Okaza\u0142o si\u0119, \u017ce kraje Azji nie tylko nie zamierzaj\u0105 dostosowa\u0107 si\u0119 do wizji \u015bwiata wytworzonej przez polityk\u00f3w w Berlinie, lecz nawet chc\u0105 podwa\u017cy\u0107 istniej\u0105cy porz\u0105dek mi\u0119dzynarodowy. Nie powt\u00f3rzy\u0142y te\u017c b\u0142\u0119d\u00f3w UE i nie stworzy\u0142y systemu wzrostu koszt\u00f3w i ograniczania gospodarki podobnego do ETS.<\/p>\n\n\n\n<p>R\u00f3wnolegle wydarzy\u0142o si\u0119 kilka rzeczy, kt\u00f3rych unijni urz\u0119dnicy nie przewidzieli. Kraje najbiedniejsze oraz rozwijaj\u0105ce si\u0119 dogada\u0142y si\u0119 mi\u0119dzy sob\u0105 i zacz\u0119\u0142y rozumowa\u0107 wed\u0142ug nast\u0119puj\u0105cej logiki. Skoro zmiany klimatu wywo\u0142ane s\u0105 przez cz\u0142owieka, przez niekontrolowany rozw\u00f3j przemys\u0142u i bogactwa, a my z tego powodu cierpimy \u2013 nale\u017cy nam si\u0119 odszkodowanie. Zgodnie z tym tokiem my\u015blenia za ton\u0105ce atole czy lawiny b\u0142otne w Pakistanie powinny zap\u0142aci\u0107 najbogatsze pa\u0144stwa UE oraz ich ponad\u00adnarodowe korporacje.<br>Biedne kraje lubi\u0105 liczy\u0107 cudze pieni\u0105dze, wi\u0119c zaraz pierwszego dnia COP27 premier Antigui Gaston Browne wyliczy\u0142, \u017ce przemys\u0142 naftowo-gazowy zarabia 3 mld dolar\u00f3w dziennie, wi\u0119c ma si\u0119 czym dzieli\u0107. Na fundusze liczy\u0142 te\u017c Macky Sall, prezydent Senegalu, cho\u0107 jak sam stwierdzi\u0142, Afryka nie chce odej\u015bcia od paliw kopalnych, bo potrzebuje ich do wzrostu gospodarczego i zaspokajania popytu na energi\u0119 (sic!). Nie ma natomiast nic przeciw ograniczaniu emisji gaz\u00f3w cieplarnianych w krajach najbardziej rozwini\u0119tych.<\/p>\n\n\n\n<h2 class=\"wp-block-heading\">Chi\u0144skie zwyci\u0119stwo?<\/h2>\n\n\n\n<p>Na tegorocznym szczycie brakuje przedstawicieli najwi\u0119kszych trucicieli \u015bwiata \u2013 Chin, Indii i Rosji \u2013 a to te kraje mog\u0105 by\u0107 najwi\u0119kszymi zwyci\u0119zcami samob\u00f3jczej strategii UE. Szczeg\u00f3lnie Chiny, kt\u00f3re swoimi metodami zamierzaj\u0105 znacznie ograniczy\u0107 emisyjno\u015b\u0107 do 2050 r., bo w zeroemisyjno\u015b\u0107 nikt normalny przecie\u017c nie uwierzy. Chiny zainwestowa\u0142y gigantyczne \u015brodki w rozw\u00f3j zielonych technologii i s\u0105 ich czo\u0142owym eksporterem. Udzia\u0142 Pa\u0144stwa \u015arodka w rynku paneli fotowoltaicznych to a\u017c 80 proc., a aut z nap\u0119dem elektrycznym \u2013 50 proc. Okazuje si\u0119, \u017ce ca\u0142y \u015bwiat b\u0119dzie kupowa\u0142 zielone technologie u Chi\u0144czyk\u00f3w, a nie w Niemczech, jak marzy\u0142o si\u0119 w\u0142odarzom UE.<\/p>\n\n\n\n<p>Ponadto Chiny buduj\u0105 najwi\u0119cej bezemisyjnych si\u0142owni j\u0105drowych. W trakcie budowy jest a\u017c 18 blok\u00f3w. Osiem innych buduj\u0105 Indie, cztery \u2013 Turcja, trzy \u2013 Korea Po\u0142udniowa. Tak wi\u0119c Pekin nie zwalnia tempa i nie bacz\u0105c na utyskiwania Zachodu, zapewnia sobie tani\u0105 energi\u0119, sk\u0105d si\u0119 da: z elektrowni w\u0119glowych, importuj\u0105c w\u0119glowodory z Rosji czy inwestuj\u0105c w najnowsze technologie zeroemisyjne.<\/p>\n\n\n\n<p>Swoj\u0105 potyczk\u0119 ekologiczn\u0105 z Chinami tocz\u0105 oczywi\u015bcie Stany Zjednoczone. Co ciekawe, Chi\u0144czycy maj\u0105 nad Amerykanami przewag\u0119 w kwestii wdra\u017cania energetyki solarnej czy aut elektrycznych. Chiny s\u0105 emitentem numer jeden, USA \u2013 numer dwa. Waszyngton pod rz\u0105dami Donalda Trumpa nie chcia\u0142 s\u0142ysze\u0107 o nak\u0142adaniu kajdan\u00f3w na przemys\u0142. Gabinet Joego Bidena chcia\u0142by, aby Stany Zjednoczone odgrywa\u0142y wiod\u0105c\u0105 rol\u0119 ekologicznej rewolucji.<\/p>\n\n\n\n<p>Pekin z kolei wsp\u00f3\u0142pracuje ju\u017c z biedniejszymi pa\u0144stwami w zakresie szerokich inwestycji, kt\u00f3re mo\u017cna uzna\u0107 za ekologiczne, dodatkowo uzale\u017cniaj\u0105c je od siebie technologicznie oraz finansowo. Unika w ten spos\u00f3b koszt\u00f3w, a zwielokrotnia zyski. Robi to w swoim tempie, dostosowuj\u0105c si\u0119 do sytuacji geopolitycznej. W najbli\u017cszych latach wyda na modernizacj\u0119 sektor\u00f3w transportu i energetyki ponad bilion dolar\u00f3w.<br>Obecnie, gdy trwa wojna na Ukrainie i ro\u015bnie napi\u0119cie wok\u00f3\u0142 Tajwanu, jest ma\u0142o prawdopodobne, \u017ce Pekin i Waszyngton si\u0105d\u0105 przy jednym stole i dogadaj\u0105 si\u0119 co do osi\u0105gni\u0119cia cel\u00f3w z porozumienia paryskiego z 2015 r. Tego typu umowy na szczeblu globalnym to kwestia przysz\u0142o\u015bci i zale\u017c\u0105 od wielu czynnik\u00f3w geopolitycznych.<\/p>\n\n\n\n<h2 class=\"wp-block-heading\">Stanowisko Polski<\/h2>\n\n\n\n<p>Obecny na szczycie prezydent RP Andrzej Duda wskaza\u0142 na bie\u017c\u0105ce problemy energetyczne \u015bwiata i sposoby ich rozwi\u0105zywania. \u2013 30. rocznica przyj\u0119cia konwencji, kt\u00f3ra przypada w roku bie\u017c\u0105cym, zach\u0119ca nas do tego, \u017ceby\u015bmy wzi\u0119li pod uwag\u0119 wszystkie dzia\u0142ania klimatyczne, kt\u00f3re do tej pory zosta\u0142y podj\u0119te, i by\u015bmy zacz\u0119li dyskutowa\u0107 nad kolejnymi krokami, szczeg\u00f3lnie w \u015bwietle bardzo trudnej sytuacji mi\u0119dzynarodowej: wojny w Ukrainie, w kontek\u015bcie kryzysu \u017cywno\u015bciowego i klimatycznego \u2013 powiedzia\u0142 Andrzej Duda.<\/p>\n\n\n\n<p>\u2013 Pami\u0119tajmy, \u017ce transformacja ma s\u0142u\u017cy\u0107 cz\u0142owiekowi, a nie cz\u0142owiek ma s\u0142u\u017cy\u0107 transformacji. M\u00f3wi\u0119 to w imieniu milion\u00f3w moich wsp\u00f3\u0142obywateli, kt\u00f3rzy nie zamierzaj\u0105 pyta\u0107 w czasie nadchodz\u0105cej zimy, jak wiele naszych ambitnych cel\u00f3w klimatycznych uda\u0142o nam si\u0119 osi\u0105gn\u0105\u0107. B\u0119d\u0105 zadawali nam pytania dotycz\u0105ce tego, dlaczego surowce energetyczne s\u0105 tak drogie, dlaczego ich standard \u017cycia spad\u0142 w spos\u00f3b tak dramatyczny \u2013 podsumowa\u0142 prezydent.<\/p>\n\n\n\n<p>Z kolei Niemcy zadeklarowa\u0142y, \u017ce przeka\u017c\u0105 170 mln euro na program (sk\u0105d my to znamy) \u201eglobalnej tarczy finansowej\u201d, skierowanej do pa\u0144stw najbardziej poszkodowanych w wyniku zmian klimatu. Berlin ma wyrzuty sumienia, bo sam uruchamia ponownie swoje elektrownie w\u0119glowe.<\/p>\n\n\n\n<p>Na konieczne zmiany naciska te\u017c Watykan. Przedstawiciel papie\u017ca Franciszka kard. Pietro Parolin zauwa\u017cy\u0142, \u017ce kryzys \u017cywno\u015bciowy i migracje to pochodne kryzysu klimatycznego. W dobie globalizacji lokalne problemy doprowadzaj\u0105 do kryzys\u00f3w ca\u0142ej planety, dlatego potrzeba systemowych rozwi\u0105za\u0144. \u2013 Rozwi\u0105zania polityczne, techniczne i operatywne nie wystarczaj\u0105, ale powinny by\u0107 po\u0142\u0105czone z podej\u015bciem edukacyjnym promuj\u0105cym nowe style \u017cycia, faworyzuj\u0105c od\u015bwie\u017cony model rozwoju oraz zr\u00f3wnowa\u017conego \u017cycia oparty na trosce, braterstwie i kooperacji \u2013 zauwa\u017cy\u0142 przedstawiciel Stolicy Piotrowej.<\/p>\n","protected":false},"excerpt":{"rendered":"<p>Tomasz Teluk Autor jest za\u0142o\u017cycielem i dyrektorem Instytutu Globalizacji (www.globalizacja.org) W egipskim Szarm el-Szejk ruszy\u0142 doroczny, 27. ju\u017c<\/p>\n","protected":false},"author":1,"featured_media":2369,"comment_status":"closed","ping_status":"closed","sticky":false,"template":"","format":"standard","meta":{"footnotes":""},"categories":[2,9],"tags":[],"class_list":["post-2368","post","type-post","status-publish","format-standard","has-post-thumbnail","hentry","category-polityka","category-start"],"_links":{"self":[{"href":"https:\/\/kuriercodziennychicago.com\/index.php\/wp-json\/wp\/v2\/posts\/2368","targetHints":{"allow":["GET"]}}],"collection":[{"href":"https:\/\/kuriercodziennychicago.com\/index.php\/wp-json\/wp\/v2\/posts"}],"about":[{"href":"https:\/\/kuriercodziennychicago.com\/index.php\/wp-json\/wp\/v2\/types\/post"}],"author":[{"embeddable":true,"href":"https:\/\/kuriercodziennychicago.com\/index.php\/wp-json\/wp\/v2\/users\/1"}],"replies":[{"embeddable":true,"href":"https:\/\/kuriercodziennychicago.com\/index.php\/wp-json\/wp\/v2\/comments?post=2368"}],"version-history":[{"count":1,"href":"https:\/\/kuriercodziennychicago.com\/index.php\/wp-json\/wp\/v2\/posts\/2368\/revisions"}],"predecessor-version":[{"id":2370,"href":"https:\/\/kuriercodziennychicago.com\/index.php\/wp-json\/wp\/v2\/posts\/2368\/revisions\/2370"}],"wp:featuredmedia":[{"embeddable":true,"href":"https:\/\/kuriercodziennychicago.com\/index.php\/wp-json\/wp\/v2\/media\/2369"}],"wp:attachment":[{"href":"https:\/\/kuriercodziennychicago.com\/index.php\/wp-json\/wp\/v2\/media?parent=2368"}],"wp:term":[{"taxonomy":"category","embeddable":true,"href":"https:\/\/kuriercodziennychicago.com\/index.php\/wp-json\/wp\/v2\/categories?post=2368"},{"taxonomy":"post_tag","embeddable":true,"href":"https:\/\/kuriercodziennychicago.com\/index.php\/wp-json\/wp\/v2\/tags?post=2368"}],"curies":[{"name":"wp","href":"https:\/\/api.w.org\/{rel}","templated":true}]}}