{"id":238,"date":"2022-05-15T02:39:42","date_gmt":"2022-05-15T00:39:42","guid":{"rendered":"https:\/\/kuriercodziennychicago.com\/?p=238"},"modified":"2022-05-15T02:39:44","modified_gmt":"2022-05-15T00:39:44","slug":"kard-parolin-podkresla-prawo-ukrainy-do-samoobrony","status":"publish","type":"post","link":"https:\/\/kuriercodziennychicago.com\/index.php\/2022\/05\/15\/kard-parolin-podkresla-prawo-ukrainy-do-samoobrony\/","title":{"rendered":"Kard. Parolin podkre\u015bla prawo Ukrainy do samoobrony"},"content":{"rendered":"\n<p>Stolica Apostolska jest gotowa zrobi\u0107 wszystko dla pokoju, ale jednocze\u015bnie podkre\u015bla prawo Ukrainy do obrony przed niesprawiedliwym naje\u017ad\u017ac\u0105 \u2013 powiedzia\u0142 dziennikarzom watyka\u0144ski sekretarz stanu, kard. Pietro Parolin na marginesie spotkania po\u015bwi\u0119conego Janowi Paw\u0142owi I na Uniwersytecie Gregoria\u0144skim. Wyrazi\u0142 nadziej\u0119, \u017ce sprawa aresztowanego, a nast\u0119pnie uwolnionego za kaucj\u0105 kard. Josepha Zen Ze-kiuna nie spowoduje komplikacji w stosunkach Stolicy Apostolskiej z Pekinem.<\/p>\n\n\n\n<figure class=\"wp-block-image size-full\"><img decoding=\"async\" width=\"750\" height=\"530\" src=\"https:\/\/kuriercodziennychicago.com\/wp-content\/uploads\/2022\/05\/1652442590.jpg\" alt=\"\" class=\"wp-image-239\" srcset=\"https:\/\/kuriercodziennychicago.com\/wp-content\/uploads\/2022\/05\/1652442590.jpg 750w, https:\/\/kuriercodziennychicago.com\/wp-content\/uploads\/2022\/05\/1652442590-300x212.jpg 300w, https:\/\/kuriercodziennychicago.com\/wp-content\/uploads\/2022\/05\/1652442590-354x250.jpg 354w\" sizes=\"(max-width: 750px) 100vw, 750px\" \/><\/figure>\n\n\n\n<h2 class=\"wp-block-heading\">Aresztowanie kardyna\u0142a Zen w Hongkongu<\/h2>\n\n\n\n<p>Sekretarz stanu powiedzia\u0142, \u017ce ubolewa z powodu aresztowania w minion\u0105 \u015brod\u0119 emerytowanego biskupa Hongkongu, kard. <strong>Josepha Zen Ze-kiuna.<\/strong>&nbsp;&#8211; Chcia\u0142bym wyrazi\u0107 moj\u0105 blisko\u015b\u0107 z kardyna\u0142em, kt\u00f3ry zosta\u0142 uwolniony i by\u0142 dobrze traktowany. Zdaniem kard. Parolina sprawa ta nie powinna by\u0107 odczytywana jako \u201edezawuowanie\u201d porozumienia mi\u0119dzy Stolic\u0105 Apostolsk\u0105 a Chi\u0144sk\u0105 Republik\u0105 Ludow\u0105 w sprawie mianowania biskup\u00f3w, zawartego w 2018 r. i przed\u0142u\u017conego na kolejne dwa lata.<\/p>\n\n\n\n<p><strong>&#8211; &#8230; najbardziej konkretn\u0105 nadziej\u0105 jest to, \u017ce inicjatywy takie jak ta nie skomplikuj\u0105 i tak ju\u017c z\u0142o\u017conej i nie\u0142atwej drogi dialogu mi\u0119dzy Stolic\u0105 Apostolsk\u0105 a Ko\u015bcio\u0142em w Chinach<\/strong> \u2013 stwierdzi\u0142 najbli\u017cszy wsp\u00f3\u0142pracownik Ojca \u015awi\u0119tego.&nbsp;<\/p>\n\n\n\n<h2 class=\"wp-block-heading\">Misja abp Gallaghera w Kijowie<\/h2>\n\n\n\n<p><strong>Kard. Parolin<\/strong> powr\u00f3ci\u0142 do kwestii <strong>wojny na Ukrainie<\/strong>, zaledwie kilka dni przed wyjazdem do Kijowa sekretarza ds. stosunk\u00f3w z pa\u0144stwami, <strong>abp. Paula Richarda Gallaghera<\/strong>. Zaznaczy\u0142, \u017ce jego misja ma przypomnie\u0107 cele, dla kt\u00f3rych watyka\u0144ski Sekretariat Stanu \u201epracowa\u0142 i pracuje, na ile to mo\u017cliwe, poniewa\u017c przestrze\u0144 jest bardzo ograniczona\u201d; a wi\u0119c <strong>\u201ezawieszenie broni\u201d<\/strong> jako \u201epodstawowy punkt wyj\u015bcia\u201d oraz <strong>\u201ezako\u0144czenie dzia\u0142a\u0144 wojennych\u201d<\/strong>. Ufa, \u017ce mo\u017ce si\u0119 to przyczyni\u0107 do nawi\u0105zania \u201epowa\u017cnego dialogu, bez warunk\u00f3w wst\u0119pnych, w kt\u00f3rym b\u0119dziemy pr\u00f3bowali znale\u017a\u0107 spos\u00f3b na rozwi\u0105zanie tego problemu\u201d.&nbsp;<\/p>\n\n\n\n<p>Najbli\u017cszy wsp\u00f3\u0142pracownik Ojca \u015awi\u0119tego poruszy\u0142 r\u00f3wnie\u017c delikatn\u0105 kwesti\u0119 <strong>wysy\u0142ania broni na Ukrain\u0119<\/strong>. Powt\u00f3rzy\u0142, \u017ce <strong>\u201eistnieje prawo do obrony zbrojnej w przypadku agresji\u201d<\/strong>, jak stwierdza r\u00f3wnie\u017c Katechizm Ko\u015bcio\u0142a Katolickiego, ale \u201epod pewnymi warunkami\u201d. Pierwszym z nich jest \u201e<strong>proporcjonalno\u015b\u0107<\/strong>, czyli \u017ce reakcja nie powoduje wi\u0119kszych szk\u00f3d ni\u017c agresja\u201d. W tym kontek\u015bcie m\u00f3wimy o <strong>wojnie sprawiedliwej<\/strong>.<\/p>\n\n\n\n<p>&#8211; Rozumiem, \u017ce konkretnie jest to trudniejsze do okre\u015blenia, ale musimy mie\u0107 pewne jasne parametry, aby poradzi\u0107 sobie z kwesti\u0105 broni w spos\u00f3b jak najbardziej sprawiedliwy i umiarkowany \u2013 zaznaczy\u0142.<\/p>\n\n\n\n<p>Zgodzi\u0142 si\u0119 ze s\u0142owami szefa watyka\u0144skiej dyplomacji, abp. Paula Richarda Gallaghera na temat dopuszczalno\u015bci posy\u0142ania broni na Ukrain\u0119. Jednocze\u015bnie podkre\u015bli\u0142, \u017ce \u201e<strong>w ko\u0144cu b\u0119d\u0105 musieli znale\u017a\u0107 rozwi\u0105zanie, poniewa\u017c geografia zmusza ich do \u017cycia nie razem, ale blisko, dziel\u0105 wiele tysi\u0119cy kilometr\u00f3w granicy\u201d<\/strong>. Zapytany przez dziennikarzy o niedawne spotkanie Papie\u017ca z \u017conami dw\u00f3ch \u017co\u0142nierzy Batalionu Azowskiego, zabarykadowanych w hucie Azowstal, kard. Parolin wyja\u015bni\u0142, \u017ce \u201ewyrazili\u015bmy gotowo\u015b\u0107 bycia gwarantami ewakuacji pozosta\u0142ych cywil\u00f3w, ale potem nic nie zosta\u0142o zrobione\u201d. W minionych tygodniach by\u0142o wiele pr\u00f3b. <strong>&#8211; My r\u00f3wnie\u017c byli\u015bmy wcze\u015bniej do dyspozycji, z nuncjuszem by\u0142 nawet pomys\u0142, aby pojecha\u0107 razem z metropolit\u0105 zaporoskim, ale w rzeczywisto\u015bci nie podj\u0119to dalszych dzia\u0142a\u0144, poniewa\u017c nie by\u0142o gwarancji bezpiecze\u0144stwa dla misji<\/strong> \u2013 zaznaczy\u0142 sekretarz stanu Stolicy Apostolskiej.<\/p>\n\n\n\n<p>Pytany o stosunki z Patriarchatem Moskiewskim kard. Parolin zaznaczy\u0142, \u017ce stanowisko papie\u017ca jest znane i podj\u0105\u0142 on decyzj\u0119 o <strong>niespotkaniu si\u0119 z patriarch\u0105 Cyrylem<\/strong>.<\/p>\n\n\n\n<p><strong>&#8211; Nie oznacza to, \u017ce znajdujemy si\u0119 w punkcie zerowym lub \u017ce mi\u0119dzy rosyjsk\u0105 Cerkwi\u0105 prawos\u0142awn\u0105 a Ko\u015bcio\u0142em katolickim istnieje mr\u00f3z. Istniej\u0105 kana\u0142y i pr\u00f3by dialogu. Oczywi\u015bcie, wszystko sta\u0142o si\u0119 trudniejsze, w\u0142a\u015bnie z powodu ostatnich wydarze\u0144<\/strong> \u2013 powiedzia\u0142 dziennikarzom najbli\u017cszy wsp\u00f3\u0142pracownik Ojca \u015awi\u0119tego.<\/p>\n\n\n\n<p>&nbsp;(KAI\/vaticannews) \/ Watykan<\/p>\n","protected":false},"excerpt":{"rendered":"<p>Stolica Apostolska jest gotowa zrobi\u0107 wszystko dla pokoju, ale jednocze\u015bnie podkre\u015bla prawo Ukrainy do obrony przed niesprawiedliwym naje\u017ad\u017ac\u0105<\/p>\n","protected":false},"author":1,"featured_media":239,"comment_status":"closed","ping_status":"closed","sticky":false,"template":"","format":"standard","meta":{"footnotes":""},"categories":[3,9],"tags":[],"class_list":["post-238","post","type-post","status-publish","format-standard","has-post-thumbnail","hentry","category-religia","category-start"],"_links":{"self":[{"href":"https:\/\/kuriercodziennychicago.com\/index.php\/wp-json\/wp\/v2\/posts\/238","targetHints":{"allow":["GET"]}}],"collection":[{"href":"https:\/\/kuriercodziennychicago.com\/index.php\/wp-json\/wp\/v2\/posts"}],"about":[{"href":"https:\/\/kuriercodziennychicago.com\/index.php\/wp-json\/wp\/v2\/types\/post"}],"author":[{"embeddable":true,"href":"https:\/\/kuriercodziennychicago.com\/index.php\/wp-json\/wp\/v2\/users\/1"}],"replies":[{"embeddable":true,"href":"https:\/\/kuriercodziennychicago.com\/index.php\/wp-json\/wp\/v2\/comments?post=238"}],"version-history":[{"count":1,"href":"https:\/\/kuriercodziennychicago.com\/index.php\/wp-json\/wp\/v2\/posts\/238\/revisions"}],"predecessor-version":[{"id":240,"href":"https:\/\/kuriercodziennychicago.com\/index.php\/wp-json\/wp\/v2\/posts\/238\/revisions\/240"}],"wp:featuredmedia":[{"embeddable":true,"href":"https:\/\/kuriercodziennychicago.com\/index.php\/wp-json\/wp\/v2\/media\/239"}],"wp:attachment":[{"href":"https:\/\/kuriercodziennychicago.com\/index.php\/wp-json\/wp\/v2\/media?parent=238"}],"wp:term":[{"taxonomy":"category","embeddable":true,"href":"https:\/\/kuriercodziennychicago.com\/index.php\/wp-json\/wp\/v2\/categories?post=238"},{"taxonomy":"post_tag","embeddable":true,"href":"https:\/\/kuriercodziennychicago.com\/index.php\/wp-json\/wp\/v2\/tags?post=238"}],"curies":[{"name":"wp","href":"https:\/\/api.w.org\/{rel}","templated":true}]}}