{"id":2395,"date":"2022-11-18T19:44:35","date_gmt":"2022-11-19T01:44:35","guid":{"rendered":"https:\/\/kuriercodziennychicago.com\/?p=2395"},"modified":"2022-11-18T19:44:39","modified_gmt":"2022-11-19T01:44:39","slug":"orletom-obroncom-lwowa","status":"publish","type":"post","link":"https:\/\/kuriercodziennychicago.com\/index.php\/2022\/11\/18\/orletom-obroncom-lwowa\/","title":{"rendered":"Orl\u0119tom, obro\u0144com Lwowa"},"content":{"rendered":"<div class=\"wp-block-image is-style-rounded\">\n<figure class=\"alignleft size-full is-resized\"><img decoding=\"async\" src=\"https:\/\/kuriercodziennychicago.com\/wp-content\/uploads\/2022\/05\/pluzanski-edited.jpg\" alt=\"\" class=\"wp-image-93\" width=\"59\" height=\"78\"\/><\/figure>\n<\/div>\n\n\n<blockquote class=\"wp-block-quote is-layout-flow wp-block-quote-is-layout-flow\">\n<h2 class=\"wp-block-heading\">Tadeusz P\u0142u\u017ca\u0144ski<\/h2>\n<\/blockquote>\n\n\n\n<p>Od pocz\u0105tku listopada 1918 r., jako szeregowiec 8. Kompanii 1. Pu\u0142ku Strzelc\u00f3w Lwowskich, walczy\u0142 z Ukrai\u0144cami m.in. o G\u00f3r\u0119 Stracenia. Ostatni\u0105 bitw\u0119 13-letni Antoni Petrykiewicz, ucze\u0144 II klasy gimnazjalnej, stoczy\u0142 28 grudnia 1918 r. pod Persenk\u00f3wk\u0105, gdzie zosta\u0142 ci\u0119\u017cko ranny.<\/p>\n\n\n\n<p>Przez nast\u0119pnych kilkana\u015bcie dni umiera\u0142 w szpitalu na Politechnice Lwowskiej. 16 stycznia zosta\u0142 pochowany na cmentarzu \u0141yczakowskim. Trumn\u0119 z cia\u0142em Antoniego nie\u015bli od cmentarnej bramy a\u017c do grobu czterej jego starsi bracia, a za nimi szli pogr\u0105\u017ceni w smutku matka i ojciec. Wszyscy brali udzia\u0142 w obronie Lwowa. W 1932 r. szcz\u0105tki dzielnego ch\u0142opca pochowano na cmentarzu Orl\u0105t Lwowskich. Postanowieniem Naczelnika Pa\u0144stwa J\u00f3zefa Pi\u0142sudskiego Antoni Petrykiewicz zosta\u0142 po\u015bmiertnie odznaczony Orderem Virtuti Militari, jako najm\u0142odszy kawaler tego najwy\u017cszego polskiego odznaczenia wojennego.<\/p>\n\n\n\n<figure class=\"wp-block-image size-large\"><img decoding=\"async\" width=\"1024\" height=\"682\" src=\"https:\/\/kuriercodziennychicago.com\/wp-content\/uploads\/2022\/11\/Cmentarz-orlat-lwowskich-9-1024x682.jpg\" alt=\"\" class=\"wp-image-2396\" srcset=\"https:\/\/kuriercodziennychicago.com\/wp-content\/uploads\/2022\/11\/Cmentarz-orlat-lwowskich-9-1024x682.jpg 1024w, https:\/\/kuriercodziennychicago.com\/wp-content\/uploads\/2022\/11\/Cmentarz-orlat-lwowskich-9-300x200.jpg 300w, https:\/\/kuriercodziennychicago.com\/wp-content\/uploads\/2022\/11\/Cmentarz-orlat-lwowskich-9-768x512.jpg 768w, https:\/\/kuriercodziennychicago.com\/wp-content\/uploads\/2022\/11\/Cmentarz-orlat-lwowskich-9-1536x1024.jpg 1536w, https:\/\/kuriercodziennychicago.com\/wp-content\/uploads\/2022\/11\/Cmentarz-orlat-lwowskich-9.jpg 2000w\" sizes=\"(max-width: 1024px) 100vw, 1024px\" \/><\/figure>\n\n\n\n<p>Za pierwsz\u0105 ofiar\u0119 Ukrai\u0144c\u00f3w zosta\u0142 uznany 23-letni Andrzej Battaglia \u2013 pochodzenia w\u0142oskiego, syn powsta\u0144ca styczniowego. By\u0142 harcerzem, cz\u0142onkiem Zwi\u0105zku Strzeleckiego, studentem Wydzia\u0142u Prawa Uniwersytetu Lwowskiego. S\u0142u\u017cy\u0142 w Legionach Polskich i Polskiej Organizacji Wojskowej. W nocy z 31 pa\u017adziernika na 1 listopada 1918 r. uda\u0142 si\u0119 do zaj\u0119tych przez Ukrai\u0144c\u00f3w koszar 15. Pu\u0142ku Piechoty Austro-W\u0119gier przy ulicy Kurkowej 15, aby negocjowa\u0107 uwolnienie internowanych tam 30 Polak\u00f3w. Ukrai\u0144cy postrzelili go w brzuch. Zmar\u0142 5 listopada 1918 r. we lwowskim szpitalu. Jego szcz\u0105tki te\u017c spocz\u0119\u0142y na cmentarzu Obro\u0144c\u00f3w Lwowa. W listopadzie 1938 r. jednej z ulic Lwowa nadano imi\u0119 Andrzeja Battaglii (dzi\u015b rzecz jasna nieistniej\u0105cej).<\/p>\n\n\n\n<p>Orl\u0105t Lwowskich, kt\u00f3re ochotniczo stawi\u0142y czo\u0142a regularnym oddzia\u0142om Ukrai\u0144skich Strzelc\u00f3w Siczowych, by\u0142o ponad 6 tysi\u0119cy. Polska m\u0142odzie\u017c skutecznie obroni\u0142a miasto a\u017c do 20 listopada 1918 r., kiedy z Przemy\u015bla przysz\u0142a odsiecz pp\u0142k. Micha\u0142a Karaszewicza-Tokarzewskiego (we wrze\u015bniu 1939 r. by\u0142 komendantem S\u0142u\u017cby Zwyci\u0119stwu Polski). Orl\u0119ta Lwowskie musia\u0142y jednak dalej si\u0119 bi\u0107 \u2013 przez kolejne miesi\u0105ce Ukrai\u0144cy oblegali miasto, pozbawione cz\u0119sto dostaw wody, elektryczno\u015bci i aprowizacji. Podobnie by\u0142o w czasie wojny polsko-bolszewickiej. 17 sierpnia 1920 r. na przedpolu Lwowa pod Zadw\u00f3rzem spo\u015br\u00f3d 330 walcz\u0105cych ochotniczo Orl\u0105t zgin\u0119\u0142o 318. Przez 11 godzin m\u0142odzi Polacy obronili jednak miasto, powstrzymuj\u0105c natarcie 1. Armii Konnej Siemiona Budionnego. Wi\u0119kszo\u015b\u0107 poddaj\u0105cych si\u0119 zosta\u0142a rozsiekana przez Kozak\u00f3w. Sowieci r\u0105bali ich szablami, rannych dobijali kolbami. Zabitym odcinali g\u0142owy, r\u0119ce i nogi, zabierali ubrania. To Polskie Termopile. A cia\u0142a pi\u0119ciu oficer\u00f3w, kt\u00f3re uda\u0142o si\u0119 zidentyfikowa\u0107, zosta\u0142y pochowane na cmentarzu Obro\u0144c\u00f3w Lwowa. Za bohatersk\u0105 obron\u0119 w 1918 r. J\u00f3zef Pi\u0142sudski odznaczy\u0142 Lw\u00f3w (11 listopada 1920 r. przed kolumn\u0105 Mickiewicza) \u2013 jako jedyne polskie miasto \u2013 Krzy\u017cem Virtuti Militari. W maju br. cmentarz Orl\u0105t Lwowskich odzyska\u0142 dwa polskie, historyczne lwy.<\/p>\n","protected":false},"excerpt":{"rendered":"<p>Tadeusz P\u0142u\u017ca\u0144ski Od pocz\u0105tku listopada 1918 r., jako szeregowiec 8. Kompanii 1. Pu\u0142ku Strzelc\u00f3w Lwowskich, walczy\u0142 z Ukrai\u0144cami<\/p>\n","protected":false},"author":1,"featured_media":2396,"comment_status":"closed","ping_status":"closed","sticky":false,"template":"","format":"standard","meta":{"footnotes":""},"categories":[4,9],"tags":[],"class_list":["post-2395","post","type-post","status-publish","format-standard","has-post-thumbnail","hentry","category-publicystyka","category-start"],"_links":{"self":[{"href":"https:\/\/kuriercodziennychicago.com\/index.php\/wp-json\/wp\/v2\/posts\/2395","targetHints":{"allow":["GET"]}}],"collection":[{"href":"https:\/\/kuriercodziennychicago.com\/index.php\/wp-json\/wp\/v2\/posts"}],"about":[{"href":"https:\/\/kuriercodziennychicago.com\/index.php\/wp-json\/wp\/v2\/types\/post"}],"author":[{"embeddable":true,"href":"https:\/\/kuriercodziennychicago.com\/index.php\/wp-json\/wp\/v2\/users\/1"}],"replies":[{"embeddable":true,"href":"https:\/\/kuriercodziennychicago.com\/index.php\/wp-json\/wp\/v2\/comments?post=2395"}],"version-history":[{"count":1,"href":"https:\/\/kuriercodziennychicago.com\/index.php\/wp-json\/wp\/v2\/posts\/2395\/revisions"}],"predecessor-version":[{"id":2397,"href":"https:\/\/kuriercodziennychicago.com\/index.php\/wp-json\/wp\/v2\/posts\/2395\/revisions\/2397"}],"wp:featuredmedia":[{"embeddable":true,"href":"https:\/\/kuriercodziennychicago.com\/index.php\/wp-json\/wp\/v2\/media\/2396"}],"wp:attachment":[{"href":"https:\/\/kuriercodziennychicago.com\/index.php\/wp-json\/wp\/v2\/media?parent=2395"}],"wp:term":[{"taxonomy":"category","embeddable":true,"href":"https:\/\/kuriercodziennychicago.com\/index.php\/wp-json\/wp\/v2\/categories?post=2395"},{"taxonomy":"post_tag","embeddable":true,"href":"https:\/\/kuriercodziennychicago.com\/index.php\/wp-json\/wp\/v2\/tags?post=2395"}],"curies":[{"name":"wp","href":"https:\/\/api.w.org\/{rel}","templated":true}]}}