{"id":2410,"date":"2022-11-20T21:31:15","date_gmt":"2022-11-21T03:31:15","guid":{"rendered":"https:\/\/kuriercodziennychicago.com\/?p=2410"},"modified":"2022-11-20T21:31:15","modified_gmt":"2022-11-21T03:31:15","slug":"kiedy-restytucja-najjasniejszej-rzeczypospolitej","status":"publish","type":"post","link":"https:\/\/kuriercodziennychicago.com\/index.php\/2022\/11\/20\/kiedy-restytucja-najjasniejszej-rzeczypospolitej\/","title":{"rendered":"Kiedy restytucja Najja\u015bniejszej &nbsp;Rzeczypospolitej?"},"content":{"rendered":"<div class=\"wp-block-image is-style-rounded\">\n<figure class=\"alignleft size-full is-resized\"><img decoding=\"async\" src=\"https:\/\/kuriercodziennychicago.com\/wp-content\/uploads\/2022\/05\/pluzanski-edited.jpg\" alt=\"\" class=\"wp-image-93\" width=\"59\" height=\"78\"\/><\/figure>\n<\/div>\n\n\n<h2 class=\"wp-block-heading\">Tadeusz P\u0142u\u017ca\u0144ski<\/h2>\n\n\n\n<p>Prochy trzech prezydent\u00f3w Najja\u015bniejszej Rzeczypospolitej na uchod\u017astwie: W\u0142adys\u0142awa Raczkiewicza, Augusta Zaleskiego i&nbsp;Stanis\u0142awa Ostrowskiego, zosta\u0142y sprowadzone do Polski z&nbsp;cmentarza Lotnik\u00f3w Polskich w&nbsp;Newark w&nbsp;Wielkiej Brytanii. To wa\u017cna dla Polak\u00f3w symbolika, ale czy poci\u0105gnie za sob\u0105 co\u015b wi\u0119cej? Restytucj\u0119 polityczn\u0105 i&nbsp;prawn\u0105 (nowa konstytucja) prawdziwie wolnej i&nbsp;niepodleg\u0142ej ojczyzny, jak\u0105 by\u0142a II RP?<\/p>\n\n\n\n<p>Trzej m\u0119\u017cowie stanu spocz\u0119li w&nbsp;nowo powsta\u0142ym Mauzoleum Prezydent\u00f3w RP na Uchod\u017astwie w&nbsp;\u015awi\u0105tyni Opatrzno\u015bci Bo\u017cej. W&nbsp;jednej z&nbsp;krypt tej \u015bwi\u0105tyni od 2010 r. (po katastrofie smole\u0144skiej) jest pochowany ostatni \u201elondy\u0144ski\u201d prezydent Ryszard Kaczorowski. Teraz jego doczesne szcz\u0105tki, podobnie jak szcz\u0105tki ma\u0142\u017conki, by\u0142ej pierwszej damy Karoliny Kaczorowskiej, zostan\u0105 przeniesione do utworzonego mauzoleum. Obok nich znajd\u0105 si\u0119 tak\u017ce symboliczne groby pozosta\u0142ych prezydent\u00f3w: Kazimierza Sabbata, pochowanego na cmentarzu Gunnersbury w&nbsp;Londynie, i&nbsp;Edwarda Raczy\u0144skiego, spoczywaj\u0105cego w&nbsp;rodowym mauzoleum w&nbsp;Rogalinie w&nbsp;Wielkopolsce.<\/p>\n\n\n\n<figure class=\"wp-block-image size-large\"><img decoding=\"async\" width=\"1024\" height=\"432\" src=\"https:\/\/kuriercodziennychicago.com\/wp-content\/uploads\/2022\/11\/1328x560-1024x432.jpg\" alt=\"\" class=\"wp-image-2411\" srcset=\"https:\/\/kuriercodziennychicago.com\/wp-content\/uploads\/2022\/11\/1328x560-1024x432.jpg 1024w, https:\/\/kuriercodziennychicago.com\/wp-content\/uploads\/2022\/11\/1328x560-300x127.jpg 300w, https:\/\/kuriercodziennychicago.com\/wp-content\/uploads\/2022\/11\/1328x560-768x324.jpg 768w, https:\/\/kuriercodziennychicago.com\/wp-content\/uploads\/2022\/11\/1328x560.jpg 1328w\" sizes=\"(max-width: 1024px) 100vw, 1024px\" \/><\/figure>\n\n\n\n<p>Kazimierz Sabbat 19 lipca 1989 r. ok. godz. 19 wyszed\u0142 z&nbsp;siedziby prezydenta RP na uchod\u017astwie w&nbsp;Londynie przy 43 Eaton Place SW1, udaj\u0105c si\u0119 do domu przy 38 Parkside ko\u0142o Wimbledonu. W&nbsp;drodze do stacji metra Sloane Square o&nbsp;godz. 19.20 zas\u0142ab\u0142 i&nbsp;upad\u0142, po czym zosta\u0142 przewieziony do szpitala Westminster, gdzie stwierdzono zgon. Przyczyn\u0105 \u015bmierci by\u0142 zawa\u0142 serca. Zdarzy\u0142o si\u0119 to po nadej\u015bciu z&nbsp;Polski informacji o&nbsp;wyborze przez Sejm kontraktowy w&nbsp;Warszawie komunistycznego zbrodniarza Wojciecha Jaruzelskiego na stanowisko prezydenta PRL.<\/p>\n\n\n\n<h3 class=\"wp-block-heading\"><strong>Okr\u0105g\u0142osto\u0142owcy chcieli budowa\u0107 PRL bis<\/strong><\/h3>\n\n\n\n<p>Pi\u0119kny, dostojny, godny pogrzeb prezydent\u00f3w za nami. Przed nami wa\u017cna rocznica. 103 lata temu, 26 listopada 1919 r., urodzi\u0142 si\u0119 w&nbsp;Bia\u0142ymstoku wspomniany ju\u017c Ryszard Kaczorowski, nast\u0119pca Kazimierza Sabbata, wcze\u015bniej minister ds. krajowych. W&nbsp;m\u0142odo\u015bci harcerz, komendant Szarych Szereg\u00f3w w&nbsp;tym mie\u015bcie, wi\u0119zie\u0144 sowieckich \u0142agr\u00f3w, uczestnik bitwy pod Monte Cassino.<\/p>\n\n\n\n<p>Do historii przeszed\u0142 przede wszystkim jako ostatni prezydent II Rzeczypospolitej na uchod\u017astwie. Podczas sowieckiej okupacji m\u0142ody Ryszard mia\u0142 wiele szcz\u0119\u015bcia. Po aresztowaniu przez NKWD 17 lipca 1940 r. i&nbsp;wi\u0119zieniu najpierw w&nbsp;Bia\u0142ymstoku, a&nbsp;potem Mi\u0144sku, po dwudniowym procesie 1 lutego 1941 r. Najwy\u017cszy S\u0105d Bia\u0142oruskiej Republiki Sowieckiej skaza\u0142 go na kar\u0119 \u015bmierci. Sto dni czeka\u0142 w&nbsp;celi \u015bmierci na egzekucj\u0119, kiedy przysz\u0142a zmiana wyroku na 10 lat zes\u0142ania. Wywieziony na Ko\u0142ym\u0119, wolno\u015b\u0107 odzyska\u0142 po podpisaniu uk\u0142adu Sikorski\u2013Majski.<\/p>\n\n\n\n<p>Po wydostaniu si\u0119 z&nbsp;nieludzkiej ziemi z&nbsp;armi\u0105 gen. Andersa i&nbsp;kampanii w\u0142oskiej pozosta\u0142 na emigracji w&nbsp;Wielkiej Brytanii, gdzie uko\u0144czy\u0142 Szko\u0142\u0119 Handlu Zagranicznego i&nbsp;przez 35 lat pracowa\u0142 jako ksi\u0119gowy. Od 19 lipca 1989 r. do 22 grudnia 1990 r. pozostawa\u0142 g\u0142ow\u0105 pa\u0144stwa na wygnaniu. Kaczorowski wr\u00f3ci\u0142 ostatecznie do ojczyzny, a zgin\u0105\u0142 10&nbsp;kwietnia 2010 r. w&nbsp;katastrofie smole\u0144skiej. Jego zw\u0142oki zosta\u0142y podmienione.<\/p>\n\n\n\n<p>Najwi\u0119kszym cieniem na wsp\u00f3\u0142czesnej Polsce po\u0142o\u017cy\u0142o si\u0119 to, \u017ce ostatni prezydent II RP nie zosta\u0142 pierwszym prezydentem III RP. 22&nbsp;grudnia 1990 r. prezydent Kaczorowski dokona\u0142 tylko symbolicznego gestu: przekaza\u0142 insygnia prawowitej, konstytucyjnej w\u0142adzy nowo wybranemu prezydentowi Lechowi Wa\u0142\u0119sie. By\u0142y to: chor\u0105giew RP, piecz\u0119\u0107 Kancelarii Prezydenta, orygina\u0142 konstytucji z&nbsp;1935 r. oraz Order Or\u0142a Bia\u0142ego. Odby\u0142a si\u0119 w&nbsp;tym celu wielka uroczysto\u015b\u0107 na Zamku Kr\u00f3lewskim w&nbsp;Warszawie. Wielka, ale z&nbsp;biegiem lat coraz bardziej ukrywana, bo Wa\u0142\u0119sie ani reszcie okr\u0105g\u0142osto\u0142owc\u00f3w nie zale\u017ca\u0142o, aby wraca\u0107 do jakiej\u015b przedwojennej Polski, jej prawodawstwa i&nbsp;tradycji. Chcieli budowa\u0107 PRL bis.<\/p>\n\n\n\n<h3 class=\"wp-block-heading\"><strong>Polska Urbana<\/strong><\/h3>\n\n\n\n<p>A&nbsp;powinno by\u0107 zupe\u0142nie inaczej. Nale\u017ca\u0142o najpierw przywr\u00f3ci\u0107 obowi\u0105zuj\u0105c\u0105 niezmiennie od dziesi\u0119cioleci konstytucj\u0119 kwietniow\u0105 z&nbsp;1935 r. W&nbsp;miejsce konstytucji stalinowskiej, napisanej w&nbsp;Moskwie i&nbsp;og\u0142oszonej przez komunist\u00f3w, nigdy niewybranych przez Polak\u00f3w w&nbsp;\u017cadnych wyborach. Czy bowiem nielegalna, uzurpatorska w\u0142adza mo\u017ce stanowi\u0107 legalne prawo?<\/p>\n\n\n\n<p>I&nbsp;druga fundamentalna sprawa: po przywr\u00f3ceniu polskiego \u2013 zamiast komunistycznego \u2013 prawa automatycznie w\u0142adzami Polski stawali si\u0119 rz\u0105d RP na uchod\u017astwie i&nbsp;prezydent. Ta w\u0142adza, kt\u00f3ra funkcjonowa\u0142a po 17 wrze\u015bnia 1939 r. najpierw w&nbsp;Rumunii, potem we Francji, a&nbsp;wreszcie przetrwa\u0142a dekady w&nbsp;Wielkiej Brytanii, zachowa\u0142a ci\u0105g\u0142o\u015b\u0107 II RP \u2013&nbsp;prawdziwie niepodleg\u0142ego pa\u0144stwa polskiego. W&nbsp;przeciwie\u0144stwie do tzw. Polskiej Rzeczypospolitej Ludowej, kt\u00f3ra by\u0142a sowieck\u0105 koloni\u0105, ca\u0142kowicie zale\u017cn\u0105 od Moskwy.<\/p>\n\n\n\n<p>A&nbsp;przynajmniej nale\u017ca\u0142o Polak\u00f3w z&nbsp;Londynu: prezydenta, ministr\u00f3w, przedstawicieli partii politycznych \u2013 prawowitych reprezentant\u00f3w Rzeczypospolitej (w&nbsp;przeciwie\u0144stwie do komunist\u00f3w) \u2013 zaprosi\u0107 do wsp\u00f3\u0142rz\u0105dzenia. Niestety, z&nbsp;Polsk\u0105 Pi\u0142sudskiego, Dmowskiego, Paderewskiego, Daszy\u0144skiego, a&nbsp;potem Kaczorowskiego, Sabbata, Andersa, woln\u0105 Polsk\u0105 wolnych Polak\u00f3w, przy Okr\u0105g\u0142ym Stole wygra\u0142a Polska \u201eludowa\u201d funkcjonariuszy, agent\u00f3w i&nbsp;poddanych Kremla: Bieruta, Gomu\u0142ki, Jaruzelskiego, Kiszczaka i&nbsp;Urbana. Ten stan w&nbsp;wielu aspektach \u2013 przez brak powszechnej dekomunizacji \u2013&nbsp;trwa do dzi\u015b.<\/p>\n\n\n\n<h3 class=\"wp-block-heading\"><strong>Sko\u0144czy\u0142 si\u0119 komunizm?<\/strong><\/h3>\n\n\n\n<p>28 pa\u017adziernika 1989&nbsp;r. Joanna Szczepkowska w&nbsp;\u201eDzienniku Telewizyjnym\u201d TVP stwierdzi\u0142a: \u201eProsz\u0119 pa\u0144stwa, 4 czerwca 1989 r. sko\u0144czy\u0142 si\u0119 w&nbsp;Polsce komunizm!\u201d. Tylko czy na pewno?<br>Czy w&nbsp;tym przypadku racji nie ma jeden z&nbsp;towarzyszy? Konkretnie towarzysz W\u0142odzimierz Czarzasty: \u201eWy\u015bcie si\u0119 z&nbsp;nami, k\u2026wa, przy Okr\u0105g\u0142ym Stole i&nbsp;4&nbsp;czerwca 1989 roku dogadali!\u201d. Ten sam Czarzasty, kt\u00f3ry w&nbsp;2019&nbsp;r. na konwencji komunist\u00f3w w&nbsp;Katowicach wychwala\u0142 PRL i&nbsp;dzi\u0119kowa\u0142 okupacyjnej armii bolszewickiej za \u201ewyzwolenie\u201d. Wyzwolili was \u2013&nbsp;komunist\u00f3w, Polak\u00f3w zniewolili.<br>Czym jest zatem rok 1989? To pseudo\u015bwi\u0119to wynikaj\u0105ce z&nbsp;kontraktu pseudoelit, dogadania si\u0119 \u00f3wczesnych komunist\u00f3w z&nbsp;by\u0142ymi komunistami przy Okr\u0105g\u0142ym Stole. Dlatego trudno si\u0119 dziwi\u0107, \u017ce ci uzurpatorzy ca\u0142kowicie odrzucili dorobek II Rzeczypospolitej, wyrzucili do kosza rz\u0105d londy\u0144ski i&nbsp;konstytucj\u0119 kwietniow\u0105.<\/p>\n\n\n\n<p>Okr\u0105g\u0142osto\u0142owe \u201eelity\u201d, zamiast odwo\u0142a\u0107 si\u0119 do legalnej, obowi\u0105zuj\u0105cej niezmiennie konstytucji kwietniowej, wybra\u0142y kontynuowanie konstytucji, na kt\u00f3rej osobi\u015bcie poprawki nanosi\u0142 J\u00f3zef Stalin. Bo dzisiejsza konstytucja tzw. III RP \u2013 tak za\u017carcie broniona przez ludzi zmagaj\u0105cych si\u0119 wci\u0105\u017c z&nbsp;syndromem homo sovieticus \u2013 jest kontynuacj\u0105 stalinowskiej ustawy z&nbsp;1952 r.<\/p>\n\n\n\n<h3 class=\"wp-block-heading\"><strong>Pierwszy niekomunistyczny rz\u0105d?<\/strong><\/h3>\n\n\n\n<p>12 wrze\u015bnia 1989 r. Sejm powo\u0142a\u0142 rz\u0105d pierwszego niekomunistycznego prezesa Rady Ministr\u00f3w w&nbsp;Polsce od zako\u0144czenia II wojny \u015bwiatowej. Ten oficjalny przekaz to jednak nieprawda.&nbsp;<\/p>\n\n\n\n<p>Media g\u0142\u00f3wnego nurtu do dzi\u015b ukrywaj\u0105 informacje o&nbsp;Tadeuszu Mazowieckim z&nbsp;lat powojennych. A&nbsp;ten \u201epierwszy niekomunistyczny premier\u201d by\u0142 w\u00f3wczas gorliwym apologet\u0105 sowieckiego zniewolenia Polski, kt\u00f3ry produkowa\u0142 haniebne artyku\u0142y pot\u0119piaj\u0105ce \u017bo\u0142nierzy Wykl\u0119tych i&nbsp;torturowanego przez bezpiek\u0119 biskupa kieleckiego Czes\u0142awa Kaczmarka.<\/p>\n\n\n\n<p>\u201eAntykomunista\u201d Mazowiecki pisa\u0142: \u201eWychowanie nacechowane podejrzliwo\u015bci\u0105 i&nbsp;wrogo\u015bci\u0105 wobec post\u0119pu spo\u0142ecznego, atmosfer\u0105 \u015brodowiska spo\u0142ecznego rozniecaj\u0105c\u0105 lub cho\u0107by tylko podtrzymuj\u0105c\u0105 bezwzgl\u0119dn\u0105 wrogo\u015b\u0107 wobec osi\u0105gni\u0119\u0107 spo\u0142ecznych Polski Ludowej, wp\u0142ywy polityczne przychodz\u0105ce z&nbsp;zewn\u0105trz i&nbsp;wyros\u0142a na tym wszystkim b\u0142\u0119dna postawa polityczna ks. bp. Kaczmarka, kt\u00f3ra doprowadzi\u0142a go do kolizji z&nbsp;prawem \u2013 oto sumarycznie uj\u0119te przyczyny dzia\u0142alno\u015bci przest\u0119pczej oskar\u017conych. (\u2026) nie tylko bolejemy, ale i&nbsp;odcinamy si\u0119 od b\u0142\u0119dnych pogl\u0105d\u00f3w ks. bp. Kaczmarka, kt\u00f3re doprowadzi\u0142y go do akcji dywersyjnej wobec Polski Ludowej i&nbsp;kierowa\u0142y w&nbsp;tej dzia\u0142alno\u015bci jego postaw\u0105\u201d. Tym smutniejsze jest to, \u017ce Mazowiecki zna\u0142 osobi\u015bcie bp. Kaczmarka.<\/p>\n\n\n\n<p>Po 1989 r., kiedy takich obrzydliwych tekst\u00f3w ani Mazowiecki, ani jego zwolennicy nie mogli ju\u017c ukry\u0107, \u201epierwszy niekomunistyczny premier\u201d t\u0142umaczy\u0142: \u201eBy\u0142em na tym procesie, mia\u0142em kart\u0119 prasow\u0105. Biskup obci\u0105\u017ca\u0142 siebie i&nbsp;wszystkich naoko\u0142o, i&nbsp;to mn\u0105 wstrz\u0105sn\u0119\u0142o. Nie spodziewa\u0142em si\u0119, \u017ce mo\u017cna siebie i&nbsp;innych tak dalece oskar\u017ca\u0107. To by\u0142o poni\u017caj\u0105ce. Widzia\u0142em, \u017ce by\u0142 nerwowy, ale nie przypuszcza\u0142em, \u017ce znajdowa\u0142 si\u0119 na \u015brodkach farmaceutycznych. Niestety, uwierzy\u0142em w&nbsp;prawdziwo\u015b\u0107 stawianych mu zarzut\u00f3w. By\u0142em przekonany, \u017ce Ko\u015bci\u00f3\u0142 w&nbsp;Polsce musi si\u0119 odnale\u017a\u0107. Dlatego po procesie napisa\u0142em artyku\u0142, jaki napisa\u0142em\u201d.<\/p>\n\n\n\n<h3 class=\"wp-block-heading\"><strong>Polityka grubej kreski<\/strong><\/h3>\n\n\n\n<p>\u017bo\u0142nierzy Wykl\u0119tych oskar\u017ca\u0142 Mazowiecki \u2013 razem z&nbsp;Zygmuntem Przetakiewiczem \u2013&nbsp;o&nbsp;pragnienie ugodzenia \u201ebezpo\u015brednio w&nbsp;\u017cycie gospodarcze i&nbsp;polityczne kraju drog\u0105 dywersji i&nbsp;sabota\u017cu\u201d. Por\u00f3wnywa\u0142 ich z&nbsp;\u201ehitlerowcami, oprawcami z&nbsp;Dachau, O\u015bwi\u0119cimia i&nbsp;Mauthausen\u201d. Po leninowsku usprawiedliwia\u0142 ich mordowanie: \u201eBy\u0142oby jak\u0105\u015b ahistoryczn\u0105, sentymentaln\u0105 ckliwo\u015bci\u0105 nie widzie\u0107 tego, \u017ce ka\u017cda wielka przemiana dziejowa poci\u0105ga za sob\u0105 ofiary tak\u017ce w&nbsp;ludziach. Ka\u017cda rewolucja spo\u0142eczna przeciwstawia sobie tych, kt\u00f3rzy broni\u0105 dotychczasowego porz\u0105dku rzeczy, i&nbsp;tych, kt\u00f3rzy walcz\u0105 o&nbsp;nowy\u201d.<\/p>\n\n\n\n<p>P\u00f3\u017aniejszy premier atakowa\u0142 tak\u017ce legalny polski rz\u0105d w&nbsp;Londynie, nazywaj\u0105c go \u201erewan\u017cystowskim\u201d i&nbsp;\u201eagenturalnym\u201d: \u201eIdeologia lancy u\u0142a\u0144skiej na us\u0142ugach kapitalistycznej wolno\u015bci zas\u0142oni\u0142a im historyczn\u0105 szans\u0119 wydobycia Polski z&nbsp;wielowiekowych zaniedba\u0144 cywilizacyjnych. (\u2026) kieruj\u0105 si\u0119 zazdro\u015bci\u0105, nie mog\u0105c znie\u015b\u0107, \u017ce nowa rzeczywisto\u015b\u0107 w&nbsp;Polsce tworzona jest nie przez \u201efraki, ale kombinezony robotnicze, nie proporczyki kawaleryjskie, ale kielnie murarskie\u201d.<\/p>\n\n\n\n<p>To zreszt\u0105 niejedyne prokomunistyczne teksty podobno niekomunistycznego premiera Tadeusza Mazowieckiego.<\/p>\n\n\n\n<p>T\u0119 niew\u0105tpliw\u0105 rys\u0119 na \u017cyciorysie m\u00f3g\u0142 wszak\u017ce jako premier tzw. III RP zmaza\u0107 rzeczywistym odci\u0119ciem si\u0119&nbsp;nowo tworzonego demokratycznego pa\u0144stwa od komuny. Niestety, Mazowiecki wybra\u0142 polityk\u0119 grubej kreski, a&nbsp;wi\u0119c braku jakichkolwiek rozlicze\u0144 z&nbsp;przesz\u0142o\u015bci\u0105. I&nbsp;tak w&nbsp;\u201epierwszym niekomunistycznym rz\u0105dzie od&nbsp;wrze\u015bnia 1939 r.\u201d zasiadali komunistyczni aparatczycy, a&nbsp;nawet zbrodniarze. Czes\u0142aw Kiszczak zachowa\u0142 z&nbsp;czas\u00f3w PRL tek\u0119 szefa MSW, Florian Siwicki szefa MON. Czyli jaki to prze\u0142om? Antykomunizm z&nbsp;komunistami w&nbsp;rolach g\u0142\u00f3wnych?<\/p>\n\n\n\n<p>To wtedy z&nbsp;dymem sz\u0142y akta bezpieki i&nbsp;uw\u0142aszcza\u0142a si\u0119 nomenklatura. Dlatego pierwszym rz\u0105dem niepodleg\u0142ej Polski by\u0142 gabinet Jana Olszewskiego, wy\u0142oniony w&nbsp;1991 r. w&nbsp;wyniku pierwszych w&nbsp;pe\u0142ni demokratycznych wybor\u00f3w, a&nbsp;nie na mocy kontraktu Okr\u0105g\u0142ego Sto\u0142u.<\/p>\n\n\n\n<p>Polski Londyn patrzy\u0142 na to, co dzieje si\u0119 w&nbsp;Polsce. Cz\u0119sto z&nbsp;niepokojem. W&nbsp;przem\u00f3wieniu noworocznym 1 stycznia 1990 r. Ryszard Kaczorowski stwierdzi\u0142: \u201ePatrzymy na pokojow\u0105 przebudow\u0119 \u017cycia politycznego w&nbsp;naszym kraju ze zrozumia\u0142ym zniecierpliwieniem, bo chcieliby\u015bmy, aby cel, dla kt\u00f3rego pozostali\u015bmy i&nbsp;pracowali\u015bmy poza krajem, zosta\u0142 osi\u0105gni\u0119ty jak najszybciej\u201d.<\/p>\n\n\n\n<p>Gdy w&nbsp;po\u0142owie lutego 1990&nbsp;r. do Londynu przyjecha\u0142 premier Tadeusz Mazowiecki, spotka\u0142 si\u0119 w&nbsp;Polskim O\u015brodku Spo\u0142eczno-Kulturalnym z&nbsp;dzia\u0142aczami Zjednoczenia Polskiego w&nbsp;Wielkiej Brytanii. Nie dosz\u0142o jednak do zapowiadanego spotkania z&nbsp;prezydentem Kaczorowskim.<\/p>\n\n\n\n<p>\u201ePrezydent Kaczorowski wraz ze swoim rz\u0105dem zaproponowa\u0142 spotkanie z&nbsp;delegacj\u0105 polsk\u0105 (&#8230;) z&nbsp;zachowaniem ceremonia\u0142u \u00bbwej\u015bcia prezydenta RP\u00ab \u2013 co premier Mazowiecki uzna\u0142 za poni\u017caj\u0105ce wobec prezydenta Jaruzelskiego, swojego rz\u0105du i&nbsp;pa\u0144stwa\u201d \u2013 czytali\u015bmy w&nbsp;ujawnionym przez Wojskowe Biuro Historyczne dokumencie MON.<\/p>\n\n\n\n<h3 class=\"wp-block-heading\"><strong>Dwa pa\u0142ace \u2013 wyb\u00f3r tradycji i&nbsp;drogi<\/strong><\/h3>\n\n\n\n<p>22 lipca 1955 r. J\u00f3zef Cyrankiewicz, premier komunistycznego rz\u0105du PRL, i&nbsp;sowiecki ambasador Pantelejmon Ponomarenko o\u015bwiadczyli, \u017ce uwa\u017caj\u0105 wybudowany przez Zwi\u0105zek Sowiecki w&nbsp;stolicy Polski Pa\u0142ac Kultury i&nbsp;Nauki za symbol wieczystej, niewzruszonej przyja\u017ani narod\u00f3w sowieckiego i&nbsp;polskiego. Na pl. Defilad, jak dzi\u015b na pl. Czerwonym w&nbsp;Moskwie, paradowa\u0142y ruskie czo\u0142gi. Hucza\u0142y ruskie armaty.<\/p>\n\n\n\n<p>22 lipca wybrano nieprzypadkowo: to rocznica zniewolenia Polski przez Sowiet\u00f3w (wydania komunistycznego manifestu PKWN; potem \u015bwi\u0119to Polski Ludowej). A&nbsp;PKiN \u201ejest znakiem upokorzenia narodu polskiego i&nbsp;wyrazem pogardy dla \u2013 de facto \u2013 okupowanego w&nbsp;latach PRL \u00bbprywislianskogo kraja\u00ab\u201d \u2013 napisali ludzie kultury, nauki i&nbsp;medi\u00f3w, protestuj\u0105c przeciwko wpisaniu pa\u0142acu (2 lutego 2007 r.) do rejestru zabytk\u00f3w (ale wiadomo, \u017ce pa\u0142ac z&nbsp;tego rejestru mo\u017cna te\u017c wypisa\u0107 \u2013&nbsp;wystarczy chcie\u0107).<\/p>\n\n\n\n<p>Pomys\u0142 Stalina realizowa\u0142 Wiaczes\u0142aw Mo\u0142otow. PKiN od pocz\u0105tku by\u0142 kiczem: mia\u0142 po\u0142\u0105czy\u0107 styl krakowskich Sukiennic, kamienic z&nbsp;Kazimierza Dolnego, pa\u0142acu w&nbsp;Nieborowie, ratusza w&nbsp;Che\u0142mnie i&nbsp;oczywi\u015bcie pa\u0142ac\u00f3w sowieckich. Wysoko\u015b\u0107 \u2013 230 metr\u00f3w. Na wi\u0119cej nie zgodzili si\u0119 sowieccy \u201ebracia\u201d \u2013 PKiN nie m\u00f3g\u0142 by\u0107 wy\u017cszy od Moskiewskiego Uniwersytetu im. \u0141omonosowa.<\/p>\n\n\n\n<p>7 marca 1953 r. nadano mu imi\u0119 darczy\u0144cy \u2013 zmar\u0142ego J\u00f3zefa Stalina. Na placu mia\u0142 r\u00f3wnie\u017c stan\u0105\u0107 jego pomnik. Szcz\u0119\u015bliwie z&nbsp;pomys\u0142u zrezygnowano, bo zapewne sta\u0142by tam dalej.<\/p>\n\n\n\n<p>\u201eB\u0119dzie trwa\u0142 tak jak mi\u0142o\u015b\u0107 do dziecka. (\u2026) B\u0119dzie trwa\u0142 tak jak przyja\u017a\u0144 radziecka\u201d \u2013&nbsp;pisa\u0142\u2026 Jan Brzechwa. I&nbsp;tak PKiN trwa kolejne dekady. Tak jak nieos\u0105dzeni zbrodniarze komunistyczni, kt\u00f3rym p\u0142acimy ogromne resortowe emerytury. Ale nie wszystkim si\u0119 on podoba. W\u0142adys\u0142awowi Broniewskiemu skojarzy\u0142 si\u0119 z&nbsp;\u201ekoszmarnym snem pijanego cukiernika\u201d. A&nbsp;s\u0142ynne okre\u015blenie \u201ePekin\u201d wymy\u015bli\u0142 Leopold Tyrmand \u2013 jako nawi\u0105zanie do nazwy pewnej przedwojennej kamienicy, w&nbsp;kt\u00f3rej funkcjonowa\u0142a agencja towarzyska.<\/p>\n\n\n\n<p>Czy wiedz\u0105c to wszystko, \u201edar Stalina\u201d ma&nbsp;pozosta\u0107 symbolem Warszawy? Dla wielu wa\u017cniejszym ni\u017c Syrenka czy Zamek Kr\u00f3lewski? Chyba \u017ce chcemy, aby nadal tak g\u0142\u0119boka by\u0142a polsko-sowiecka przyja\u017a\u0144?<\/p>\n\n\n\n<p>Skoro odbudowujemy Pa\u0142ac Saski, symbol Rzeczypospolitej, jej armii, powinni\u015bmy czym pr\u0119dzej rozebra\u0107 pa\u0142ac Stalina. Pa\u0142ac II RP musi wygra\u0107 z&nbsp;pa\u0142acem PRL.&nbsp;<\/p>\n\n\n\n<p>A&nbsp;skoro prochy legalnych prezydent\u00f3w Rzeczypospolitej trafi\u0142y do \u015awi\u0105tyni Opatrzno\u015bci Bo\u017cej w&nbsp;Warszawie, to z&nbsp;Pow\u0105zek Wojskowych w&nbsp;Warszawie powinno wreszcie znikn\u0105\u0107 mauzoleum pseudoprezydenta, namiestnika i&nbsp;agenta Moskwy Boles\u0142awa Bieruta.&nbsp;<\/p>\n","protected":false},"excerpt":{"rendered":"<p>Tadeusz P\u0142u\u017ca\u0144ski Prochy trzech prezydent\u00f3w Najja\u015bniejszej Rzeczypospolitej na uchod\u017astwie: W\u0142adys\u0142awa Raczkiewicza, Augusta Zaleskiego i&nbsp;Stanis\u0142awa Ostrowskiego, zosta\u0142y sprowadzone do<\/p>\n","protected":false},"author":1,"featured_media":2411,"comment_status":"closed","ping_status":"closed","sticky":false,"template":"","format":"standard","meta":{"footnotes":""},"categories":[4,9],"tags":[],"class_list":["post-2410","post","type-post","status-publish","format-standard","has-post-thumbnail","hentry","category-publicystyka","category-start"],"_links":{"self":[{"href":"https:\/\/kuriercodziennychicago.com\/index.php\/wp-json\/wp\/v2\/posts\/2410","targetHints":{"allow":["GET"]}}],"collection":[{"href":"https:\/\/kuriercodziennychicago.com\/index.php\/wp-json\/wp\/v2\/posts"}],"about":[{"href":"https:\/\/kuriercodziennychicago.com\/index.php\/wp-json\/wp\/v2\/types\/post"}],"author":[{"embeddable":true,"href":"https:\/\/kuriercodziennychicago.com\/index.php\/wp-json\/wp\/v2\/users\/1"}],"replies":[{"embeddable":true,"href":"https:\/\/kuriercodziennychicago.com\/index.php\/wp-json\/wp\/v2\/comments?post=2410"}],"version-history":[{"count":1,"href":"https:\/\/kuriercodziennychicago.com\/index.php\/wp-json\/wp\/v2\/posts\/2410\/revisions"}],"predecessor-version":[{"id":2412,"href":"https:\/\/kuriercodziennychicago.com\/index.php\/wp-json\/wp\/v2\/posts\/2410\/revisions\/2412"}],"wp:featuredmedia":[{"embeddable":true,"href":"https:\/\/kuriercodziennychicago.com\/index.php\/wp-json\/wp\/v2\/media\/2411"}],"wp:attachment":[{"href":"https:\/\/kuriercodziennychicago.com\/index.php\/wp-json\/wp\/v2\/media?parent=2410"}],"wp:term":[{"taxonomy":"category","embeddable":true,"href":"https:\/\/kuriercodziennychicago.com\/index.php\/wp-json\/wp\/v2\/categories?post=2410"},{"taxonomy":"post_tag","embeddable":true,"href":"https:\/\/kuriercodziennychicago.com\/index.php\/wp-json\/wp\/v2\/tags?post=2410"}],"curies":[{"name":"wp","href":"https:\/\/api.w.org\/{rel}","templated":true}]}}