{"id":2437,"date":"2022-11-25T21:20:38","date_gmt":"2022-11-26T03:20:38","guid":{"rendered":"https:\/\/kuriercodziennychicago.com\/?p=2437"},"modified":"2022-11-25T21:20:38","modified_gmt":"2022-11-26T03:20:38","slug":"pis-w-pe-przeciwko-europejskim-nowym-podatkom","status":"publish","type":"post","link":"https:\/\/kuriercodziennychicago.com\/index.php\/2022\/11\/25\/pis-w-pe-przeciwko-europejskim-nowym-podatkom\/","title":{"rendered":"PiS w PE przeciwko europejskim nowym podatkom"},"content":{"rendered":"<div class=\"wp-block-image is-style-rounded\">\n<figure class=\"alignleft size-full is-resized\"><img decoding=\"async\" src=\"https:\/\/kuriercodziennychicago.com\/wp-content\/uploads\/2022\/09\/Zbigniew_Kuzmiuk.jpg\" alt=\"\" class=\"wp-image-1480\" width=\"64\" height=\"85\"\/><\/figure>\n<\/div>\n\n\n<blockquote class=\"wp-block-quote is-layout-flow wp-block-quote-is-layout-flow\">\n<h3 class=\"wp-block-heading\"><a href=\"https:\/\/wpolityce.pl\/autorzy\/274-zbigniew-kuzmiuk\">Zbigniew Ku\u017amiuk<\/a><\/h3>\n<\/blockquote>\n\n\n\n<p><strong>W&nbsp;poniedzia\u0142ek i&nbsp;we&nbsp;wtorek w&nbsp;Parlamencie Europejskim odby\u0142y si\u0119 debaty dotycz\u0105ce zar\u00f3wno pozyskania \u015brodk\u00f3w na&nbsp;pokrycie wynosz\u0105cego ponad 800 mld euro d\u0142ugu przeznaczonego na&nbsp;finansowanie negatywnych skutk\u00f3w Covid19 oraz agresji Rosji na&nbsp;Ukrain\u0119, ale tak\u017ce podatk\u00f3w kt\u00f3re pozwol\u0105 na&nbsp;sfinansowanie zobowi\u0105za\u0144 z&nbsp;tego&nbsp;tytu\u0142u.<\/strong><\/p>\n\n\n\n<p>Wprawdzie g\u0142osowanie w&nbsp;PE, dotycz\u0105ce sprawozda\u0144 w&nbsp;tych sprawach, jest jednoznacznie pozytywne ale nie oznacza to, \u017ce&nbsp;jeszcze na&nbsp;etapie parlamentarnym nie trzeba zg\u0142asza\u0107 zastrze\u017ce\u0144, kt\u00f3re dobitnie pokazuj\u0105, \u017ce&nbsp;proponowane rozwi\u0105zania, nie s\u0105&nbsp;korzystne dla wielu pa\u0144stw&nbsp;cz\u0142onkowskich.<\/p>\n\n\n\n<p>Wszystko wskazuje na&nbsp;to, \u017ce&nbsp;unijne przepisy wskazuj\u0105ce, \u017ce&nbsp;mog\u0105 si\u0119 pojawi\u0107 dodatkowe \u017ar\u00f3d\u0142a dochod\u00f3w bud\u017cetowych, nie b\u0119d\u0105 sprzeczne z&nbsp;unijnymi Traktatami, ale nie b\u0119dzie to&nbsp;mia\u0142o nic wsp\u00f3lnego ze&nbsp;sprawiedliwym obci\u0105\u017ceniem wszystkich kraj\u00f3w&nbsp;cz\u0142onkowskich.<\/p>\n\n\n\n<h3 class=\"wp-block-heading\">Sytuacja si\u0119 mocno&nbsp;zmieni\u0142a<\/h3>\n\n\n\n<p>Zabieraj\u0105c g\u0142os w&nbsp;tych debatach stwierdzi\u0142em, \u017ce&nbsp;koncepcja funduszu NextGenerationEU, pochodz\u0105cego z&nbsp;po\u017cyczek do&nbsp;wysoko\u015bci 800 mld euro, powsta\u0142a w&nbsp;2020 roku, przy obowi\u0105zuj\u0105cy na&nbsp;rynkach bardzo niskich stopach procentowych, a&nbsp;wiec niskich kosztach pozyskania pieni\u0105dza, ale w&nbsp;ci\u0105gu tych 2&nbsp;lat ta&nbsp;sytuacja si\u0119 mocno zmieni\u0142a, stopy procentowe ju\u017c wzros\u0142y i&nbsp;b\u0119d\u0105 dalej ros\u0142y, cho\u0107by ze&nbsp;wzgl\u0119du na&nbsp;wysoki poziom inflacji w&nbsp;strefie&nbsp;euro.<\/p>\n\n\n\n<figure class=\"wp-block-image size-large\"><img decoding=\"async\" width=\"1024\" height=\"778\" src=\"https:\/\/kuriercodziennychicago.com\/wp-content\/uploads\/2022\/11\/arton11026-1024x778.jpg\" alt=\"\" class=\"wp-image-2438\" srcset=\"https:\/\/kuriercodziennychicago.com\/wp-content\/uploads\/2022\/11\/arton11026-1024x778.jpg 1024w, https:\/\/kuriercodziennychicago.com\/wp-content\/uploads\/2022\/11\/arton11026-300x228.jpg 300w, https:\/\/kuriercodziennychicago.com\/wp-content\/uploads\/2022\/11\/arton11026-768x583.jpg 768w, https:\/\/kuriercodziennychicago.com\/wp-content\/uploads\/2022\/11\/arton11026-1536x1166.jpg 1536w, https:\/\/kuriercodziennychicago.com\/wp-content\/uploads\/2022\/11\/arton11026.jpg 1920w\" sizes=\"(max-width: 1024px) 100vw, 1024px\" \/><\/figure>\n\n\n\n<p>W&nbsp;tej sytuacji koszt pozyskania \u015brodk\u00f3w na&nbsp;ten Fundusz wyra\u017anie rosn\u0105, dobrze wi\u0119c \u017ce&nbsp;KE&nbsp;opracowa\u0142a w&nbsp;tej sprawie odpowiedni\u0105 strategi\u0119, korzysta z&nbsp;r\u00f3\u017cnych instrument\u00f3w po\u017cyczkowych, wieloletnich obligacji, zielonych obligacji, a&nbsp;tak\u017ce bon\u00f3w skarbowych i&nbsp;zapewnia, \u017ce&nbsp;nie b\u0119dzie pozyskiwa\u0142a \u015brodk\u00f3w w&nbsp;niekorzystnych warunkach&nbsp;rynkowych.<\/p>\n\n\n\n<h3 class=\"wp-block-heading\">Blokada politycznej \u015brodk\u00f3w&nbsp;z&nbsp;KPO<\/h3>\n\n\n\n<p>Stwierdzi\u0142em tak\u017ce, \u017ce&nbsp;m\u00f3j kraj Polska, do\u015bwiadcza ju\u017c od&nbsp;ponad roku, blokady politycznej KE&nbsp;\u015brodk\u00f3w z&nbsp;KPO, mimo tego, \u017ce&nbsp;zosta\u0142 on&nbsp;z\u0142o\u017cony ju\u017c w&nbsp;lipcu 2021 roku i&nbsp;spe\u0142nia\u0142 wszystkie warunki okre\u015blone unijnym rozporz\u0105dzeniem, chcia\u0142bym wi\u0119c przy tej okazji wyrazi\u0107 nadziej\u0119, \u017ce&nbsp;ta&nbsp;blokada zostanie w&nbsp;najbli\u017cszym czasie&nbsp;zdj\u0119ta.<\/p>\n\n\n\n<p>Tak\u017ce koncepcja finansowania tak zaci\u0105gni\u0119tego d\u0142ugu przez KE&nbsp;przy pomocy nowych zasob\u00f3w w\u0142asnych, budzi z&nbsp;naszego punktu widzenia przynajmniej 2&nbsp;powa\u017cne&nbsp;zastrze\u017cenia:<\/p>\n\n\n\n<p>\u2014 po&nbsp;pierwsze nowe podatki, mocniej obci\u0105\u017caj\u0105 kraje mniej zamo\u017cne, ni\u017c kraje bogate, co&nbsp;wyra\u017anie wida\u0107 po&nbsp;funkcjonuj\u0105cej ju\u017c blisko 2&nbsp;lata op\u0142acie od&nbsp;nieprzetworzonego plastiku (w&nbsp;przypadku Polski jest ono ponad 3-krtonie wy\u017csze, ni\u017c w&nbsp;przypadku sk\u0142adki zale\u017cnej&nbsp;od&nbsp;DNB),<\/p>\n\n\n\n<p>\u2014 po&nbsp;drugie, \u015brodowiskowe zasoby w\u0142asne, takie np. jak udzia\u0142 w&nbsp;dochodach z&nbsp;ETS, oznaczaj\u0105 pozbawianie takiego kraju jak Polska, du\u017cej cz\u0119\u015bci dochod\u00f3w z&nbsp;tego tytu\u0142u, a&nbsp;tym samym wyra\u017anie zmniejszaj\u0105 nam \u015brodki na&nbsp;realizacj\u0119 unijnej polityki&nbsp;energetyczno-klimatycznej.<\/p>\n\n\n\n<h3 class=\"wp-block-heading\">Twarde&nbsp;dowody<\/h3>\n\n\n\n<p>W&nbsp;tej prawie s\u0105&nbsp;ju\u017c twarde dowody, poniewa\u017c od&nbsp;2021 roku obowi\u0105zuj\u0105 wp\u0142aty poszczeg\u00f3lnych kraj\u00f3w cz\u0142onkowskich je\u017celi chodzi obci\u0105\u017cenia zwi\u0105zane z&nbsp;nieprzetworzonym&nbsp;plastikiem.<\/p>\n\n\n\n<p>Tak si\u0119 sk\u0142ada, \u017ce&nbsp;Polska wp\u0142aci\u0142a do&nbsp;bud\u017cetu UE&nbsp;z&nbsp;tego tytu\u0142u kwot\u0119 430 mln euro, co&nbsp;przy wszystkich wp\u0142ywach rz\u0119du 5,5&nbsp;mld euro z&nbsp;tego tytu\u0142u, stanowi oko\u0142o 8&nbsp;proc., czyli blisko 3&nbsp;razy wi\u0119cej ni\u017c sk\u0142adka naliczana od&nbsp;poziomu DNB (PNB Polski stanowi ok. 3&nbsp;proc.&nbsp;unijnego).<\/p>\n\n\n\n<p>Podobnie jest w&nbsp;przypadku wp\u0142yw\u00f3w z&nbsp;innych \u017ar\u00f3de\u0142, dochody z&nbsp;tytu\u0142u ETS, to&nbsp;blisko 7&nbsp;proc. wp\u0142yw\u00f3w, a&nbsp;wiec 2,5&nbsp;razy wi\u0119cej ni\u017c w&nbsp;przypadku sk\u0142adki zale\u017cnej od&nbsp;DNB, a&nbsp;w&nbsp;przypadku CBAM, b\u0119dzie to&nbsp;blisko 6&nbsp;proc, wp\u0142yw\u00f3w, a&nbsp;wiec 2&nbsp;razy wi\u0119cej ni\u017c w&nbsp;przypadku sk\u0142adki zale\u017cnej&nbsp;od&nbsp;DNB.<\/p>\n\n\n\n<p>Przyj\u0119cie tych rozwi\u0105za\u0144 przez UE, oznacza z&nbsp;jednej strony wi\u0119ksze obci\u0105\u017cenie na&nbsp;rzecz bud\u017cetu UE, kraj\u00f3w mniej zamo\u017cnych, z&nbsp;drugiej strony pozbawienie ich cz\u0119\u015bci wp\u0142yw\u00f3w, kt\u00f3re mog\u0142yby by\u0107 przeznaczone na&nbsp;finansowanie unijnej polityki&nbsp;energetyczno-klimatycznej.<\/p>\n","protected":false},"excerpt":{"rendered":"<p>Zbigniew Ku\u017amiuk W&nbsp;poniedzia\u0142ek i&nbsp;we&nbsp;wtorek w&nbsp;Parlamencie Europejskim odby\u0142y si\u0119 debaty dotycz\u0105ce zar\u00f3wno pozyskania \u015brodk\u00f3w na&nbsp;pokrycie wynosz\u0105cego ponad 800 mld<\/p>\n","protected":false},"author":1,"featured_media":2438,"comment_status":"closed","ping_status":"closed","sticky":false,"template":"","format":"standard","meta":{"footnotes":""},"categories":[2,9],"tags":[],"class_list":["post-2437","post","type-post","status-publish","format-standard","has-post-thumbnail","hentry","category-polityka","category-start"],"_links":{"self":[{"href":"https:\/\/kuriercodziennychicago.com\/index.php\/wp-json\/wp\/v2\/posts\/2437","targetHints":{"allow":["GET"]}}],"collection":[{"href":"https:\/\/kuriercodziennychicago.com\/index.php\/wp-json\/wp\/v2\/posts"}],"about":[{"href":"https:\/\/kuriercodziennychicago.com\/index.php\/wp-json\/wp\/v2\/types\/post"}],"author":[{"embeddable":true,"href":"https:\/\/kuriercodziennychicago.com\/index.php\/wp-json\/wp\/v2\/users\/1"}],"replies":[{"embeddable":true,"href":"https:\/\/kuriercodziennychicago.com\/index.php\/wp-json\/wp\/v2\/comments?post=2437"}],"version-history":[{"count":1,"href":"https:\/\/kuriercodziennychicago.com\/index.php\/wp-json\/wp\/v2\/posts\/2437\/revisions"}],"predecessor-version":[{"id":2439,"href":"https:\/\/kuriercodziennychicago.com\/index.php\/wp-json\/wp\/v2\/posts\/2437\/revisions\/2439"}],"wp:featuredmedia":[{"embeddable":true,"href":"https:\/\/kuriercodziennychicago.com\/index.php\/wp-json\/wp\/v2\/media\/2438"}],"wp:attachment":[{"href":"https:\/\/kuriercodziennychicago.com\/index.php\/wp-json\/wp\/v2\/media?parent=2437"}],"wp:term":[{"taxonomy":"category","embeddable":true,"href":"https:\/\/kuriercodziennychicago.com\/index.php\/wp-json\/wp\/v2\/categories?post=2437"},{"taxonomy":"post_tag","embeddable":true,"href":"https:\/\/kuriercodziennychicago.com\/index.php\/wp-json\/wp\/v2\/tags?post=2437"}],"curies":[{"name":"wp","href":"https:\/\/api.w.org\/{rel}","templated":true}]}}