{"id":2469,"date":"2022-11-28T20:19:48","date_gmt":"2022-11-29T02:19:48","guid":{"rendered":"https:\/\/kuriercodziennychicago.com\/?p=2469"},"modified":"2022-11-28T20:20:20","modified_gmt":"2022-11-29T02:20:20","slug":"jak-rozpoznac-przychodzacego-chrystusa-refleksja-papieza-na-poczatek-adwentu","status":"publish","type":"post","link":"https:\/\/kuriercodziennychicago.com\/index.php\/2022\/11\/28\/jak-rozpoznac-przychodzacego-chrystusa-refleksja-papieza-na-poczatek-adwentu\/","title":{"rendered":"Jak rozpozna\u0107 przychodz\u0105cego Chrystusa? Refleksja papie\u017ca na pocz\u0105tek Adwentu"},"content":{"rendered":"\n<p><strong>B\u00f3g ukrywa si\u0119 w najbardziej pospolitych i zwyczajnych sytuacjach naszego \u017cycia. Nie przychodzi w wydarzeniach nadzwyczajnych, ale w sprawach dnia powszedniego. Papie\u017c Franciszek m\u00f3wi\u0142 o tym na pocz\u0105tku Adwentu podkre\u015blaj\u0105c, \u017ce musimy nauczy\u0107 si\u0119 rozpoznawa\u0107 obecno\u015b\u0107 Boga w naszym \u017cyciu.<\/strong><\/p>\n\n\n\n<p>W rozwa\u017caniu na Anio\u0142 Pa\u0144ski Ojciec \u015awi\u0119ty pr\u00f3bowa\u0142 odpowiedzie\u0107 na pytania: w jaki spos\u00f3b Pan przychodzi i jak Go rozpozna\u0107 i przyj\u0105\u0107.&nbsp;<\/p>\n\n\n\n<p><em>Pan przychodzi w naszej codzienno\u015bci<\/em><\/p>\n\n\n\n<p>\u201eWiele razy s\u0142yszeli\u015bmy, \u017ce Pan jest obecny na naszej drodze, \u017ce nam towarzyszy i do nas m\u00f3wi. By\u0107 mo\u017ce jednak, b\u0119d\u0105c rozproszonymi przez tak wiele rzeczy, jak to ma miejsce, ta prawda pozostaje dla nas jedynie teoretyczna. Albo wyobra\u017camy sobie, \u017ce Pan przychodzi w spos\u00f3b niezwyk\u0142y, by\u0107 mo\u017ce poprzez jaki\u015b cudowny znak \u2013 m\u00f3wi\u0142 Franciszek. &#8211; Natomiast Jezus m\u00f3wi, \u017ce stanie si\u0119 to \u201ejak za dni Noego\u201d. A co czynili za dni Noego? Najzwyczajniej normalne, codzienne sprawy \u017cycia: \u201ejedli i pili, \u017cenili si\u0119 i za m\u0105\u017c wydawali\u201d. Miejmy to na uwadze: B\u00f3g ukrywa si\u0119 w najbardziej pospolitych i zwyczajnych sytuacjach naszego \u017cycia. Nie przychodzi w wydarzeniach nadzwyczajnych, ale w sprawach dnia powszedniego. I tam, w naszej codziennej pracy, w przypadkowym spotkaniu, w obliczu osoby potrzebuj\u0105cej, tak\u017ce wtedy, gdy stajemy wobec dni, kt\u00f3re zdaj\u0105 si\u0119 szare i monotonne, w\u0142a\u015bnie tam jest Pan, kt\u00f3ry nas wzywa, m\u00f3wi do nas i inspiruje nasze dzia\u0142ania.\u201c<\/p>\n\n\n\n<figure class=\"wp-block-image size-large\"><img decoding=\"async\" width=\"1024\" height=\"683\" src=\"https:\/\/kuriercodziennychicago.com\/wp-content\/uploads\/2022\/11\/210818-pope-vaccines-mc-1159-1024x683.jpg\" alt=\"\" class=\"wp-image-2470\" srcset=\"https:\/\/kuriercodziennychicago.com\/wp-content\/uploads\/2022\/11\/210818-pope-vaccines-mc-1159-1024x683.jpg 1024w, https:\/\/kuriercodziennychicago.com\/wp-content\/uploads\/2022\/11\/210818-pope-vaccines-mc-1159-300x200.jpg 300w, https:\/\/kuriercodziennychicago.com\/wp-content\/uploads\/2022\/11\/210818-pope-vaccines-mc-1159-768x512.jpg 768w, https:\/\/kuriercodziennychicago.com\/wp-content\/uploads\/2022\/11\/210818-pope-vaccines-mc-1159-1536x1024.jpg 1536w, https:\/\/kuriercodziennychicago.com\/wp-content\/uploads\/2022\/11\/210818-pope-vaccines-mc-1159-2048x1366.jpg 2048w\" sizes=\"(max-width: 1024px) 100vw, 1024px\" \/><\/figure>\n\n\n\n<p>Papie\u017c podkre\u015bli\u0142, \u017ce musimy by\u0107 czujni, by rozpozna\u0107 przychodz\u0105cego Boga. Przypomnia\u0142 s\u0142owa \u015bw. Augustyna: \u201eBoj\u0119 si\u0119 Boga przechodz\u0105cego obok\u201d, czyli boj\u0119 si\u0119, \u017ce przejdzie obok, a ja Go nie rozpoznam.<\/p>\n\n\n\n<p><em>Z czujno\u015bci\u0105 dostrzegajmy Boga w naszym \u017cyciu<\/em><\/p>\n\n\n\n<p>\u201eIstotnie o tych ludziach z czas\u00f3w Noego Jezus m\u00f3wi, \u017ce jedli i pili \u201enie spostrzegli si\u0119, a\u017c przyszed\u0142 potop i poch\u0142on\u0105\u0142 wszystkich\u201d. Zwr\u00f3\u0107my na to uwag\u0119: nic nie zauwa\u017cyli! Byli poch\u0142oni\u0119ci swoimi sprawami i nie zdawali sobie sprawy, \u017ce nadchodzi potop \u2013 m\u00f3wi\u0142 Ojciec \u015awi\u0119ty. &#8211; Istotnie Jezus m\u00f3wi, \u017ce kiedy przyjdzie, \u201edw\u00f3ch b\u0119dzie w polu: jeden b\u0119dzie wzi\u0119ty, drugi zostawiony\u201d. W jakim sensie? Jaka jest r\u00f3\u017cnica? Po prostu jeden by\u0142 czujny, potrafi\u0142 dostrzec Bo\u017c\u0105 obecno\u015b\u0107 w codziennym \u017cyciu, drugi natomiast by\u0142 rozproszony, \u201ewegetowa\u0142\u201d, i niczego nie zauwa\u017ca\u0142.\u201c<\/p>\n\n\n\n<p>Franciszek zach\u0119ci\u0142&nbsp;do zastanowienia si\u0119 w czasie Adwentu: czy jestem \u015bwiadomy tego, czym \u017cyj\u0119 i czy staram si\u0119 rozpoznawa\u0107 Bo\u017c\u0105 obecno\u015b\u0107 w codziennych sytuacjach. Papie\u017c podkre\u015bli\u0142, \u017ce je\u015bli nie jeste\u015bmy \u015bwiadomi Jego przyj\u015bcia dzisiaj, b\u0119dziemy r\u00f3wnie\u017c nieprzygotowani, gdy przyjdzie na ko\u0144cu czas\u00f3w. Dlatego musimy by\u0107 czujni. &nbsp;<\/p>\n\n\n\n<p><em>Beata Zaj\u0105czkowska &#8211; Watykan\/vaticannews.va<\/em><\/p>\n","protected":false},"excerpt":{"rendered":"<p>B\u00f3g ukrywa si\u0119 w najbardziej pospolitych i zwyczajnych sytuacjach naszego \u017cycia. Nie przychodzi w wydarzeniach nadzwyczajnych, ale w<\/p>\n","protected":false},"author":1,"featured_media":2470,"comment_status":"closed","ping_status":"closed","sticky":false,"template":"","format":"standard","meta":{"footnotes":""},"categories":[3,9],"tags":[],"class_list":["post-2469","post","type-post","status-publish","format-standard","has-post-thumbnail","hentry","category-religia","category-start"],"_links":{"self":[{"href":"https:\/\/kuriercodziennychicago.com\/index.php\/wp-json\/wp\/v2\/posts\/2469","targetHints":{"allow":["GET"]}}],"collection":[{"href":"https:\/\/kuriercodziennychicago.com\/index.php\/wp-json\/wp\/v2\/posts"}],"about":[{"href":"https:\/\/kuriercodziennychicago.com\/index.php\/wp-json\/wp\/v2\/types\/post"}],"author":[{"embeddable":true,"href":"https:\/\/kuriercodziennychicago.com\/index.php\/wp-json\/wp\/v2\/users\/1"}],"replies":[{"embeddable":true,"href":"https:\/\/kuriercodziennychicago.com\/index.php\/wp-json\/wp\/v2\/comments?post=2469"}],"version-history":[{"count":2,"href":"https:\/\/kuriercodziennychicago.com\/index.php\/wp-json\/wp\/v2\/posts\/2469\/revisions"}],"predecessor-version":[{"id":2473,"href":"https:\/\/kuriercodziennychicago.com\/index.php\/wp-json\/wp\/v2\/posts\/2469\/revisions\/2473"}],"wp:featuredmedia":[{"embeddable":true,"href":"https:\/\/kuriercodziennychicago.com\/index.php\/wp-json\/wp\/v2\/media\/2470"}],"wp:attachment":[{"href":"https:\/\/kuriercodziennychicago.com\/index.php\/wp-json\/wp\/v2\/media?parent=2469"}],"wp:term":[{"taxonomy":"category","embeddable":true,"href":"https:\/\/kuriercodziennychicago.com\/index.php\/wp-json\/wp\/v2\/categories?post=2469"},{"taxonomy":"post_tag","embeddable":true,"href":"https:\/\/kuriercodziennychicago.com\/index.php\/wp-json\/wp\/v2\/tags?post=2469"}],"curies":[{"name":"wp","href":"https:\/\/api.w.org\/{rel}","templated":true}]}}