{"id":2585,"date":"2022-12-07T20:08:01","date_gmt":"2022-12-08T02:08:01","guid":{"rendered":"https:\/\/kuriercodziennychicago.com\/?p=2585"},"modified":"2022-12-07T20:08:02","modified_gmt":"2022-12-08T02:08:02","slug":"w-gibraltarze","status":"publish","type":"post","link":"https:\/\/kuriercodziennychicago.com\/index.php\/2022\/12\/07\/w-gibraltarze\/","title":{"rendered":"W Gibraltarze"},"content":{"rendered":"<div class=\"wp-block-image is-style-rounded\">\n<figure class=\"alignleft size-full is-resized\"><img decoding=\"async\" src=\"https:\/\/kuriercodziennychicago.com\/wp-content\/uploads\/2022\/05\/pluzanski-edited.jpg\" alt=\"\" class=\"wp-image-93\" width=\"53\" height=\"70\"\/><\/figure>\n<\/div>\n\n\n<h2 class=\"wp-block-heading\">Tadeusz P\u0142u\u017ca\u0144ski<\/h2>\n\n\n\n<p>30 listopada 1942 roku liberator z gen. W\u0142adys\u0142awem Sikorskim na pok\u0142adzie, lec\u0105cy z Montrealu do Waszyngtonu, musia\u0142 awaryjnie l\u0105dowa\u0107 z powodu zatrzymania pracy wszystkich silnik\u00f3w. To jedna z pr\u00f3b zg\u0142adzenia polskiego premiera i Naczelnego Wodza.<\/p>\n\n\n\n<p>Sikorski dostawa\u0142 r\u00f3wnie\u017c ostrze\u017cenia o planowanym zamachu w Gibraltarze, co ostatecznie dokona\u0142o si\u0119 4 lipca 1943 roku, kiedy genera\u0142 wraca\u0142 do Londynu z sze\u015bciotygodniowej inspekcji wojsk na Bliskim Wschodzie. Sprawcami mogli by\u0107 Sowieci, Niemcy, Brytyjczycy. Najwi\u0119cej trop\u00f3w wskazuje na tych ostatnich, kt\u00f3rzy w przeprowadzeniu zamachu mogli pos\u0142u\u017cy\u0107 si\u0119 r\u00f3wnie\u017c polskimi r\u0119kami. Rz\u0105d brytyjski do dzi\u015b nie chce ujawnia\u0107 dokument\u00f3w tragedii. Brytyjczycy \u2013 zgodnie ze swoim prawem \u2013 mog\u0105 utajnia\u0107 archiwalia nawet na czas nieokre\u015blony ze wzgl\u0119du na ochron\u0119 tajemnicy pa\u0144stwowej. Zapowiadali jednak, \u017ce dla dokument\u00f3w o tragedii gibraltarskiej zrobi\u0105 wyj\u0105tek i ujawni\u0105 je w 1993 roku. Z sobie tylko znanych powod\u00f3w rz\u0105d JKM przed\u0142u\u017cy\u0142 jednak klauzul\u0119 tajno\u015bci na nast\u0119pne 50 lat, do 2043 roku.<\/p>\n\n\n<div class=\"wp-block-image\">\n<figure class=\"aligncenter size-full\"><img decoding=\"async\" width=\"663\" height=\"364\" src=\"https:\/\/kuriercodziennychicago.com\/wp-content\/uploads\/2022\/12\/43b51b2f-d6c9-4c07-83c4-a296b7ea4317.jpg\" alt=\"\" class=\"wp-image-2586\" srcset=\"https:\/\/kuriercodziennychicago.com\/wp-content\/uploads\/2022\/12\/43b51b2f-d6c9-4c07-83c4-a296b7ea4317.jpg 663w, https:\/\/kuriercodziennychicago.com\/wp-content\/uploads\/2022\/12\/43b51b2f-d6c9-4c07-83c4-a296b7ea4317-300x165.jpg 300w\" sizes=\"(max-width: 663px) 100vw, 663px\" \/><\/figure>\n<\/div>\n\n\n<p> Nawet je\u015bli Brytyjczycy s\u0105 niewinni, dlaczego ukrywaj\u0105 prawd\u0119? Kompromituj\u0105cy by\u0142by dla nich sam fakt, \u017ce zab\u00f3jstwa dokonano na nale\u017c\u0105cym do nich terytorium, do tego \u015bci\u015ble strze\u017conym. Czy mog\u0142o do niego doj\u015b\u0107 cho\u0107by bez ich wiedzy? Wed\u0142ug oficjalnej wersji nikt poza czeskim pilotem Edwardem Prchalem nie prze\u017cy\u0142. Nie znaleziono pi\u0119ciu cia\u0142, w tym c\u00f3rki genera\u0142a, Zofii Le\u015bniowskiej. Kto\u015b widzia\u0142 j\u0105 w 1945 roku w sowieckim \u0142agrze. Jeden z angielskich sier\u017cant\u00f3w, kt\u00f3ry ogl\u0105da\u0142 wypadek przez lornetk\u0119, zobaczy\u0142 cz\u0142owieka id\u0105cego po skrzydle samolotu, kt\u00f3ry nast\u0119pnie zsun\u0105\u0142 si\u0119 do wody. M\u00f3g\u0142 to by\u0107 drugi pilot William \u201eKipper\u201d S. Herring, Kanadyjczyk z pochodzenia. W tym czasie w Gibraltarze przebywa\u0142 sowiecki dyplomata Iwan Majski, a przede wszystkim Kim Philby, szef brytyjskiego wywiadu na P\u00f3\u0142wysep Iberyjski, jednocze\u015bnie agent Moskwy. Ale je\u015bli bra\u0142 udzia\u0142 w zamachu, to na czyj rozkaz? A mo\u017ce to by\u0142a wsp\u00f3lna akcja wywiad\u00f3w? 4 lipca 1963 roku \u2013 w 20. rocznic\u0119 tragedii w Gibraltarze \u2013 Philby\u2019emu nadano uroczy\u015bcie obywatelstwo sowieckie.<\/p>\n","protected":false},"excerpt":{"rendered":"<p>Tadeusz P\u0142u\u017ca\u0144ski 30 listopada 1942 roku liberator z gen. W\u0142adys\u0142awem Sikorskim na pok\u0142adzie, lec\u0105cy z Montrealu do Waszyngtonu,<\/p>\n","protected":false},"author":1,"featured_media":2586,"comment_status":"closed","ping_status":"closed","sticky":false,"template":"","format":"standard","meta":{"footnotes":""},"categories":[4,9],"tags":[],"class_list":["post-2585","post","type-post","status-publish","format-standard","has-post-thumbnail","hentry","category-publicystyka","category-start"],"_links":{"self":[{"href":"https:\/\/kuriercodziennychicago.com\/index.php\/wp-json\/wp\/v2\/posts\/2585","targetHints":{"allow":["GET"]}}],"collection":[{"href":"https:\/\/kuriercodziennychicago.com\/index.php\/wp-json\/wp\/v2\/posts"}],"about":[{"href":"https:\/\/kuriercodziennychicago.com\/index.php\/wp-json\/wp\/v2\/types\/post"}],"author":[{"embeddable":true,"href":"https:\/\/kuriercodziennychicago.com\/index.php\/wp-json\/wp\/v2\/users\/1"}],"replies":[{"embeddable":true,"href":"https:\/\/kuriercodziennychicago.com\/index.php\/wp-json\/wp\/v2\/comments?post=2585"}],"version-history":[{"count":1,"href":"https:\/\/kuriercodziennychicago.com\/index.php\/wp-json\/wp\/v2\/posts\/2585\/revisions"}],"predecessor-version":[{"id":2587,"href":"https:\/\/kuriercodziennychicago.com\/index.php\/wp-json\/wp\/v2\/posts\/2585\/revisions\/2587"}],"wp:featuredmedia":[{"embeddable":true,"href":"https:\/\/kuriercodziennychicago.com\/index.php\/wp-json\/wp\/v2\/media\/2586"}],"wp:attachment":[{"href":"https:\/\/kuriercodziennychicago.com\/index.php\/wp-json\/wp\/v2\/media?parent=2585"}],"wp:term":[{"taxonomy":"category","embeddable":true,"href":"https:\/\/kuriercodziennychicago.com\/index.php\/wp-json\/wp\/v2\/categories?post=2585"},{"taxonomy":"post_tag","embeddable":true,"href":"https:\/\/kuriercodziennychicago.com\/index.php\/wp-json\/wp\/v2\/tags?post=2585"}],"curies":[{"name":"wp","href":"https:\/\/api.w.org\/{rel}","templated":true}]}}