{"id":2603,"date":"2022-12-12T21:18:04","date_gmt":"2022-12-13T03:18:04","guid":{"rendered":"https:\/\/kuriercodziennychicago.com\/?p=2603"},"modified":"2022-12-12T21:18:04","modified_gmt":"2022-12-13T03:18:04","slug":"prawdziwa-prezydent-ciagle-w-formie","status":"publish","type":"post","link":"https:\/\/kuriercodziennychicago.com\/index.php\/2022\/12\/12\/prawdziwa-prezydent-ciagle-w-formie\/","title":{"rendered":"&#8222;Prawdziwa prezydent&#8221; ci\u0105gle w formie"},"content":{"rendered":"<div class=\"wp-block-image is-style-rounded\">\n<figure class=\"alignleft size-full is-resized\"><img decoding=\"async\" src=\"https:\/\/kuriercodziennychicago.com\/wp-content\/uploads\/2022\/09\/Zbigniew_Kuzmiuk.jpg\" alt=\"\" class=\"wp-image-1480\" width=\"42\" height=\"56\"\/><\/figure>\n<\/div>\n\n\n<blockquote class=\"wp-block-quote is-layout-flow wp-block-quote-is-layout-flow\">\n<h3 class=\"wp-block-heading\"><a href=\"https:\/\/wpolityce.pl\/autorzy\/274-zbigniew-kuzmiuk\">Zbigniew Ku\u017amiuk<\/a><\/h3>\n<\/blockquote>\n\n\n\n<p><strong>W&nbsp;ostatni\u0105 \u015brod\u0119, obecna wicemarsza\u0142ek Sejmu Ma\u0142gorzata Kidawa- B\u0142o\u0144ska by\u0142a go\u015bciem audycji red. Bogdana Rymanowskiego w&nbsp;radiu Zet i&nbsp;po&nbsp;raz kolejny okaza\u0142o si\u0119, \u017ce&nbsp;\u201esatyryczne\u201d podej\u015bcie do&nbsp;nawet najpowa\u017cniejszych problem\u00f3w jest ci\u0105gle jej znakiem&nbsp;rozpoznawczym.<\/strong><\/p>\n\n\n\n<h2 class=\"wp-block-heading\">Ceny energii i&nbsp;ochrona&nbsp;klimatu<\/h2>\n\n\n\n<p>Najpierw zasugerowa\u0142a, \u201e\u017ce&nbsp;firmy i&nbsp;sp\u00f3\u0142ki z&nbsp;sektora energetycznego powinny ograniczy\u0107 swoje zyski\u201d i&nbsp;doda\u0142a, \u201e\u017ce&nbsp;to&nbsp;nie jest czas, \u017ceby si\u0119 bogaci\u0107\u201d. Na&nbsp;uwag\u0119 prowadz\u0105cego, \u017ce&nbsp;jest kodeks handlowy, kt\u00f3ry penalizuje dzia\u0142ania zarz\u0105d\u00f3w na&nbsp;niekorzy\u015b\u0107 sp\u00f3\u0142ki, Kidawa -B\u0142o\u0144ska stwierdzi\u0142a \u201e to&nbsp;w&nbsp;wi\u0119kszo\u015bci sp\u00f3\u0142ki Skarbu Pa\u0144stwa i&nbsp;one powinny jako nasze sp\u00f3\u0142ki, nas obywateli- oczywi\u015bcie pomna\u017ca\u0107 sw\u00f3j dorobek, ale nie kosztem&nbsp;obywateli\u201d.<\/p>\n\n\n\n<p>Tak si\u0119 sk\u0142ada, \u017ce&nbsp;taki \u201eeksperyment\u201d o&nbsp;jakim m\u00f3wi Pani marsza\u0142ek przez kilkana\u015bcie ostatnich miesi\u0119cy, przeprowadza\u0142y bratnie W\u0119gry, ustalaj\u0105c regulowane ceny paliwa na&nbsp;stacjach benzynowych i&nbsp;teraz b\u0142yskawicznie si\u0119 z&nbsp;tego eksperymentu wycofa\u0142y, przy okazji powoduj\u0105c du\u017cy skokowy wzrost ich cen&nbsp;paliw.<\/p>\n\n\n\n<figure class=\"wp-block-image size-large\"><img decoding=\"async\" width=\"1024\" height=\"572\" src=\"https:\/\/kuriercodziennychicago.com\/wp-content\/uploads\/2022\/12\/csnk9kpTURBXy9kZjZjN2VjYjQ0NTFlODNhY2EyMmMxNmY0N2RhOTMxOS5qcGeSlQMAPs0H0M0EZZMFzQSwzQKe3gABoTAB-1024x572.jpg\" alt=\"\" class=\"wp-image-2604\" srcset=\"https:\/\/kuriercodziennychicago.com\/wp-content\/uploads\/2022\/12\/csnk9kpTURBXy9kZjZjN2VjYjQ0NTFlODNhY2EyMmMxNmY0N2RhOTMxOS5qcGeSlQMAPs0H0M0EZZMFzQSwzQKe3gABoTAB-1024x572.jpg 1024w, https:\/\/kuriercodziennychicago.com\/wp-content\/uploads\/2022\/12\/csnk9kpTURBXy9kZjZjN2VjYjQ0NTFlODNhY2EyMmMxNmY0N2RhOTMxOS5qcGeSlQMAPs0H0M0EZZMFzQSwzQKe3gABoTAB-300x168.jpg 300w, https:\/\/kuriercodziennychicago.com\/wp-content\/uploads\/2022\/12\/csnk9kpTURBXy9kZjZjN2VjYjQ0NTFlODNhY2EyMmMxNmY0N2RhOTMxOS5qcGeSlQMAPs0H0M0EZZMFzQSwzQKe3gABoTAB-768x429.jpg 768w, https:\/\/kuriercodziennychicago.com\/wp-content\/uploads\/2022\/12\/csnk9kpTURBXy9kZjZjN2VjYjQ0NTFlODNhY2EyMmMxNmY0N2RhOTMxOS5qcGeSlQMAPs0H0M0EZZMFzQSwzQKe3gABoTAB.jpg 1200w\" sizes=\"(max-width: 1024px) 100vw, 1024px\" \/><\/figure>\n\n\n\n<p>Z&nbsp;jeszcze wi\u0119ksz\u0105 swad\u0105, Kidawa-B\u0142o\u0144ska opowiada\u0142a w&nbsp;tej rozmowie o&nbsp;konieczno\u015bci realizacji unijnej polityki klimatycznej, mimo tego, \u017ce&nbsp;za&nbsp;nasz\u0105 wschodnia granic\u0105 trwa wojna , co&nbsp;spowodowa\u0142o gwa\u0142towny wzrost cen no\u015bnik\u00f3w energii i&nbsp;powoduje gwa\u0142towny wzrost koszt\u00f3w utrzymanie ogromnej ilo\u015bci gospodarstw domowych i&nbsp;koszt\u00f3w wytwarzania&nbsp;w&nbsp;przedsi\u0119biorstwach.<\/p>\n\n\n\n<p>Wicemarsza\u0142ek Sejmu, pr\u00f3buj\u0105c uzasadni\u0107 konieczno\u015b\u0107 jej realizacji, najpierw stwierdzi\u0142a, \u201e\u017ce&nbsp;je\u017celi kto\u015b ma&nbsp;teraz 18&nbsp;lat i&nbsp;wie, \u017ce&nbsp;za&nbsp;20&nbsp;lat, nie b\u0119dzie m\u00f3g\u0142 oddycha\u0107, rzeki i&nbsp;jeziora wyschn\u0105, to&nbsp;dla tych ludzi to&nbsp;realny&nbsp;problem\u201d.<\/p>\n\n\n\n<p>A&nbsp;p\u00f3\u017aniej zaproponowa\u0142a nawet rozwi\u0105zanie m\u00f3wi\u0105c \u201e kiedy\u015b nie zak\u0142adali\u015bmy, \u017ce&nbsp;w&nbsp;og\u00f3le b\u0119dziemy je\u017adzili samochodami, \u015bwiat si\u0119 zmienia\u0142, stopniowo b\u0119dziemy musieli przyzwyczai\u0107 si\u0119 do&nbsp;czego\u015b innego\u201d, by&nbsp;po&nbsp;dodatkowym pytaniu red. Rymanowskiego \u201eprzesiadamy si\u0119 na&nbsp;rowery?\u201d stwierdzi\u0107 z&nbsp;ca\u0142\u0105 otwarto\u015bci\u0105 \u201e by\u0142oby to&nbsp;bardzo zdrowe, nie b\u0119dzie wzrostu temperatury, anomalii&nbsp;pogodowych\u201d.<\/p>\n\n\n\n<p>Wida\u0107, \u017ce&nbsp;Pani marsza\u0142ek o&nbsp;polityce klimatycznej wie wszystko , co&nbsp;wi\u0119cej ma&nbsp;jasn\u0105 koncepcj\u0119 uratowania planety, tylko wszyscy musimy si\u0119 przesi\u0105\u015b\u0107 na&nbsp;rowery, wtedy \u201enie b\u0119dzie wzrostu temperatury , ani anomalii&nbsp;pogodowych\u201d.<\/p>\n\n\n\n<p>Wicemarsza\u0142ek Ma\u0142gorzata Kidawa-B\u0142o\u0144ska ju\u017c wcze\u015bniej zas\u0142yn\u0119\u0142a z&nbsp;&#8211; nazwijmy to&nbsp;jak najogl\u0119dniej &#8211; niekonwencjonalnych wypowiedzi, na&nbsp;kt\u00f3re zacz\u0119to zwraca\u0107 uwag\u0119, kiedy zosta\u0142a wybrana&nbsp;na&nbsp;t\u0119&nbsp;funkcj\u0119.<\/p>\n\n\n\n<p>W&nbsp;marcu 2019 roku zaskoczy\u0142a opini\u0119 publiczn\u0105 wypowiedzi\u0105 na&nbsp;temat przekopu Mierzei Wi\u015blanej, wed\u0142ug pani marsza\u0142ek wa\u017cna inwestycja rz\u0105du Zjednoczonej Prawicy jest niepotrzebna, bo&nbsp;tak zdecydowa\u0142a&nbsp;natura.<\/p>\n\n\n\n<p>\u201eSkoro natura nie zrobi\u0142a tego przekopu, to&nbsp;wydaje mi&nbsp;si\u0119, \u017ce&nbsp;to&nbsp;nie ma&nbsp;sensu. Gdyby natura chcia\u0142a, \u017ceby by\u0142 tam przekop, to&nbsp;by&nbsp;by\u0142 \u201e- stwierdzi\u0142a Ma\u0142gorzata Kidawa-B\u0142o\u0144ska, w&nbsp;kr\u00f3tkiej rozmowie z&nbsp;dziennikarzem programu \u015bledczego Anity&nbsp;Gargas.<\/p>\n\n\n\n<h2 class=\"wp-block-heading\">\u201eProgram\u201d&nbsp;prezydencki<\/h2>\n\n\n\n<p>Tu\u017c po&nbsp;jej nominacji przez Platform\u0119 Ma\u0142gorzaty Kidawy-B\u0142o\u0144skiej na&nbsp;kandydatk\u0119 na&nbsp;prezydenta wiosn\u0105 2020 roku i&nbsp;og\u0142oszeniu has\u0142a wyborczego \u201ePrawdziwa prezydent. Pewna przysz\u0142o\u015b\u0107\u201d, w&nbsp;swojej gazetce wyborczej umie\u015bci\u0142a tekst, kt\u00f3rego my\u015bl\u0105 przewodni\u0105 by\u0142o stwierdzenie, \u017ce&nbsp;to&nbsp;Prawo i&nbsp;Sprawiedliwo\u015b\u0107 jest g\u0142\u00f3wnym zagro\u017ceniem dla kontynuacji programu \u201eRodzina 500&nbsp;plus\u201d.<\/p>\n\n\n\n<p>W&nbsp;uzasadnieniu tej swoistej \u201ez\u0142otej my\u015bli\u201d znalaz\u0142o si\u0119 miedzy innymi stwierdzenie \u201er\u00f3wnie straszne jest to, \u017ce&nbsp;PiS nara\u017ca program 500 plus, nie dbaj\u0105c o&nbsp;publiczne pieni\u0105dze i&nbsp;nie umiej\u0105c zarobi\u0107 ich dla Polak\u00f3w\u2026\u201d i&nbsp;dalej \u201eNie wolno dopu\u015bci\u0107 do&nbsp;tego, \u017ceby przez bezmy\u015blno\u015b\u0107 PiS, Polacy stracili&nbsp;te&nbsp;\u015bwiadczenia\u201d.<\/p>\n\n\n\n<p>Wprawdzie w&nbsp;kampanii wyborczej, cz\u0119sto przeprowadza si\u0119 ataki na&nbsp;konkurent\u00f3w politycznych, nawet z&nbsp;u\u017cyciem nie do&nbsp;ko\u0144ca prawdziwych argument\u00f3w ale atak sugeruj\u0105cy, \u017ce&nbsp;to&nbsp;PiS jest g\u0142\u00f3wnym zagro\u017ceniem dla programu \u201eRodzina 500 plus\u201d, by\u0142 jednak w\u00f3wczas z&nbsp;jednej strony nie tylko karko\u0142omny, a&nbsp;z&nbsp;drugiej, wyj\u0105tkowo&nbsp;bezczelny.<\/p>\n\n\n\n<p>Tak\u017ce w&nbsp;prezydenckiej kampanii wyborczej w&nbsp;kwietniu 2020 roku, podczas wyst\u0105pienia z&nbsp;trybuny sejmowej, Kidawa -B\u0142o\u0144ska zas\u0142yn\u0119\u0142a stwierdzeniem \u201ew&nbsp;banku s\u0105&nbsp;wielkie pok\u0142ady pieni\u0119dzy, a&nbsp;rz\u0105d m\u00f3wi, \u017ce&nbsp;nie&nbsp;ma&nbsp;pieni\u0119dzy\u201d.<\/p>\n\n\n\n<p>A&nbsp;przecie\u017c tak do\u015bwiadczona osoba, powinna wiedzie\u0107, \u017ce&nbsp;w&nbsp;Konstytucji RP&nbsp;w&nbsp;art. 220 ust.2&nbsp;jest zapisane wprost, \u017ce&nbsp;\u201eustawa bud\u017cetowa nie mo\u017ce przewidywa\u0107 pokrywania deficytu bud\u017cetowego przez zaci\u0105ganie zobowi\u0105zania w&nbsp;centralnym banku&nbsp;pa\u0144stwa\u201d.<\/p>\n\n\n\n<p>A&nbsp;wi\u0119c m\u00f3wi\u0105c wprost, wydatki pa\u0144stwa nie mog\u0105 by\u0107 finansowane przez NBP, a&nbsp;gdyby tak si\u0119 sta\u0142o, to&nbsp;oznacza\u0142oby wprost z\u0142amanie Konstytucji RP, ze&nbsp;wszystkimi tego prawnymi i&nbsp;ekonomicznymi negatywnymi&nbsp;skutkami.<\/p>\n\n\n\n<p>Tak w&nbsp;NBP s\u0105, jak m\u00f3wi kandydatka na&nbsp;prezydenta Kidawa-B\u0142o\u0144ska, \u201ewielkie pok\u0142ady pieni\u0105dza\u201d ale rz\u0105d musi si\u0119 trzyma\u0107 od&nbsp;nich z&nbsp;daleka, bo&nbsp;polityka pieni\u0119\u017cna w&nbsp;ka\u017cdym cywilizowanym kraju jest wy\u0142\u0105czno\u015bci\u0105 banku&nbsp;centralnego.<\/p>\n\n\n\n<p>Te&nbsp;i&nbsp;inne wypowiedzi Kidawy-B\u0142o\u0144skiej&nbsp;doprowadzi\u0142y do&nbsp;kl\u0119ski jej kampanii wyborczej, bo&nbsp;przecie\u017c po&nbsp;og\u0142oszeniu kandydatury, mia\u0142a ona nawet 28% poparcia w&nbsp;r\u00f3\u017cnego rodzaju sonda\u017cach i&nbsp;pewne II&nbsp;miejsce, a&nbsp;wi\u0119c wej\u015bcie do&nbsp;II&nbsp;tury wybor\u00f3w prezydenckich, po&nbsp;kilku miesi\u0105cach prowadzenia kampanii, poparcie to&nbsp;spad\u0142o do&nbsp;9% i&nbsp;Platforma zdecydowa\u0142a o&nbsp;jej wycofaniu i&nbsp;rekomendowaniu kolejnego kandydata ,prezydenta Warszawy Rafa\u0142a&nbsp;Trzaskowskiego.<\/p>\n\n\n\n<p>Teraz tego rodzaju wypowiedziami, wicemarsza\u0142ek Kidawa-B\u0142o\u0144ska nie tylko przypomina o&nbsp;swoim istnieniu, ale tak\u017ce potwierdza, \u017ce&nbsp;\u201eniekonwencjonalne wypowiedzi\u201d, ci\u0105gle b\u0119d\u0105 jej znakiem&nbsp;rozpoznawczym.<\/p>\n","protected":false},"excerpt":{"rendered":"<p>Zbigniew Ku\u017amiuk W&nbsp;ostatni\u0105 \u015brod\u0119, obecna wicemarsza\u0142ek Sejmu Ma\u0142gorzata Kidawa- B\u0142o\u0144ska by\u0142a go\u015bciem audycji red. Bogdana Rymanowskiego w&nbsp;radiu Zet<\/p>\n","protected":false},"author":1,"featured_media":2604,"comment_status":"closed","ping_status":"closed","sticky":false,"template":"","format":"standard","meta":{"footnotes":""},"categories":[2,9],"tags":[],"class_list":["post-2603","post","type-post","status-publish","format-standard","has-post-thumbnail","hentry","category-polityka","category-start"],"_links":{"self":[{"href":"https:\/\/kuriercodziennychicago.com\/index.php\/wp-json\/wp\/v2\/posts\/2603","targetHints":{"allow":["GET"]}}],"collection":[{"href":"https:\/\/kuriercodziennychicago.com\/index.php\/wp-json\/wp\/v2\/posts"}],"about":[{"href":"https:\/\/kuriercodziennychicago.com\/index.php\/wp-json\/wp\/v2\/types\/post"}],"author":[{"embeddable":true,"href":"https:\/\/kuriercodziennychicago.com\/index.php\/wp-json\/wp\/v2\/users\/1"}],"replies":[{"embeddable":true,"href":"https:\/\/kuriercodziennychicago.com\/index.php\/wp-json\/wp\/v2\/comments?post=2603"}],"version-history":[{"count":1,"href":"https:\/\/kuriercodziennychicago.com\/index.php\/wp-json\/wp\/v2\/posts\/2603\/revisions"}],"predecessor-version":[{"id":2605,"href":"https:\/\/kuriercodziennychicago.com\/index.php\/wp-json\/wp\/v2\/posts\/2603\/revisions\/2605"}],"wp:featuredmedia":[{"embeddable":true,"href":"https:\/\/kuriercodziennychicago.com\/index.php\/wp-json\/wp\/v2\/media\/2604"}],"wp:attachment":[{"href":"https:\/\/kuriercodziennychicago.com\/index.php\/wp-json\/wp\/v2\/media?parent=2603"}],"wp:term":[{"taxonomy":"category","embeddable":true,"href":"https:\/\/kuriercodziennychicago.com\/index.php\/wp-json\/wp\/v2\/categories?post=2603"},{"taxonomy":"post_tag","embeddable":true,"href":"https:\/\/kuriercodziennychicago.com\/index.php\/wp-json\/wp\/v2\/tags?post=2603"}],"curies":[{"name":"wp","href":"https:\/\/api.w.org\/{rel}","templated":true}]}}