{"id":2653,"date":"2022-12-14T19:25:20","date_gmt":"2022-12-15T01:25:20","guid":{"rendered":"https:\/\/kuriercodziennychicago.com\/?p=2653"},"modified":"2022-12-14T19:25:21","modified_gmt":"2022-12-15T01:25:21","slug":"czekiszczak","status":"publish","type":"post","link":"https:\/\/kuriercodziennychicago.com\/index.php\/2022\/12\/14\/czekiszczak\/","title":{"rendered":"Czekiszczak"},"content":{"rendered":"<div class=\"wp-block-image is-style-rounded\">\n<figure class=\"alignleft size-full is-resized\"><img decoding=\"async\" src=\"https:\/\/kuriercodziennychicago.com\/wp-content\/uploads\/2022\/05\/pluzanski-edited.jpg\" alt=\"\" class=\"wp-image-93\" width=\"46\" height=\"61\"\/><\/figure>\n<\/div>\n\n\n<blockquote class=\"wp-block-quote is-layout-flow wp-block-quote-is-layout-flow\">\n<h2 class=\"wp-block-heading\">Tadeusz P\u0142u\u017ca\u0144ski<\/h2>\n<\/blockquote>\n\n\n\n<p>Stan wojenny to w du\u017cej mierze Czes\u0142aw Kiszczak. I pisz\u0119 go celowo bez stopnia wojskowego. Bo dawno powinien by\u0107 zdegradowany. Bo by\u0142 cz\u0142owiekiem Moskwy.<\/p>\n\n\n\n<p>Kiszczak by\u0142 postaci\u0105 numer dwa dyktatury lat 80. i praw\u0105 r\u0119k\u0105 Jaruzelskiego, kt\u00f3ry powierzy\u0142 mu wszystkie resorty si\u0142owe poza armi\u0105. Jak w ka\u017cdej mafii \u2013 nr 1 potrzebowa\u0142 kogo\u015b, kto b\u0119dzie bezwzgl\u0119dnym wykonawc\u0105 jego rozkaz\u00f3w bez zadawania zb\u0119dnych pyta\u0144. Kiszczak, pozbawiony aspiracji politycznych, nadawa\u0142 si\u0119 do tego idealnie. Szef MSW bra\u0142 na siebie (i swoich ludzi) ca\u0142\u0105 brudn\u0105 robot\u0119. Ilo\u015b\u0107 aresztowanych, skazanych, zastraszonych, torturowanych czy wreszcie zamordowanych \u015bwiadczy o tym, \u017ce Kiszczak radzi\u0142 z tym sobie znakomicie. St\u0105d Czekiszczak jak tw\u00f3rca Czeki Feliks Dzier\u017cy\u0144ski.<\/p>\n\n\n<div class=\"wp-block-image\">\n<figure class=\"alignleft size-full\"><img decoding=\"async\" width=\"274\" height=\"184\" src=\"https:\/\/kuriercodziennychicago.com\/wp-content\/uploads\/2022\/12\/index-3.jpg\" alt=\"\" class=\"wp-image-2654\"\/><\/figure>\n<\/div>\n\n\n<p>Karier\u0119 zaczyna\u0142 w\u2026 Austrii, gdzie podczas wojny Niemcy wywie\u017ali go na przymusowe roboty. Po wkroczeniu tam sowiet\u00f3w jako m\u0142ody komunista i syn przedwojennego komunisty wsp\u00f3\u0142organizowa\u0142 milicj\u0119. Po powrocie do Polski wst\u0105pi\u0142 do PPR. Pracowa\u0142 w kontrwywiadzie wojskowym, nawet w\u015br\u00f3d swoich zyskuj\u0105c opini\u0119 \u201egestapowca\u201d. Wys\u0142any do Londynu, rozpracowywa\u0142 \u015brodowisko polskich emigrant\u00f3w. Jego raporty przyczyni\u0142y si\u0119 do aresztowania i proces\u00f3w pod sfingowanymi zarzutami wielu przedwrze\u015bniowych oficer\u00f3w WP. W 1957 r. uko\u0144czy\u0142 szko\u0142\u0119 wojskow\u0105 w ZSRS i jak sam podkre\u015bla\u0142, by\u0142 jednym z niewielu, kt\u00f3rzy zdobyli wy\u017csze wykszta\u0142cenie, nie maj\u0105c matury. W PRL pi\u0105\u0142 si\u0119 po szczeblach kariery, a\u017c sta\u0142 si\u0119 zaufanym Jaruzelskiego. W latach 70. na wniosek Moskwy uznaj\u0105cej Kiszczaka za \u201esterowalnego\u201d wr\u00f3ci\u0142 do kontrwywiadu wojskowego. W 1978 r. zosta\u0142 zast\u0119pc\u0105 szefa sztabu Ludowego Wojska Polskiego.<\/p>\n\n\n\n<p>Pod koniec lat 80. wsp\u00f3\u0142tworzy\u0142 koncepcj\u0119 okr\u0105g\u0142ego sto\u0142u i \u201epokojowej transformacji\u201d, kt\u00f3ra zapewnia\u0142a komunistom mi\u0119kkie l\u0105dowanie po upadku systemu. Po nieudanej \u201emisji\u201d tworzenia rz\u0105du obj\u0105\u0142, na pro\u015bb\u0119 Tadeusza Mazowieckiego, tek\u0119 szefa MSW. Temu ostatniemu powiedzia\u0142, \u017ce pali akta bezpieki \u201edla dobra og\u00f3\u0142u\u201d.<\/p>\n\n\n\n<p>Po 1989 r. Kiszczak kilkukrotnie stawa\u0142 przed s\u0105dem, do wi\u0119zienia jednak nigdy nie trafi\u0142. Jego dorobek nie przeszkodzi\u0142 Adamowi Michnikowi okrzykn\u0105\u0107 go \u201ecz\u0142owiekiem honoru\u201d, a wielu by\u0142ym opozycjonistom stawa\u0107 w obronie Kiszczaka jako \u201earchitekta wolnej Polski\u201d.<\/p>\n\n\n\n<p>Gdy zmar\u0142 5 listopada 2015 r., obawiali\u015bmy si\u0119, \u017ce zostanie pochowany na Pow\u0105zkach Wojskowych. Kiszczak spocz\u0105\u0142 jednak na cmentarzu prawos\u0142awnym. Dlaczego tam? Wiele wskazuje na to, \u017ce sfa\u0142szowa\u0142 sw\u00f3j \u017cyciorys: nie by\u0142 rzymskokatolickim Polakiem, ale prawos\u0142awnym Ukrai\u0144cem. Po jego \u015bmierci wdowa \u2013 Maria Teresa \u2013 chcia\u0142a przekaza\u0107 pa\u0144stwu \u201eszaf\u0119 Kiszczaka\u201d, ale IPN nie by\u0142 zainteresowany. Gdy nag\u0142o\u015bnili\u015bmy skandal, prokuratorzy w \u015bwietle kamer odwiedzili will\u0119 przy ul. Oszczepnik\u00f3w w Warszawie i og\u0142osili, \u017ce j\u0105 przeszukali. Tymczasem wdowa wyda\u0142a \u015bledczym to, co chcia\u0142a. Wiele cennych dokument\u00f3w, przetrzymywanych nielegalnie przez Kiszczak\u00f3w, odnalaz\u0142o si\u0119 potem za Oceanem w Instytucie Hoovera. Na tym bezprawiu Kiszczakowie jeszcze si\u0119 wzbogacili.<\/p>\n","protected":false},"excerpt":{"rendered":"<p>Tadeusz P\u0142u\u017ca\u0144ski Stan wojenny to w du\u017cej mierze Czes\u0142aw Kiszczak. I pisz\u0119 go celowo bez stopnia wojskowego. Bo<\/p>\n","protected":false},"author":1,"featured_media":2654,"comment_status":"closed","ping_status":"closed","sticky":false,"template":"","format":"standard","meta":{"footnotes":""},"categories":[4,9],"tags":[],"class_list":["post-2653","post","type-post","status-publish","format-standard","has-post-thumbnail","hentry","category-publicystyka","category-start"],"_links":{"self":[{"href":"https:\/\/kuriercodziennychicago.com\/index.php\/wp-json\/wp\/v2\/posts\/2653","targetHints":{"allow":["GET"]}}],"collection":[{"href":"https:\/\/kuriercodziennychicago.com\/index.php\/wp-json\/wp\/v2\/posts"}],"about":[{"href":"https:\/\/kuriercodziennychicago.com\/index.php\/wp-json\/wp\/v2\/types\/post"}],"author":[{"embeddable":true,"href":"https:\/\/kuriercodziennychicago.com\/index.php\/wp-json\/wp\/v2\/users\/1"}],"replies":[{"embeddable":true,"href":"https:\/\/kuriercodziennychicago.com\/index.php\/wp-json\/wp\/v2\/comments?post=2653"}],"version-history":[{"count":1,"href":"https:\/\/kuriercodziennychicago.com\/index.php\/wp-json\/wp\/v2\/posts\/2653\/revisions"}],"predecessor-version":[{"id":2655,"href":"https:\/\/kuriercodziennychicago.com\/index.php\/wp-json\/wp\/v2\/posts\/2653\/revisions\/2655"}],"wp:featuredmedia":[{"embeddable":true,"href":"https:\/\/kuriercodziennychicago.com\/index.php\/wp-json\/wp\/v2\/media\/2654"}],"wp:attachment":[{"href":"https:\/\/kuriercodziennychicago.com\/index.php\/wp-json\/wp\/v2\/media?parent=2653"}],"wp:term":[{"taxonomy":"category","embeddable":true,"href":"https:\/\/kuriercodziennychicago.com\/index.php\/wp-json\/wp\/v2\/categories?post=2653"},{"taxonomy":"post_tag","embeddable":true,"href":"https:\/\/kuriercodziennychicago.com\/index.php\/wp-json\/wp\/v2\/tags?post=2653"}],"curies":[{"name":"wp","href":"https:\/\/api.w.org\/{rel}","templated":true}]}}