{"id":2778,"date":"2023-01-01T14:11:29","date_gmt":"2023-01-01T20:11:29","guid":{"rendered":"https:\/\/kuriercodziennychicago.com\/?p=2778"},"modified":"2023-01-01T14:11:29","modified_gmt":"2023-01-01T20:11:29","slug":"kadyrow-pies-wojny","status":"publish","type":"post","link":"https:\/\/kuriercodziennychicago.com\/index.php\/2023\/01\/01\/kadyrow-pies-wojny\/","title":{"rendered":"Kadyrow \u2013 pies wojny"},"content":{"rendered":"<div class=\"wp-block-image is-style-rounded\">\n<figure class=\"alignleft size-full is-resized\"><img decoding=\"async\" src=\"https:\/\/kuriercodziennychicago.com\/wp-content\/uploads\/2022\/05\/czarnecki-ryszard.jpg\" alt=\"\" class=\"wp-image-39\" width=\"79\" height=\"59\"\/><\/figure>\n<\/div>\n\n\n<blockquote class=\"wp-block-quote is-layout-flow wp-block-quote-is-layout-flow\">\n<h3 class=\"wp-block-heading\"><a href=\"https:\/\/naszeblogi.pl\/users\/ryszard-czarnecki\">Ryszard Czarnecki<\/a><\/h3>\n<\/blockquote>\n\n\n\n<p>W czasie I wojny czecze\u0144skiej (1994-1996) zgin\u0105\u0107 mia\u0142o 17,4 tysi\u0119cy bojownik\u00f3w i do 100 tysi\u0119cy ludno\u015bci cywilnej. W II wojnie czecze\u0144skiej w latach 1999-2009 zgin\u0119\u0142o ponad 20 tysi\u0119cy bojownik\u00f3w i 25 tysi\u0119cy cywil\u00f3w. Czeczenia sta\u0142a si\u0119 dla Moskwy w jakiej\u015b mierze \u201edrugim Afganistanem\u201d. Rosjanie szukali sposobu, aby spacyfikowa\u0107 dumnych Czeczen\u00f3w, utrzyma\u0107 integralno\u015b\u0107 terytorialn\u0105, nie wydawa\u0107 kolosalnych \u015brodk\u00f3w na wojn\u0119, t\u0142umienie dzia\u0142a\u0144 partyzanckich czy przeciwdzia\u0142anie zamachom. I znale\u017ali. Spos\u00f3b nazywa si\u0119 Ramzan Achmatowicz Kadyrow. Podczas I wojny czecze\u0144skiej walczy\u0142 z Moskw\u0105. Potem zosta\u0142, wraz z ojcem, przez nich kupiony. Podczas II wojny ju\u017c walczy\u0142 przeciw rodakom. Zosta\u0142 premierem Czeczeni (2006-2007), potem jej prezydentem (2007-2011), wreszcie \u201eszefem\u201d Republiki Czecze\u0144skiej. Jak zwa\u0142 tak zwa\u0142- rz\u0105dzi z nadania Kremla ju\u017c 16 lat, niewiele kr\u00f3cej ni\u017c Putin. Kocha w\u0142adze i kolekcjonuje odznaczenia. Tytu\u0142: \u201eBohatera Federacji Rosyjskiej\u201d otrzyma\u0142 dwa lata przed tym, zanim zosta\u0142 premierem. Charakterystyczne, \u017ce orderowy plon Kadyrow ma zawsze, gdy Rosja idzie na wojn\u0119 \u2013 wtedy jest potrzebny. Po zaj\u0119ciu przez Rosjan Krymu otrzyma\u0142 medal \u201eZa Zas\u0142ugi w Zapewnieniu Bezpiecze\u0144stwa Narodowego\u201d. W tym samym 2014 roku dosta\u0142 medal \u201eZa Powr\u00f3t Krymu\u201d. Gdzie Rzym, gdzie Krym, gdzie Czeczenia? Kadyrow jest po prostu potrzebny na trudny czas. Rok p\u00f3\u017aniej dosta\u0142 rosyjskie odznaczenie, kt\u00f3rego nazwa jest paradoksem w kontek\u015bcie zdrady, kt\u00f3r\u0105 uczyni\u0142 wobec swojego narodu walcz\u0105cego z Rosjanami o wolno\u015b\u0107 \u2013 chodzi o rosyjski \u201eOrder Honoru\u201d. W tym samym roku dosta\u0142 r\u00f3wnie\u017c kolejny medal \u201eWaleczno\u015b\u0107 i Odwaga\u201d. To nie koniec: rok 2015 okaza\u0142 si\u0119 dla Kadyrowa najbardziej \u201emedalodajny\u201d, bo dosta\u0142 jeszcze trzeci medal \u201eRosja \u2013 Krym \u2013 Sewastopol\u201d.<\/p>\n\n\n\n<figure class=\"wp-block-image size-large\"><img decoding=\"async\" width=\"1024\" height=\"683\" src=\"https:\/\/kuriercodziennychicago.com\/wp-content\/uploads\/2023\/01\/gf-BR9E-PZqo-eh9p_kadyrow-1920x1080-nocrop-1024x683.jpg\" alt=\"\" class=\"wp-image-2779\" srcset=\"https:\/\/kuriercodziennychicago.com\/wp-content\/uploads\/2023\/01\/gf-BR9E-PZqo-eh9p_kadyrow-1920x1080-nocrop-1024x683.jpg 1024w, https:\/\/kuriercodziennychicago.com\/wp-content\/uploads\/2023\/01\/gf-BR9E-PZqo-eh9p_kadyrow-1920x1080-nocrop-300x200.jpg 300w, https:\/\/kuriercodziennychicago.com\/wp-content\/uploads\/2023\/01\/gf-BR9E-PZqo-eh9p_kadyrow-1920x1080-nocrop-768x512.jpg 768w, https:\/\/kuriercodziennychicago.com\/wp-content\/uploads\/2023\/01\/gf-BR9E-PZqo-eh9p_kadyrow-1920x1080-nocrop-1536x1024.jpg 1536w, https:\/\/kuriercodziennychicago.com\/wp-content\/uploads\/2023\/01\/gf-BR9E-PZqo-eh9p_kadyrow-1920x1080-nocrop.jpg 1920w\" sizes=\"(max-width: 1024px) 100vw, 1024px\" \/><\/figure>\n\n\n\n<p>Potem nast\u0105pi\u0142 czas wzgl\u0119dnego spokoju i Kadyrow nie by\u0142 ju\u017c tak potrzebny. Ten \u201epies wojny\u201d jest u\u017cyteczny dla Kremla, gdy trzeba szykowa\u0107 si\u0119 do podbijania kolejnych terytori\u00f3w lub ju\u017c je okupowa\u0107. St\u0105d w 2021 roku otrzyma\u0142 medal numer 7: order \u201eZa Zas\u0142ugi dla Ojczyzny\u201d. Rzecz w tym, \u017ce tylko\u2026 III klasy.<br>\u00a0<br>Rok rosyjskiej agresji na naszego wschodniego s\u0105siada to czas urodzaju dla Ramzana Achmatowicza obchodz\u0105cego w tym roku swoje 46 urodziny. Dosta\u0142 tytu\u0142: \u201eBohatera \u0141uga\u0144skiej Republiki Ludowej\u201d oraz znacznie bardziej presti\u017cowy \u201eOrder Aleksandra Neckiego\u201d.<br>\u00a0<br>I jest jak w piosence Bu\u0142ata Okud\u017cawy: ka\u017cdy otrzymuje to, czego pragnie. Spe\u0142niaj\u0105 si\u0119 marzenia. Rosyjski genera\u0142-pu\u0142kownik (to stopie\u0144 wojskowy, kt\u00f3ry otrzyma\u0142 dopiero co, w pa\u017adzierniku 2022, przy czym w ci\u0105gu dw\u00f3ch lat awansowa\u0142 o dwa stopnie -dodam, \u017ce od 13 lat jest te\u017c&#8230; genera\u0142em-majorem rosyjskiej policji) Kadyrow ma to, o czym marzy\u0142: pe\u0142ni\u0119 w\u0142adzy w Czeczenii, bo Rosjanie nie wtr\u0105caj\u0105 mu si\u0119 do polityki wewn\u0119trznej i realizuje charakterystyczn\u0105 dla ca\u0142ego Wschodu &#8222;polityk\u0119 prorodzinn\u0105&#8221; \u2013 najstarsza c\u00f3rka Ajszat (24 lata) jest wiceministrem kultury w pa\u0144stwie ojca, c\u00f3rka Chadid\u017ca jest wysokim urz\u0119dnikiem resortu o\u015bwiaty. Satrapa lubi sport :jest honorowym prezesem futbolowego klubu Achmat Grozny, a 8 lat temu dosta\u0142 czarny pas w karate. Media informuj\u0105, \u017ce ma dziesi\u0119cioro dzieci-tymczasem ma dwana\u015bcioro ,bo jeszcze dwoje adoptowa\u0142.<br>Jego trzech nieletnich syn\u00f3w (16-15-14 lat) w\u0142a\u015bnie pozowa\u0142o z broni\u0105 w Mariupolu.<br>\u00a0<br>W Brukseli w Parlamencie Europejskim sala, w kt\u00f3rej odbywaj\u0105 si\u0119 konferencje prasowe, nosi imi\u0119 rosyjskiej opozycyjnej dziennikarki Anny Politkowskiej, zamordowanej przez re\u017cym. To w\u0142a\u015bnie ona ujawni\u0142a, \u017ce przez wiele lat g\u0142\u00f3wnym \u017ar\u00f3d\u0142em dochod\u00f3w Kadyrowa by\u0142y\u2026 porwania ludzi dla okupu. Zarzuca\u0142a mu, \u017ce we wsi Chosi-Jurt (ros. Centaroj), w kt\u00f3rej si\u0119 urodzi\u0142, w swoim domu urz\u0105dzi\u0142 wi\u0119zienie dla wrog\u00f3w rodu Kadyrow\u00f3w (jego ojciec Achmat Kadyrow rz\u0105dzi\u0142 z nadania Rosji Czeczeni\u0105 i zgin\u0105\u0142 w zamachu zorganizowanym przez bojownik\u00f3w czecze\u0144skich). Politkowska pisa\u0142a, \u017ce Kadyrow junior mordowa\u0142, inspirowa\u0142 morderstwa, torturowa\u0142 i w strzelaninach z broni\u0105 za\u0142atwia\u0142 rodzinne porachunki.<br>Kadyrow do zdj\u0119\u0107 pozuje u\u015bmiechni\u0119ty. Ale jest to u\u015bmiech rze\u017anika\u2026<\/p>\n","protected":false},"excerpt":{"rendered":"<p>Ryszard Czarnecki W czasie I wojny czecze\u0144skiej (1994-1996) zgin\u0105\u0107 mia\u0142o 17,4 tysi\u0119cy bojownik\u00f3w i do 100 tysi\u0119cy ludno\u015bci<\/p>\n","protected":false},"author":1,"featured_media":2779,"comment_status":"closed","ping_status":"closed","sticky":false,"template":"","format":"standard","meta":{"footnotes":""},"categories":[2,9],"tags":[],"class_list":["post-2778","post","type-post","status-publish","format-standard","has-post-thumbnail","hentry","category-polityka","category-start"],"_links":{"self":[{"href":"https:\/\/kuriercodziennychicago.com\/index.php\/wp-json\/wp\/v2\/posts\/2778","targetHints":{"allow":["GET"]}}],"collection":[{"href":"https:\/\/kuriercodziennychicago.com\/index.php\/wp-json\/wp\/v2\/posts"}],"about":[{"href":"https:\/\/kuriercodziennychicago.com\/index.php\/wp-json\/wp\/v2\/types\/post"}],"author":[{"embeddable":true,"href":"https:\/\/kuriercodziennychicago.com\/index.php\/wp-json\/wp\/v2\/users\/1"}],"replies":[{"embeddable":true,"href":"https:\/\/kuriercodziennychicago.com\/index.php\/wp-json\/wp\/v2\/comments?post=2778"}],"version-history":[{"count":1,"href":"https:\/\/kuriercodziennychicago.com\/index.php\/wp-json\/wp\/v2\/posts\/2778\/revisions"}],"predecessor-version":[{"id":2780,"href":"https:\/\/kuriercodziennychicago.com\/index.php\/wp-json\/wp\/v2\/posts\/2778\/revisions\/2780"}],"wp:featuredmedia":[{"embeddable":true,"href":"https:\/\/kuriercodziennychicago.com\/index.php\/wp-json\/wp\/v2\/media\/2779"}],"wp:attachment":[{"href":"https:\/\/kuriercodziennychicago.com\/index.php\/wp-json\/wp\/v2\/media?parent=2778"}],"wp:term":[{"taxonomy":"category","embeddable":true,"href":"https:\/\/kuriercodziennychicago.com\/index.php\/wp-json\/wp\/v2\/categories?post=2778"},{"taxonomy":"post_tag","embeddable":true,"href":"https:\/\/kuriercodziennychicago.com\/index.php\/wp-json\/wp\/v2\/tags?post=2778"}],"curies":[{"name":"wp","href":"https:\/\/api.w.org\/{rel}","templated":true}]}}