{"id":2782,"date":"2023-01-01T14:12:47","date_gmt":"2023-01-01T20:12:47","guid":{"rendered":"https:\/\/kuriercodziennychicago.com\/?p=2782"},"modified":"2023-01-01T14:12:47","modified_gmt":"2023-01-01T20:12:47","slug":"bruksela-afera-korupcyjna-ciag-dalszy","status":"publish","type":"post","link":"https:\/\/kuriercodziennychicago.com\/index.php\/2023\/01\/01\/bruksela-afera-korupcyjna-ciag-dalszy\/","title":{"rendered":"Bruksela, afera korupcyjna, ci\u0105g dalszy&#8230;"},"content":{"rendered":"<div class=\"wp-block-image is-style-rounded\">\n<figure class=\"alignleft size-full is-resized\"><img decoding=\"async\" src=\"https:\/\/kuriercodziennychicago.com\/wp-content\/uploads\/2022\/05\/czarnecki-ryszard.jpg\" alt=\"\" class=\"wp-image-39\" width=\"80\" height=\"60\"\/><\/figure>\n<\/div>\n\n\n<blockquote class=\"wp-block-quote is-layout-flow wp-block-quote-is-layout-flow\">\n<h2 class=\"wp-block-heading\">Ryszard Czarnecki<\/h2>\n<\/blockquote>\n\n\n\n<p>Tydzie\u0144 temu pisa\u0142em, \u017ce afera korupcyjna w Brukseli zatacza \u2013 jak si\u0119 m\u00f3wi w tzw. kuluarach \u2013 coraz szersze kr\u0119gi. Nie my\u015bla\u0142em jednak, \u017ce za tydzie\u0144 b\u0119d\u0119 zmuszony zn\u00f3w o tym pisa\u0107. Gdy znajomi z Grecji informowali mnie nieoficjalnie, \u017ce w\u015br\u00f3d os\u00f3b podejrzanych czy te\u017c takich, o kt\u00f3rych m\u00f3wi si\u0119, \u017ce mog\u0105 mie\u0107 co\u015b wsp\u00f3lnego z t\u0105 spraw\u0105 jest komisarz z Grecji Margaritis Schinas, uzna\u0142em, \u017ce nie b\u0119d\u0119 o tym pisa\u0142, bo by\u0107 mo\u017ce s\u0105 to plotki. I to by\u0142 b\u0142\u0105d.<\/p>\n\n\n\n<p>Albowiem przede mn\u0105 napisa\u0142o to ukazuj\u0105ce si\u0119 w Brukseli \u201ePolitico\u201d, kt\u00f3re doda\u0142o jeszcze informacj\u0119 o wsp\u00f3lnych wizytach i zdj\u0119ciach z tym\u017ce komisarzem &#8211; rodakiem w jednym z kraj\u00f3w arabskich\u2026 wiceprzewodnicz\u0105cej europarlamentu Evy Kaili z frakcji Socjalist\u00f3w i Demokrat\u00f3w. W mediach pokazuj\u0105 si\u0119 nawet fotografie kolejnych podejrzanych z rozrysowanymi siatkami po\u0142\u0105cze\u0144. Sam wcze\u015bniej, jako jeden z pierwszych, pisa\u0142em o istotnej roli, jak\u0105 odgrywa\u0142 m\u00f3j eks-kolega z \u0142aw europarlamentu W\u0142och (i te\u017c socjalista) Pier-Antonio Panzeri. Teraz potwierdzi\u0142y to tak\u017ce inne media.<\/p>\n\n\n\n<figure class=\"wp-block-image size-full\"><img decoding=\"async\" width=\"948\" height=\"568\" src=\"https:\/\/kuriercodziennychicago.com\/wp-content\/uploads\/2023\/01\/9505e6384ff9ff-948-568-140-0-3533-2120.jpg\" alt=\"\" class=\"wp-image-2783\" srcset=\"https:\/\/kuriercodziennychicago.com\/wp-content\/uploads\/2023\/01\/9505e6384ff9ff-948-568-140-0-3533-2120.jpg 948w, https:\/\/kuriercodziennychicago.com\/wp-content\/uploads\/2023\/01\/9505e6384ff9ff-948-568-140-0-3533-2120-300x180.jpg 300w, https:\/\/kuriercodziennychicago.com\/wp-content\/uploads\/2023\/01\/9505e6384ff9ff-948-568-140-0-3533-2120-768x460.jpg 768w\" sizes=\"(max-width: 948px) 100vw, 948px\" \/><\/figure>\n\n\n\n<p>Ujawniona dotychczas \u201estruktura personalna\u201d brukselskiego skandalu korupcyjnego przypomina domino: wspomniany ju\u017c w\u0142oski europose\u0142 z lat 2004-2019 (przez 15 lat siedzieli\u015bmy na tej samej sali plenarnej, tylko na jej dw\u00f3ch r\u00f3\u017cnych ko\u0144cach\u2026) mia\u0142 asystenta, r\u00f3wnie\u017c W\u0142ocha, \u00f3w asystent zosta\u0142 partnerem \u017cyciowym greckiej wiceszefowej PE, jej z kolei ojciec itp. itd. Z boku wygl\u0105da to wszystko jak rozwi\u0105zywanie zadania z logiki, czy matematyki albo nieskomplikowanego rebusu.<\/p>\n\n\n\n<p>Rozszerza si\u0119, jednak zgodnie z moimi sugestiami sprzed tygodnia, geografia owej afery: dochodz\u0105 przedstawiciele kolejnych kraj\u00f3w. Do Belgii i dwojga socjalistycznych deputowanych, z kt\u00f3rych Maria Arena zrezygnowa\u0142a z przewodniczenia presti\u017cowej Komisji Praw Cz\u0142owieka, a wymieniany ju\u017c w mediach spo\u0142eczno\u015bciowych Marc Tarabella nie s\u0142ycha\u0107, \u017ceby z czegokolwiek zrezygnowa\u0142 &#8211; dosz\u0142a teraz, jak mo\u017cna by\u0142o si\u0119 w ostatnich godzinach dowiedzie\u0107, Portugalia i jej socjalistyczna (znowu) europos\u0142anka Isabel Santos. Publicznie o\u015bwiadczy\u0142a ona jednak, \u017ce to nieporozumienie\u2026<\/p>\n\n\n\n<p>Poza \u201eposzerzeniem\u201d geograficznym jest te\u017c \u201eposzerzenie\u201d polityczne, bo aferalny \u201emonopol\u201d socjalist\u00f3w z\u0142ama\u0142a europos\u0142anka z frakcji Europejskiej Partii Ludowej Maria Spyraki z rz\u0105dz\u0105cej Grecj\u0105 partii Nowa Demokracja premiera Kiriakosa Mitsotakisa. Partia ta jest cz\u0119\u015bci\u0105 rodziny politycznej Europejskiej Partii Ludowej (tam, gdzie s\u0105 PO i PSL).<\/p>\n\n\n\n<p>Nic tylko kupi\u0107 popcorn, usi\u0105\u015b\u0107 wygodnie w pierwszym rz\u0119dzie i obserwowa\u0107, co si\u0119 dzieje.&nbsp;<\/p>\n","protected":false},"excerpt":{"rendered":"<p>Ryszard Czarnecki Tydzie\u0144 temu pisa\u0142em, \u017ce afera korupcyjna w Brukseli zatacza \u2013 jak si\u0119 m\u00f3wi w tzw. kuluarach<\/p>\n","protected":false},"author":1,"featured_media":2783,"comment_status":"closed","ping_status":"closed","sticky":false,"template":"","format":"standard","meta":{"footnotes":""},"categories":[2,9],"tags":[],"class_list":["post-2782","post","type-post","status-publish","format-standard","has-post-thumbnail","hentry","category-polityka","category-start"],"_links":{"self":[{"href":"https:\/\/kuriercodziennychicago.com\/index.php\/wp-json\/wp\/v2\/posts\/2782","targetHints":{"allow":["GET"]}}],"collection":[{"href":"https:\/\/kuriercodziennychicago.com\/index.php\/wp-json\/wp\/v2\/posts"}],"about":[{"href":"https:\/\/kuriercodziennychicago.com\/index.php\/wp-json\/wp\/v2\/types\/post"}],"author":[{"embeddable":true,"href":"https:\/\/kuriercodziennychicago.com\/index.php\/wp-json\/wp\/v2\/users\/1"}],"replies":[{"embeddable":true,"href":"https:\/\/kuriercodziennychicago.com\/index.php\/wp-json\/wp\/v2\/comments?post=2782"}],"version-history":[{"count":1,"href":"https:\/\/kuriercodziennychicago.com\/index.php\/wp-json\/wp\/v2\/posts\/2782\/revisions"}],"predecessor-version":[{"id":2784,"href":"https:\/\/kuriercodziennychicago.com\/index.php\/wp-json\/wp\/v2\/posts\/2782\/revisions\/2784"}],"wp:featuredmedia":[{"embeddable":true,"href":"https:\/\/kuriercodziennychicago.com\/index.php\/wp-json\/wp\/v2\/media\/2783"}],"wp:attachment":[{"href":"https:\/\/kuriercodziennychicago.com\/index.php\/wp-json\/wp\/v2\/media?parent=2782"}],"wp:term":[{"taxonomy":"category","embeddable":true,"href":"https:\/\/kuriercodziennychicago.com\/index.php\/wp-json\/wp\/v2\/categories?post=2782"},{"taxonomy":"post_tag","embeddable":true,"href":"https:\/\/kuriercodziennychicago.com\/index.php\/wp-json\/wp\/v2\/tags?post=2782"}],"curies":[{"name":"wp","href":"https:\/\/api.w.org\/{rel}","templated":true}]}}