{"id":2789,"date":"2023-01-01T14:16:33","date_gmt":"2023-01-01T20:16:33","guid":{"rendered":"https:\/\/kuriercodziennychicago.com\/?p=2789"},"modified":"2023-01-01T14:16:33","modified_gmt":"2023-01-01T20:16:33","slug":"zagrozenia-dla-polski-w-koncu-2022-r","status":"publish","type":"post","link":"https:\/\/kuriercodziennychicago.com\/index.php\/2023\/01\/01\/zagrozenia-dla-polski-w-koncu-2022-r\/","title":{"rendered":"Zagro\u017cenia dla Polski w ko\u0144cu 2022 r."},"content":{"rendered":"<div class=\"wp-block-image is-style-rounded\">\n<figure class=\"alignleft size-full is-resized\"><img decoding=\"async\" src=\"https:\/\/kuriercodziennychicago.com\/wp-content\/uploads\/2022\/05\/matysiak-jacek.jpeg\" alt=\"\" class=\"wp-image-158\" width=\"115\" height=\"109\" srcset=\"https:\/\/kuriercodziennychicago.com\/wp-content\/uploads\/2022\/05\/matysiak-jacek.jpeg 342w, https:\/\/kuriercodziennychicago.com\/wp-content\/uploads\/2022\/05\/matysiak-jacek-300x284.jpeg 300w, https:\/\/kuriercodziennychicago.com\/wp-content\/uploads\/2022\/05\/matysiak-jacek-264x250.jpeg 264w\" sizes=\"(max-width: 115px) 100vw, 115px\" \/><\/figure>\n<\/div>\n\n\n<blockquote class=\"wp-block-quote is-layout-flow wp-block-quote-is-layout-flow\">\n<h2 class=\"wp-block-heading\">Jacek K. Matysiak<\/h2>\n\n\n\n<h5 class=\"wp-block-heading\">Kalifornia, 2022\/12\/27<\/h5>\n<\/blockquote>\n\n\n\n<p>C\u00f3\u017c, mog\u0142oby si\u0119 wydawa\u0107, \u017ce \u017cyjemy w miar\u0119 normalnym \u015bwiecie, a wychodzi na to, \u017ce \u017cyjemy w cyrku kt\u00f3rego dyrekcja ma dodatkowo radykalne globalne ambicje. Problem te\u017c w tym, \u017ce ten globalny dyrektoriat powoli sukcesywnie spycha nas do kategorii tresowanych zwierz\u0105t, kt\u00f3re niestety wydzielaj\u0105 ten przekl\u0119ty CO2 (jako\u015b zapomnieli, \u017ce potrzebny ro\u015blinom!). W sumie wszystko si\u0119 w tym cyrku zgadza <em>\u201cjak w banku\u201d <\/em>&nbsp;(wiadomo fachowcy banksterzy) i po spersonalizowanej specjalnej operacji C-19 (szczep si\u0119, albo zagra\u017casz ludzko\u015bci!) jeste\u015bmy ofiarami pierwszej globalnej wojny. Niestety&nbsp; <em>\u201cznakomita\u201d<\/em> wi\u0119kszo\u015b\u0107 poddanych reaguje jednak zgodnie z do\u015bwiadczeniami akademika Paw\u0142owa porzucaj\u0105c swoj\u0105 duchowo\u015b\u0107 i eksponuj\u0105c swoj\u0105 <em>\u201czwierz\u0119co\u015b\u0107\u201d.<\/em> Coraz wi\u0119cej za\u0142\u0105cznik\u00f3w, zakaz\u00f3w, ogranicze\u0144 i rozporz\u0105dze\u0144 po\u017ceraj\u0105cych wolno\u015bci (wszystko dla Twojego dobra), godno\u015b\u0107, to\u017csamo\u015b\u0107 i prawa obywatela. Cel pozostaje ten sam. <em>\u201cNie b\u0119dziesz mia\u0142 nic i b\u0119dziesz szcz\u0119\u015bliwy!\u201d&nbsp;<\/em><\/p>\n\n\n\n<figure class=\"wp-block-image size-full\"><img decoding=\"async\" width=\"664\" height=\"473\" src=\"https:\/\/kuriercodziennychicago.com\/wp-content\/uploads\/2023\/01\/3786db9_5063594-01-06.jpg\" alt=\"\" class=\"wp-image-2790\" srcset=\"https:\/\/kuriercodziennychicago.com\/wp-content\/uploads\/2023\/01\/3786db9_5063594-01-06.jpg 664w, https:\/\/kuriercodziennychicago.com\/wp-content\/uploads\/2023\/01\/3786db9_5063594-01-06-300x214.jpg 300w\" sizes=\"(max-width: 664px) 100vw, 664px\" \/><figcaption class=\"wp-element-caption\">WASHINGTON, DC &#8211; DECEMBER 21: President of Ukraine Volodymyr Zelensky gives a Ukrainian flag signed by members of the Ukrainian military to U.S. Speaker of the House Nancy Pelosi (D-CA) as he addresses a joint meeting of Congress in the House Chamber of the U.S. Capitol on December 21, 2022 in Washington, DC. In his first known trip outside of Ukraine since Russia invaded, Zelensky met with U.S. President Joe Biden and outlined Ukraine&#8217;s request for continued military aid.   Anna Moneymaker\/Getty Images\/AFP (Photo by Anna Moneymaker \/ GETTY IMAGES NORTH AMERICA \/ AFP)<\/figcaption><\/figure>\n\n\n\n<p>Gdzie podzia\u0142 si\u0119 materia\u0142 genetyczny i spadkobiercy naszych bohaterskich przodk\u00f3w z bitew niezwyci\u0119\u017conej husarii, wojny bolszewickiej 1920 r., II w.\u015bw.? Dzisiejsze elity dbaj\u0105 g\u0142\u00f3wnie o swoje t\u0142uste <em>\u201czadki\u201d,<\/em> o dost\u0119p do miejsca przy pe\u0142nym smako\u0142yk\u00f3w stole zarz\u0105dzaj\u0105cym podatkami obywateli, o kt\u00f3rych istnieniu elity przypominaj\u0105 sobie jedynie tu\u017c przed kampani\u0105 wyborcz\u0105. Nie wiem, ale chyba racjonaln\u0105 konkluzj\u0105 by\u0142aby refleksja, \u017ce w Polsce trwa nieurodzaj elit w zakresie patriotyzmu. Natomiast w najlepsze szerzy si\u0119 partiokracja i odzieranie obywateli z szans na lepsz\u0105 przysz\u0142o\u015b\u0107 poprzez niesamowite zad\u0142u\u017canie, kt\u00f3re nakr\u0119ca inflacj\u0119 i zabija klas\u0119 \u015bredni\u0105, kt\u00f3rej klasycznie rozmiar i stan stanowi o stanie demokracji.<\/p>\n\n\n\n<p>Wszystkie wi\u0119ksze dzisiejsze polskie partie polityczne wype\u0142z\u0142y spod <em>\u201cokr\u0105g\u0142ego sto\u0142u\u201d <\/em>zaaran\u017cowanego przez globalistycznych macher\u00f3w przejmuj\u0105cych zarz\u0105dzanie mas\u0105 upad\u0142o\u015bciow\u0105 pa\u0144stwa i balansuj\u0105cych mi\u0119dzy dogadanymi&nbsp; ci\u0105gle trzymaj\u0105cymi realn\u0105 w\u0142adz\u0119 komuchami, a wyselekcjonowanymi ambitnymi opozycjonistami godz\u0105cymi si\u0119 w\u0142a\u015bciwie na wersj\u0119 socjalizmu z <em>\u201cludzk\u0105 twarz\u0105\u201d<\/em> pod nowym zarz\u0105dem globalnych koncern\u00f3w z szans\u0105 dla siebie na lepsze \u017cycie.&nbsp;<\/p>\n\n\n\n<p>Wydaje si\u0119, \u017ce prawide\u0142 historii nie da si\u0119 oszuka\u0107, je\u015bli my Polacy tym razem nie wywalczyli\u015bmy sobie niepodleg\u0142o\u015bci, suwerenno\u015bci, a uzyskali\u015bmy jej namiastk\u0119 z \u0142aski obcych mocarstw, to mo\u017ce nie powinni\u015bmy si\u0119 dziwi\u0107, \u017ce jest tak jak jest. Tylko w twardej walce spo\u0142ecze\u0144stwa wy\u0142aniaj\u0105 swoich godnych zaufania wodz\u00f3w, bohater\u00f3w, lider\u00f3w, ludzi wiernych wsp\u00f3lnym idea\u0142om. Przecie\u017c nie mo\u017cna si\u0119 takich jako\u015bci spodziewa\u0107, doszukiwa\u0107 si\u0119 i znale\u017a\u0107 w\u015br\u00f3d ludzi z nadania, czy sponsoringu z zewn\u0105trz. St\u0105d ten ca\u0142y dzisiejszy dramat w polskiej polityce.&nbsp;<\/p>\n\n\n\n<p>Wojna to nieszcz\u0119\u015bcie dla zwyk\u0142ych ludzi w jej obszarze, ale to te\u017c wielki biznes dla producent\u00f3w broni i gra o rozszerzenie wp\u0142yw\u00f3w i awansu w\u015br\u00f3d uczestnicz\u0105cych w niej elit. Polska jest w nowej sytuacji spowodowanej wojn\u0105 za swoj\u0105 wschodni\u0105&nbsp; granic\u0105. Polski rz\u0105d podj\u0105\u0142 decyzj\u0119 o niesamowitej, destabilizuj\u0105cej ekonomi\u0119 wszechstronnej pomocy dla zaatakowanej przez Rosj\u0119 Ukrainy. Od podarowanych czo\u0142g\u00f3w, wszelkiej broni, paliw i amunicji, poprzez otwarcie granic przez, kt\u00f3re przesz\u0142o co najmniej 8 mln Ukrai\u0144c\u00f3w (czasem w wieku poborowym!) oferuj\u0105c im pomoc socjaln\u0105 i hojn\u0105 integracj\u0119 w aspekcie pobytu, zatrudnienia, edukacji i silnego dyplomatycznego poparcia na arenie mi\u0119dzynarodowej.<\/p>\n\n\n\n<p>&nbsp;Miejmy nadziej\u0119, \u017ce dzisiejsi politycy podejmuj\u0105cy decyzje o wielko\u015bci pomocy,&nbsp; dramatycznie i zab\u00f3jczo nie zad\u0142u\u017c\u0105 Polak\u00f3w na drodze do bankructwa. Mo\u017ce ta sytuacja kojarzy\u0107 si\u0119 z jej zaprzeczeniem z jesieni 1938 r., czyli z nie udzieleniem pomocy Czechos\u0142owacji w sytuacji jej zagro\u017cenia przez hitlerowskie Niemcy. Z Czechos\u0142owacj\u0105 te\u017c mieli\u015bmy nie wyr\u00f3wnane stare porachunki (\u015al\u0105sk Cieszy\u0144ski, 1919 r. inwazja wojsk czechos\u0142owackich) i w przededniu inwazji niemieckiej odebrali\u015bmy zdradziecko przedtem zagarni\u0119te Zaolzie. Tym razem rz\u0105d polski kokietowany do zagarni\u0119cia Lwowa, post\u0105pi\u0142 inaczej otwieraj\u0105c serca i portfele dla Ukrai\u0144c\u00f3w, mimo uzasadnionych polskich uraz\u00f3w i pretensji. Nale\u017cy pami\u0119ta\u0107, \u017ce Polska postawa uznania wojny rosyjsko-ukrai\u0144skiej za \u201cnasz\u0105 wojn\u0119\u201d jest w ra\u017c\u0105cym kontra\u015bcie do stanowiska w\u0119gierskiego (<em>\u201cW tym konflikcie W\u0119gry stoj\u0105 po stronie W\u0119gier\u201d<\/em>, Orban), miejmy nadziej\u0119, \u017ce ta pomoc nie odbije si\u0119 nam znan\u0105 z historii kozack\u0105 czkawk\u0105.<\/p>\n\n\n\n<p>W USA prosperuj\u0105 r\u00f3wnie\u017c media reprezentuj\u0105ce rosyjski punkt widzenia. Najbardziej aktywnymi go\u015b\u0107mi tych medi\u00f3w (goszcz\u0105cymi te\u017c w mediach rosyjskich) s\u0105 p\u0142k Douglas McGregor strateg, na kr\u00f3tki okres zwi\u0105zany z administracj\u0105 Trumpa, oraz by\u0142y oficer wywiadu, inspektor broni ONZ Scott Ritter.Ten ostatni w\/g Wikipedii,&nbsp; jest zwi\u0105zany z pedofilskimi oskar\u017ceniami z 2001 r. i ponownie z 2009 r. (obna\u017cy\u0142 si\u0119 do kamery przed \u201c15-latk\u0105\u201d). W 2011 zosta\u0142 skazany na 1,5 do 5,5 r., ale uwolniony w 2012 r. W swoich wywiadach serwuje lini\u0119 rosyjskiego patrioty. Ogl\u0105da\u0142em ich wiele razy, p\u0142k McGregor uwa\u017ca, \u017ce Putin jest zbyt delikatny w stosunku do Ukrainy. Poziom tych wywiad\u00f3w jest bardzo rozczarowuj\u0105cy. Prowadz\u0105cy wywiad redaktor (\u201cjudge\u201d) Napolitano&nbsp; w pewnej chwili pyta go\u015bcia: <em>\u201ca z jakimi pa\u0144stwami graniczy Ukraina na zachodzie?\u201d<\/em>. W innym przypadku odnosz\u0105c si\u0119 do zaanga\u017cowania w pomoc Ukrainie Rumunii judge rzuci\u0142 obserwacj\u0119; <em>\u201cRumunia pewnie chce wst\u0105pi\u0107 do NATO?\u201d (!).<\/em><\/p>\n\n\n\n<p>Nieco na wy\u017cszym poziomie s\u0105 wywody gwiazdy konserwatywnej stacji FOX News (Tucker Carlson), kt\u00f3ry bardzo ubolewa nad korupcj\u0105 i rz\u0105dowym zamordyzmem na Ukrainie, ale ani s\u0142owa nie powie o podobnie skorumpowanej Rosji i \u201ctolerancji\u201d dobrodusznego Putina wobec rosyjskiej opozycji. Ostatnio Tucker oskar\u017cy\u0142 o brak tolerancji prezydenta \u017bele\u0144skiego wobec prorosyjskiej opozycji w czasie rosyjskiej inwazji (!). Inne zarzuty Tuckera wynikaj\u0105ce z totalnego niezrozumienia miejscowej sytuacji nawi\u0105zuj\u0105 do totalnego prze\u015bladowania przez re\u017cim \u017bele\u0144skiego ko\u015bcio\u0142a chrze\u015bcija\u0144skiego na Ukrainie. Zupe\u0142nie nie ma poj\u0119cia, \u017ce chodzi tu o ko\u015bci\u00f3\u0142 prawos\u0142awny \u015bci\u015ble zwi\u0105zany z Moskw\u0105 (brak rozdzia\u0142u ko\u015bcio\u0142a od pa\u0144stwa), na kt\u00f3rego czele stoi by\u0142y wsp\u00f3\u0142pracownik KGB aktywnie popieraj\u0105cy wojn\u0119 na Ukrainie. Poza tym ko\u015bcio\u0142em jest przecie\u017c ukrai\u0144ski prawos\u0142awny ko\u015bci\u00f3\u0142 i unici (ok. 10% wierz\u0105cych). Moskiewski ko\u015bci\u00f3\u0142 prawos\u0142awny przypomina katolicki ko\u015bci\u00f3\u0142 w Chinach, kt\u00f3ry jest ca\u0142kowicie podporz\u0105dkowany i kontrolowany przez chi\u0144skich komunist\u00f3w.&nbsp;&nbsp;&nbsp;&nbsp;<\/p>\n\n\n\n<p>Aby nie przed\u0142u\u017ca\u0107 sp\u00f3jrzmy jeszcze na owoce wizyty \u017bele\u0144skiego w Bia\u0142ym Domu. Biden przyzna\u0142 Ukrainie pomoc wojskow\u0105 (w tym baterie Patrioty) warto\u015bci $1,8 mld, a og\u00f3lnie $45 mld na szeroko rozumian\u0105 pomoc. Dot\u0105d USA przyzna\u0142o Ukrainie pomoc warto\u015bci ok. $105 mld (!). Oczywi\u015bcie cz\u0119\u015b\u0107 tych dotacji zostanie w USA jako zap\u0142ata za dostarczony sprz\u0119t wojskowy, cz\u0119\u015b\u0107 wr\u00f3ci do ameryka\u0144skich polityk\u00f3w w ramach wsparcia ich kampanii wyborczych przez lobbyst\u00f3w przemys\u0142u wojskowego. Przyjmuje si\u0119, \u017ce USA dotuj\u0105 wojn\u0119 na Ukrainie w wysoko\u015bci $2,5 mln na godzin\u0119 (!)&nbsp;<\/p>\n\n\n\n<p>W jakiej sytuacji znajduje si\u0119 dzi\u015b Polska, co jej zagra\u017ca opr\u00f3cz \u015bwi\u0105tecznie szybuj\u0105cego w niebiosa zad\u0142u\u017cenia? Ze strony wschodniej mamy do czynienia z tradycyjnym zagro\u017ceniem przez stary znany nam rosyjski imperializm, czy te\u017c (je\u015bli Rosja si\u0119 wycofa) z nowym wygenerowanym ukrai\u0144skim nacjonalizmem odwo\u0142uj\u0105cym si\u0119 ju\u017c dzisiaj do tradycji banderowskiego nazizmu.&nbsp;<\/p>\n\n\n\n<p>Z drugiej strony trwa bezwzgl\u0119dna ofensywa globalistycznej Unii Europejskiej Narodu Niemieckiego wyniszczaj\u0105ca polsk\u0105 suwerenno\u015b\u0107 (superpa\u0144stwo europejskie), gospodark\u0119 (zielone wariactwa), kultur\u0119 i edukacj\u0119 (genderyzm). To ruch cyfrowego totalitaryzmu obejmuj\u0105cy gospodark\u0119, medycyn\u0119 i wolno\u015bci obywatelskie. On jest bardziej niebezpieczny, likwiduj\u0105cy wszelkie prawa i wolno\u015bci. Ilu ludzi w Polsce zdaje sobie dzi\u015b z tego spraw\u0119? Czy kuszenie elit chwilowymi korzy\u015bciami skutecznie odetnie je od reprezentowania tradycyjnych pragnie\u0144 Narodu?<\/p>\n\n\n\n<p>Co prawda nie \u017cyjemy w raju, gdzie dobry B\u00f3g wyjmuj\u0105c Adamowi \u017cebro otworzy\u0142 przed nim \u015bwiat w kt\u00f3rym rodzaj ludzki m\u00f3g\u0142 owocowa\u0107 i prosperowa\u0107. Mo\u017ce dzi\u015b Polakom nie pozostaje nic innego jak zbudowa\u0107 wok\u00f3\u0142 Ziobry zdecydowan\u0105 odpowied\u017a na unijne i niemieckie szykany, kt\u00f3rych celem jest likwidacja i zag\u0142ada Polski jak\u0105 znamy?<\/p>\n","protected":false},"excerpt":{"rendered":"<p>Jacek K. Matysiak Kalifornia, 2022\/12\/27 C\u00f3\u017c, mog\u0142oby si\u0119 wydawa\u0107, \u017ce \u017cyjemy w miar\u0119 normalnym \u015bwiecie, a wychodzi na<\/p>\n","protected":false},"author":1,"featured_media":2790,"comment_status":"closed","ping_status":"closed","sticky":false,"template":"","format":"standard","meta":{"footnotes":""},"categories":[2,9],"tags":[],"class_list":["post-2789","post","type-post","status-publish","format-standard","has-post-thumbnail","hentry","category-polityka","category-start"],"_links":{"self":[{"href":"https:\/\/kuriercodziennychicago.com\/index.php\/wp-json\/wp\/v2\/posts\/2789","targetHints":{"allow":["GET"]}}],"collection":[{"href":"https:\/\/kuriercodziennychicago.com\/index.php\/wp-json\/wp\/v2\/posts"}],"about":[{"href":"https:\/\/kuriercodziennychicago.com\/index.php\/wp-json\/wp\/v2\/types\/post"}],"author":[{"embeddable":true,"href":"https:\/\/kuriercodziennychicago.com\/index.php\/wp-json\/wp\/v2\/users\/1"}],"replies":[{"embeddable":true,"href":"https:\/\/kuriercodziennychicago.com\/index.php\/wp-json\/wp\/v2\/comments?post=2789"}],"version-history":[{"count":1,"href":"https:\/\/kuriercodziennychicago.com\/index.php\/wp-json\/wp\/v2\/posts\/2789\/revisions"}],"predecessor-version":[{"id":2791,"href":"https:\/\/kuriercodziennychicago.com\/index.php\/wp-json\/wp\/v2\/posts\/2789\/revisions\/2791"}],"wp:featuredmedia":[{"embeddable":true,"href":"https:\/\/kuriercodziennychicago.com\/index.php\/wp-json\/wp\/v2\/media\/2790"}],"wp:attachment":[{"href":"https:\/\/kuriercodziennychicago.com\/index.php\/wp-json\/wp\/v2\/media?parent=2789"}],"wp:term":[{"taxonomy":"category","embeddable":true,"href":"https:\/\/kuriercodziennychicago.com\/index.php\/wp-json\/wp\/v2\/categories?post=2789"},{"taxonomy":"post_tag","embeddable":true,"href":"https:\/\/kuriercodziennychicago.com\/index.php\/wp-json\/wp\/v2\/tags?post=2789"}],"curies":[{"name":"wp","href":"https:\/\/api.w.org\/{rel}","templated":true}]}}