{"id":2856,"date":"2023-01-07T18:37:13","date_gmt":"2023-01-08T00:37:13","guid":{"rendered":"https:\/\/kuriercodziennychicago.com\/?p=2856"},"modified":"2023-01-07T18:37:13","modified_gmt":"2023-01-08T00:37:13","slug":"swieta-genowefa-dziewica-radzili-sie-jej-zarowno-ludzie-prosci-jak-i-krolowie","status":"publish","type":"post","link":"https:\/\/kuriercodziennychicago.com\/index.php\/2023\/01\/07\/swieta-genowefa-dziewica-radzili-sie-jej-zarowno-ludzie-prosci-jak-i-krolowie\/","title":{"rendered":"\u015awi\u0119ta Genowefa, dziewica. Radzili si\u0119 jej zar\u00f3wno ludzie pro\u015bci, jak i kr\u00f3lowie"},"content":{"rendered":"\n<p><strong>Genowefa urodzi\u0142a si\u0119 w 422 r. w Nanterre pod Pary\u017cem. Pochodzi\u0142a z rycerskiego rodu. Gdy mia\u0142a siedem lat, przyby\u0142 do jej rodzinnej wioski \u015bw. German, biskup Auxerre, w celu zwalczania herezji Pelagiusza (kt\u00f3ry kwestionowa\u0142 dziedziczenie grzechu pierworodnego i potrzeb\u0119 \u0142aski u\u015bwi\u0119caj\u0105cej). Dziewczynka sta\u0142a w\u015br\u00f3d t\u0142umu, kt\u00f3ry zgromadzi\u0142 si\u0119 wok\u00f3\u0142 \u015bwi\u0105tobliwego przybysza. \u015aw. German dostrzeg\u0142 j\u0105 i przepowiedzia\u0142, \u017ce zostanie \u015bwi\u0119t\u0105. Ofiarowa\u0142 jej tak\u017ce krzy\u017c, z kt\u00f3rym Genowefa nie rozstawa\u0142a si\u0119 nigdy. Za zezwoleniem rodzic\u00f3w odda\u0142a si\u0119 uczynkom pokutnym i dzie\u0142om mi\u0142osierdzia. Po \u015bmierci rodzic\u00f3w uda\u0142a si\u0119 do Pary\u017ca, gdzie zamieszka\u0142a ze swoj\u0105 matk\u0105 chrzestn\u0105. Tam z r\u0105k miejscowego biskupa otrzyma\u0142a welon dziewicy po\u015blubionej Panu Bogu. Nied\u0142ugo zacz\u0119\u0142a gromadzi\u0107 wok\u00f3\u0142 siebie inne kobiety i zaprawia\u0107 je do podobnego trybu \u017cycia. Utrzymywa\u0142y si\u0119 one z pracy swoich r\u0105k, a wolny czas po\u015bwi\u0119ca\u0142y odwiedzaniu chorych i niesieniu pomocy opuszczonym.<\/strong><\/p>\n\n\n<div class=\"wp-block-image\">\n<figure class=\"alignleft size-full\"><img decoding=\"async\" width=\"260\" height=\"194\" src=\"https:\/\/kuriercodziennychicago.com\/wp-content\/uploads\/2023\/01\/index.jpg\" alt=\"\" class=\"wp-image-2857\"\/><\/figure>\n<\/div>\n\n\n<p>Prowadz\u0105c \u017cycie ascetyczne, pe\u0142ne gorliwo\u015bci i wyrzecze\u0144, Genowefa oddzia\u0142ywa\u0142a szeroko poprzez swoj\u0105 duchowo\u015b\u0107. Kilkakrotnie stawa\u0142a si\u0119 wybawicielk\u0105 Pary\u017ca. W roku 451 w mie\u015bcie powsta\u0142 pop\u0142och na wie\u015b\u0107 o nadci\u0105gaj\u0105cych Hunach pod wodz\u0105 Attyli &#8211; obawiano si\u0119 najazdu hordy. Genowefa zach\u0119ca\u0142a do zachowania spokoju, przepowiadaj\u0105c, \u017ce B\u00f3g ochroni miasto, je\u015bli jego mieszka\u0144cy podejm\u0105 modlitw\u0119 i post. Rzeczywi\u015bcie, Attyla skierowa\u0142 swoje wojsko w inn\u0105 stron\u0119. Omin\u0105\u0142 Francj\u0119 i uda\u0142 si\u0119 do Italii. Gdy mieszka\u0144com Pary\u017ca grozi\u0142 g\u0142\u00f3d, zorganizowa\u0142a flotyll\u0119 rzeczn\u0105, kt\u00f3ra zaopatrzy\u0142a miasto w \u017cywno\u015b\u0107.<\/p>\n\n\n\n<p>Do ubogiego domku Genowefy przychodzili nie tylko ludzie pro\u015bci, ale tak\u017ce i mo\u017cni, by prosi\u0107 j\u0105 o modlitw\u0119 i rad\u0119. W\u015br\u00f3d nich znale\u017ali si\u0119 r\u00f3wnie\u017c kr\u00f3lowie Francji &#8211; Childeryk i Chlodwig. Pan B\u00f3g nie szcz\u0119dzi\u0142 Genowefie trudnych pr\u00f3b. Dr\u0119czy\u0142y j\u0105 liczne dolegliwo\u015bci fizyczne, kt\u00f3re znosi\u0142a z heroiczn\u0105 cierpliwo\u015bci\u0105. Spotyka\u0142y j\u0105 niemniej przykre prze\u015bladowania ze strony przewrotnych ludzi. Okrzyczano j\u0105 nawet czarownic\u0105 i usi\u0142owano spali\u0107.<\/p>\n\n\n\n<p>Zmar\u0142a w s\u0119dziwym wieku 3 stycznia 500 lub 502 r. Pochowano j\u0105 na podmiejskim cmentarzu Lucotius, nazwanym p\u00f3\u017aniej jej imieniem. Kr\u00f3l Chlodwig I wzni\u00f3s\u0142 tam ko\u015bci\u00f3\u0142 pod jej wezwaniem. Od XII w. opiek\u0119 nad jej kultem sprawowali kanonicy zwani genowefianami. W 1757 r. rozpocz\u0119to budow\u0119 klasycystycznego ko\u015bcio\u0142a \u015bw. Genowefy, kt\u00f3ry w czasie rewolucji francuskiej zmieniony zosta\u0142 na Panteon. W 1793 r. spalono jej relikwiarz. Obecnie miejscem jej kultu jest paryski ko\u015bci\u00f3\u0142 \u015bw. Stefana ze Wzg\u00f3rza (St. Etienne-du-Mond), gdzie znajduj\u0105 si\u0119 resztki zniszczonego sarkofagu. Corocznie od 3 do 12 stycznia trwa w nim uroczysta nowenna ku czci g\u0142\u00f3wnej patronki miasta. Wspominane jest niezwyk\u0142e wydarzenie z 1129 r., kiedy to procesja z relikwiami \u015bw. Genowefy powstrzyma\u0142a epidemi\u0119 zatru\u0107 sporyszem (paso\u017cytniczym grzybem atakuj\u0105cym zbo\u017ca), dziesi\u0105tkuj\u0105c\u0105 ludno\u015b\u0107 Pary\u017ca.<\/p>\n\n\n\n<p>Genowefa jest patronk\u0105 dziewic, pasterzy, producent\u00f3w \u015bwiec woskowych, rybak\u00f3w, rzemie\u015blnik\u00f3w, w\u0142a\u015bcicieli sk\u0142ad\u00f3w win i \u017co\u0142nierzy.<\/p>\n\n\n\n<p>W ikonografii \u015bw. Genowefa przedstawiana jest jako m\u0142oda mniszka lub pasterka pas\u0105ca owce. Malowana tak\u017ce z dwoma kluczami Pary\u017ca, zawieszonymi u pasa; ukazywana, gdy przywraca wzrok, a tak\u017ce ze \u015bwiec\u0105, kt\u00f3r\u0105 &#8211; wed\u0142ug legendy &#8211; zdmuchiwa\u0142 diabe\u0142 podczas modlitwy, a anio\u0142 zapala\u0142 z powrotem. Jej atrybutami s\u0105: anio\u0142 i ksi\u0119ga, czasza, k\u0105dziel, kij pasterski, dwa klucze, medalik, naczynie; niewidomy, kt\u00f3rego uzdrawia; owca.<\/p>\n\n\n\n<blockquote class=\"wp-block-quote is-layout-flow wp-block-quote-is-layout-flow\">\n<p><em>brewiarz.pl<\/em><\/p>\n<\/blockquote>\n","protected":false},"excerpt":{"rendered":"<p>Genowefa urodzi\u0142a si\u0119 w 422 r. w Nanterre pod Pary\u017cem. Pochodzi\u0142a z rycerskiego rodu. Gdy mia\u0142a siedem lat,<\/p>\n","protected":false},"author":1,"featured_media":2857,"comment_status":"closed","ping_status":"closed","sticky":false,"template":"","format":"standard","meta":{"footnotes":""},"categories":[3,9],"tags":[],"class_list":["post-2856","post","type-post","status-publish","format-standard","has-post-thumbnail","hentry","category-religia","category-start"],"_links":{"self":[{"href":"https:\/\/kuriercodziennychicago.com\/index.php\/wp-json\/wp\/v2\/posts\/2856","targetHints":{"allow":["GET"]}}],"collection":[{"href":"https:\/\/kuriercodziennychicago.com\/index.php\/wp-json\/wp\/v2\/posts"}],"about":[{"href":"https:\/\/kuriercodziennychicago.com\/index.php\/wp-json\/wp\/v2\/types\/post"}],"author":[{"embeddable":true,"href":"https:\/\/kuriercodziennychicago.com\/index.php\/wp-json\/wp\/v2\/users\/1"}],"replies":[{"embeddable":true,"href":"https:\/\/kuriercodziennychicago.com\/index.php\/wp-json\/wp\/v2\/comments?post=2856"}],"version-history":[{"count":1,"href":"https:\/\/kuriercodziennychicago.com\/index.php\/wp-json\/wp\/v2\/posts\/2856\/revisions"}],"predecessor-version":[{"id":2858,"href":"https:\/\/kuriercodziennychicago.com\/index.php\/wp-json\/wp\/v2\/posts\/2856\/revisions\/2858"}],"wp:featuredmedia":[{"embeddable":true,"href":"https:\/\/kuriercodziennychicago.com\/index.php\/wp-json\/wp\/v2\/media\/2857"}],"wp:attachment":[{"href":"https:\/\/kuriercodziennychicago.com\/index.php\/wp-json\/wp\/v2\/media?parent=2856"}],"wp:term":[{"taxonomy":"category","embeddable":true,"href":"https:\/\/kuriercodziennychicago.com\/index.php\/wp-json\/wp\/v2\/categories?post=2856"},{"taxonomy":"post_tag","embeddable":true,"href":"https:\/\/kuriercodziennychicago.com\/index.php\/wp-json\/wp\/v2\/tags?post=2856"}],"curies":[{"name":"wp","href":"https:\/\/api.w.org\/{rel}","templated":true}]}}