{"id":2859,"date":"2023-01-07T18:38:40","date_gmt":"2023-01-08T00:38:40","guid":{"rendered":"https:\/\/kuriercodziennychicago.com\/?p=2859"},"modified":"2023-01-07T18:38:40","modified_gmt":"2023-01-08T00:38:40","slug":"wybor-polityki-pod-niemieckim-butem","status":"publish","type":"post","link":"https:\/\/kuriercodziennychicago.com\/index.php\/2023\/01\/07\/wybor-polityki-pod-niemieckim-butem\/","title":{"rendered":"Wyb\u00f3r polityki pod niemieckim butem"},"content":{"rendered":"<div class=\"wp-block-image is-style-rounded\">\n<figure class=\"alignleft size-full is-resized\"><img decoding=\"async\" src=\"https:\/\/kuriercodziennychicago.com\/wp-content\/uploads\/2022\/06\/Pilka-Marian.jpeg\" alt=\"\" class=\"wp-image-487\" width=\"67\" height=\"67\" srcset=\"https:\/\/kuriercodziennychicago.com\/wp-content\/uploads\/2022\/06\/Pilka-Marian.jpeg 400w, https:\/\/kuriercodziennychicago.com\/wp-content\/uploads\/2022\/06\/Pilka-Marian-300x300.jpeg 300w, https:\/\/kuriercodziennychicago.com\/wp-content\/uploads\/2022\/06\/Pilka-Marian-150x150.jpeg 150w, https:\/\/kuriercodziennychicago.com\/wp-content\/uploads\/2022\/06\/Pilka-Marian-250x250.jpeg 250w\" sizes=\"(max-width: 67px) 100vw, 67px\" \/><\/figure>\n<\/div>\n\n\n<blockquote class=\"wp-block-quote is-layout-flow wp-block-quote-is-layout-flow\">\n<h3 class=\"wp-block-heading\"><a href=\"https:\/\/wpolityce.pl\/autorzy\/380-marian-pilka\">Marian Pi\u0142ka<\/a><\/h3>\n\n\n\n<p>Historyk, publicysta, ekspert Instytutu Ordo Caritatis, cz\u0142onek Prawicy Rzeczypospolitej. Pose\u0142 na Sejm I, III, IV i V kadencji. Radny Sejmiku wojew\u00f3dztwa mazowieckiego V kadencji. Od po\u0142owy lat 70. anga\u017cowa\u0142 si\u0119 w dzia\u0142alno\u015b\u0107 opozycyjn\u0105. W latach 1977\u20131978 dzia\u0142a\u0142 w Ruchu Obrony Praw Cz\u0142owieka i Obywatela. W latach 80. uczestniczy\u0142 w dzia\u0142alno\u015bci Ruchu M\u0142odej Polski. W czasie stanu wojennego internowany przez okres oko\u0142o roku. 19 kwietnia 2007 zadeklarowa\u0142 odej\u015bcie z Prawa i Sprawiedliwo\u015bci, a dzie\u0144 p\u00f3\u017aniej przyst\u0105pi\u0142 do nowo tworzonej Prawicy Rzeczypospolitej.<\/p>\n<\/blockquote>\n\n\n\n<p><strong>Niemiecka koncepcja zako\u0144czenia wojny na&nbsp;Ukrainie zagra\u017ca bezpiecze\u0144stwu Polski<\/strong>. Ich celem jest uratowanie Rosji, a&nbsp;nie jej pokonanie. Dlatego tylko <strong>pozoruj\u0105 pomoc dla Ukrainy<\/strong>. Szybki pok\u00f3j, kosztem Ukrainy, nie tylko ratowa\u0142by twarz Moskwie, ale dawa\u0142by Rosji czas na&nbsp;odbudow\u0119 swojego potencja\u0142u militarnego i&nbsp;zaatakowanie za&nbsp;kilka lat, gdy USA b\u0119d\u0105 w&nbsp;znacznie wi\u0119kszym zakresie zaanga\u017cowane w&nbsp;Azji i&nbsp;Pacyfiku. Wtedy Amerykanie nie b\u0119d\u0105 w&nbsp;stanie anga\u017cowa\u0107 si\u0119 w&nbsp;Europie w&nbsp;takim zakresie, jak to&nbsp;ma&nbsp;miejsce obecnie. \u017beby zawrze\u0107 szybki pok\u00f3j na&nbsp;Ukrainie, trzeba by&nbsp;Polska ograniczy\u0142a w\u0142asne zaanga\u017cowanie w&nbsp;pomoc&nbsp;Ukrainie.&nbsp;<\/p>\n\n\n\n<figure class=\"wp-block-image size-large\"><img decoding=\"async\" width=\"1024\" height=\"667\" src=\"https:\/\/kuriercodziennychicago.com\/wp-content\/uploads\/2023\/01\/20200703054138-5efec5129a23f-1024x667.jpg\" alt=\"\" class=\"wp-image-2860\" srcset=\"https:\/\/kuriercodziennychicago.com\/wp-content\/uploads\/2023\/01\/20200703054138-5efec5129a23f-1024x667.jpg 1024w, https:\/\/kuriercodziennychicago.com\/wp-content\/uploads\/2023\/01\/20200703054138-5efec5129a23f-300x195.jpg 300w, https:\/\/kuriercodziennychicago.com\/wp-content\/uploads\/2023\/01\/20200703054138-5efec5129a23f-768x500.jpg 768w, https:\/\/kuriercodziennychicago.com\/wp-content\/uploads\/2023\/01\/20200703054138-5efec5129a23f.jpg 1413w\" sizes=\"(max-width: 1024px) 100vw, 1024px\" \/><\/figure>\n\n\n\n<p>Potrzebna jest w\u0142adza, kt\u00f3ra uznaje niemieckie przyw\u00f3dztwo Europy (Tusk dzi\u0119kuj\u0105cy Berlinowi za&nbsp;\u201eb\u0142ogos\u0142awione\u201d przyw\u00f3dztwo Europy) i&nbsp;realizuje jej strategi\u0119 wobec Ukrainy i&nbsp;Rosji. Tak jak to&nbsp;mia\u0142o w&nbsp;20214 roku gdy minister Sikorski straszy\u0142 Ukrai\u0144c\u00f3w i&nbsp;wymusza\u0142 ich kapitulacj\u0119 wobec rosyjskich \u017c\u0105da\u0144. U\u017cycie Polski do&nbsp;tak haniebnej polityki ma&nbsp;na&nbsp;celu zrzucenie na&nbsp;Polsk\u0119 odpowiedzialno\u015bci za&nbsp;szanta\u017c Ukrainy, zmuszenie jej do&nbsp;ust\u0119pstw i&nbsp;uratowanie twarzy Berlinowi. <strong>To&nbsp;tak\u017ce koncepcja uprzedmiotowienia Polski pod niemieckim butem.<\/strong> Dlatego popieranie polityki niemieckiej, kt\u00f3ra ju\u017c za&nbsp;parawanem Unii Europejskiej prowadzi polityk\u0119 destrukcji polskiej polityki i&nbsp;blokowania polskich szans rozwojowych (blokowanie rozwoju energetyki j\u0105drowej, pr\u00f3ba zablokowania rozbudowy portu w&nbsp;\u015awinouj\u015bciu, szlaku wodnego na&nbsp;Odrze, niszczenie polskiej energetyki w\u0119glowej itp.) jest przejawem bezmy\u015blno\u015bci i&nbsp;umys\u0142owego&nbsp;zniewolenia.<\/p>\n","protected":false},"excerpt":{"rendered":"<p>Marian Pi\u0142ka Historyk, publicysta, ekspert Instytutu Ordo Caritatis, cz\u0142onek Prawicy Rzeczypospolitej. Pose\u0142 na Sejm I, III, IV i<\/p>\n","protected":false},"author":1,"featured_media":2860,"comment_status":"closed","ping_status":"closed","sticky":false,"template":"","format":"standard","meta":{"footnotes":""},"categories":[2,9],"tags":[],"class_list":["post-2859","post","type-post","status-publish","format-standard","has-post-thumbnail","hentry","category-polityka","category-start"],"_links":{"self":[{"href":"https:\/\/kuriercodziennychicago.com\/index.php\/wp-json\/wp\/v2\/posts\/2859","targetHints":{"allow":["GET"]}}],"collection":[{"href":"https:\/\/kuriercodziennychicago.com\/index.php\/wp-json\/wp\/v2\/posts"}],"about":[{"href":"https:\/\/kuriercodziennychicago.com\/index.php\/wp-json\/wp\/v2\/types\/post"}],"author":[{"embeddable":true,"href":"https:\/\/kuriercodziennychicago.com\/index.php\/wp-json\/wp\/v2\/users\/1"}],"replies":[{"embeddable":true,"href":"https:\/\/kuriercodziennychicago.com\/index.php\/wp-json\/wp\/v2\/comments?post=2859"}],"version-history":[{"count":1,"href":"https:\/\/kuriercodziennychicago.com\/index.php\/wp-json\/wp\/v2\/posts\/2859\/revisions"}],"predecessor-version":[{"id":2861,"href":"https:\/\/kuriercodziennychicago.com\/index.php\/wp-json\/wp\/v2\/posts\/2859\/revisions\/2861"}],"wp:featuredmedia":[{"embeddable":true,"href":"https:\/\/kuriercodziennychicago.com\/index.php\/wp-json\/wp\/v2\/media\/2860"}],"wp:attachment":[{"href":"https:\/\/kuriercodziennychicago.com\/index.php\/wp-json\/wp\/v2\/media?parent=2859"}],"wp:term":[{"taxonomy":"category","embeddable":true,"href":"https:\/\/kuriercodziennychicago.com\/index.php\/wp-json\/wp\/v2\/categories?post=2859"},{"taxonomy":"post_tag","embeddable":true,"href":"https:\/\/kuriercodziennychicago.com\/index.php\/wp-json\/wp\/v2\/tags?post=2859"}],"curies":[{"name":"wp","href":"https:\/\/api.w.org\/{rel}","templated":true}]}}