{"id":2910,"date":"2023-01-07T18:58:22","date_gmt":"2023-01-08T00:58:22","guid":{"rendered":"https:\/\/kuriercodziennychicago.com\/?p=2910"},"modified":"2023-01-07T18:58:23","modified_gmt":"2023-01-08T00:58:23","slug":"zastrzele-ciebie-a-grob-zaorze-morderca-frydman","status":"publish","type":"post","link":"https:\/\/kuriercodziennychicago.com\/index.php\/2023\/01\/07\/zastrzele-ciebie-a-grob-zaorze-morderca-frydman\/","title":{"rendered":"&#8222;Zastrzel\u0119 ciebie, a gr\u00f3b zaorz\u0119&#8221;. Morderca Frydman"},"content":{"rendered":"<div class=\"wp-block-image is-style-rounded\">\n<figure class=\"alignleft size-full is-resized\"><img decoding=\"async\" src=\"https:\/\/kuriercodziennychicago.com\/wp-content\/uploads\/2022\/05\/pluzanski-edited.jpg\" alt=\"\" class=\"wp-image-93\" width=\"46\" height=\"61\"\/><\/figure>\n<\/div>\n\n\n<h2 class=\"wp-block-heading\">Tadeusz P\u0142u\u017ca\u0144ski<\/h2>\n\n\n\n<p>\u201eZastrzel\u0119 ciebie, a gr\u00f3b zaorz\u0119, aby ci Anders pomnika nie m\u00f3g\u0142 postawi\u0107\u201d \u2013 m\u00f3wi\u0142 po \u201ewyzwoleniu\u201d Polski przez komunist\u00f3w do jednego z mordowanych polskich niepodleg\u0142o\u015bciowc\u00f3w Mateusz Frydman, podpu\u0142kownik, wysoki funkcjonariusz Informacji Wojskowej. W tych s\u0142owach kryje si\u0119 szata\u0144ski plan bolszewik\u00f3w: Polak\u00f3w wymordowa\u0107, a ich szcz\u0105tki zakopa\u0107 w bezimiennych do\u0142ach, aby nigdy nie mieli swoich grob\u00f3w.<\/p>\n\n\n\n<p>Mateusz Frydman urodzi\u0142 si\u0119 w 1908 roku w \u0141owiczku (powiat Nieszawa). Uko\u0144czy\u0142 trzy lata szko\u0142y powszechnej. Od 1927 roku nale\u017ca\u0142 do terrorystycznej Komunistycznej Partii Polski.&nbsp;<\/p>\n\n\n\n<p>W polskiej wojnie obronnej 1939 roku s\u0142u\u017cy\u0142 jako szeregowiec 14 pu\u0142ku piechoty. W 1941 roku trafi\u0142 tam, gdzie jako sowieckiego funkcjonariusza skierowa\u0142 go Komintern \u2013 do Armii Czerwonej. Od 10 czerwca 1944 roku przeniesiony jak wielu innych zdrajc\u00f3w przedwojennej Rzeczpospolitej do \u201eludowego\u201d Wojska Polskiego, gdzie on i jemu podobni pe\u0142nili obowi\u0105zki Polak\u00f3w.<\/p>\n\n\n<div class=\"wp-block-image\">\n<figure class=\"aligncenter size-full\"><img decoding=\"async\" width=\"477\" height=\"600\" src=\"https:\/\/kuriercodziennychicago.com\/wp-content\/uploads\/2023\/01\/500_1500_matched__file-05315fb275d28107b40c8490ab4ead7e.png\" alt=\"\" class=\"wp-image-2911\" srcset=\"https:\/\/kuriercodziennychicago.com\/wp-content\/uploads\/2023\/01\/500_1500_matched__file-05315fb275d28107b40c8490ab4ead7e.png 477w, https:\/\/kuriercodziennychicago.com\/wp-content\/uploads\/2023\/01\/500_1500_matched__file-05315fb275d28107b40c8490ab4ead7e-239x300.png 239w\" sizes=\"(max-width: 477px) 100vw, 477px\" \/><\/figure>\n<\/div>\n\n\n<p>Zbrodnicze cechy Frydmana w pe\u0142ni ujawni\u0142y si\u0119 od stycznia 1945 roku, kiedy zosta\u0142 funkcjonariuszem komunistycznego kontrwywiadu wojskowego: G\u0142\u00f3wnego Zarz\u0105du Informacji WP. Zaczyna\u0142 \u201eniewinnie\u201d w roli t\u0142umacza, ale szybko dostrze\u017cono jego ponadprzeci\u0119tne cechy okrutnika i zosta\u0142 \u201eoficerem\u201d \u015bledczym tej zbrodniczej instytucji \u2013 historycy s\u0105 zgodni, \u017ce jeszcze gorszej od bezpieki cywilnej. Frydman nie zawi\u00f3d\u0142 pok\u0142adanych w nim nadziei, dzi\u0119ki czemu pi\u0105\u0142 si\u0119 po szczeblach czekistowskiej kariery.<br>W \u201eodwil\u017cowym\u201d raporcie komisji prokuratora generalnego PRL Mariana Mazura czytamy:<\/p>\n\n\n\n<p>\u201eFRYDMAN Mateusz, pp\u0142k rez., szef Sekcji \u015aledczej Informacji w Bydgoszczy (1946 i 1947 r.), z-ca szefa Wydzia\u0142u \u015aledczego GZI (1948 &#8211; czerwiec 1951), szef Wydzia\u0142u Specjalnego GZI (czerwiec 1951 &#8211; kwiecie\u0144 1953), cz\u0142onek partii, cz\u0142onek b. KBP, ponosi odpowiedzialno\u015b\u0107 za:<br>&#8211; stosowanie w okresie 1947-1951 przest\u0119pczych metod \u015bledztwa osobi\u015bcie i za zlecenie stosowania tych metod podleg\u0142ym funkcjonariuszom w celu wymuszania zezna\u0144, szczeg\u00f3lnie w spreparowanych sprawach \u201ebydgoskiej\u201d oraz \u201ezamojsko-lubelskich\u201d, przy czym jego osobisty udzia\u0142 cechowa\u0142o szczeg\u00f3lne okrucie\u0144stwo i sadyzm,<br>&#8211; przyczynienie si\u0119 ww. metodami do skazania kilkudziesi\u0119ciu ludzi w sfabrykowanych procesach na drako\u0144skie kary,<br>&#8211; tolerowanie przest\u0119pczych metod \u015bledztwa i prac operacyjnych Informacji wbrew swemu podstawowemu obowi\u0105zkowi jako szefa Wydzia\u0142u Specjalnego G\u0142\u00f3wnego Zarz\u0105du Informacji w latach 1951-1953\u201d.<\/p>\n\n\n\n<h2 class=\"wp-block-heading\">Na cztery \u0142apy<\/h2>\n\n\n\n<p>Mimo tych powa\u017cnych zarzut\u00f3w opisuj\u0105cych rzecz jasna tylko niewielk\u0105 cz\u0119\u015b\u0107 zbrodni Frydmana, rzeczony nie poni\u00f3s\u0142 \u017cadnej odpowiedzialno\u015bci, bo\u2026 ponie\u015b\u0107 nie m\u00f3g\u0142. Komisja Mazura mia\u0142a bowiem przede wszystkim charakter propagandowy \u2013 mia\u0142a \u201eujawni\u0107 b\u0142\u0119dy i wypaczenia\u201d minionego etapu bolszewizmu, aby komunizm w Polsce (i pozosta\u0142ych podbitych oraz skolonizowanych krajach) m\u00f3g\u0142 dalej trwa\u0107, ba &#8211; rozwija\u0107 si\u0119 &#8211; \u201eoczyszczony\u201d ze z\u0142og\u00f3w \u201estalinowszczyzny\u201d, zgodnie z now\u0105 doktryn\u0105 dalszego trwania czerwonej dyktatury, czyli \u201echruszczowszczyzny\u201d.<\/p>\n\n\n\n<p>Po 1953 roku krwawy oprawca Mateusz Frydman spad\u0142 \u2013 zn\u00f3w zgodnie z m\u0105dro\u015bci\u0105 etapu &#8211; na cztery \u0142apy, przenosz\u0105c si\u0119 z Informacji Wojskowej do Wojskowej Komisji Uzupe\u0142nie\u0144 w \u0141odzi, kt\u00f3rej zosta\u0142 komendantem. Zbrodniarz nigdy nie zosta\u0142 ukarany.<\/p>\n","protected":false},"excerpt":{"rendered":"<p>Tadeusz P\u0142u\u017ca\u0144ski \u201eZastrzel\u0119 ciebie, a gr\u00f3b zaorz\u0119, aby ci Anders pomnika nie m\u00f3g\u0142 postawi\u0107\u201d \u2013 m\u00f3wi\u0142 po \u201ewyzwoleniu\u201d<\/p>\n","protected":false},"author":1,"featured_media":2911,"comment_status":"closed","ping_status":"closed","sticky":false,"template":"","format":"standard","meta":{"footnotes":""},"categories":[4,9],"tags":[],"class_list":["post-2910","post","type-post","status-publish","format-standard","has-post-thumbnail","hentry","category-publicystyka","category-start"],"_links":{"self":[{"href":"https:\/\/kuriercodziennychicago.com\/index.php\/wp-json\/wp\/v2\/posts\/2910","targetHints":{"allow":["GET"]}}],"collection":[{"href":"https:\/\/kuriercodziennychicago.com\/index.php\/wp-json\/wp\/v2\/posts"}],"about":[{"href":"https:\/\/kuriercodziennychicago.com\/index.php\/wp-json\/wp\/v2\/types\/post"}],"author":[{"embeddable":true,"href":"https:\/\/kuriercodziennychicago.com\/index.php\/wp-json\/wp\/v2\/users\/1"}],"replies":[{"embeddable":true,"href":"https:\/\/kuriercodziennychicago.com\/index.php\/wp-json\/wp\/v2\/comments?post=2910"}],"version-history":[{"count":1,"href":"https:\/\/kuriercodziennychicago.com\/index.php\/wp-json\/wp\/v2\/posts\/2910\/revisions"}],"predecessor-version":[{"id":2912,"href":"https:\/\/kuriercodziennychicago.com\/index.php\/wp-json\/wp\/v2\/posts\/2910\/revisions\/2912"}],"wp:featuredmedia":[{"embeddable":true,"href":"https:\/\/kuriercodziennychicago.com\/index.php\/wp-json\/wp\/v2\/media\/2911"}],"wp:attachment":[{"href":"https:\/\/kuriercodziennychicago.com\/index.php\/wp-json\/wp\/v2\/media?parent=2910"}],"wp:term":[{"taxonomy":"category","embeddable":true,"href":"https:\/\/kuriercodziennychicago.com\/index.php\/wp-json\/wp\/v2\/categories?post=2910"},{"taxonomy":"post_tag","embeddable":true,"href":"https:\/\/kuriercodziennychicago.com\/index.php\/wp-json\/wp\/v2\/tags?post=2910"}],"curies":[{"name":"wp","href":"https:\/\/api.w.org\/{rel}","templated":true}]}}