{"id":2945,"date":"2023-01-10T17:44:34","date_gmt":"2023-01-10T23:44:34","guid":{"rendered":"https:\/\/kuriercodziennychicago.com\/?p=2945"},"modified":"2023-01-10T17:44:35","modified_gmt":"2023-01-10T23:44:35","slug":"czy-rosja-straci-czesc-terytorium","status":"publish","type":"post","link":"https:\/\/kuriercodziennychicago.com\/index.php\/2023\/01\/10\/czy-rosja-straci-czesc-terytorium\/","title":{"rendered":"Czy Rosja straci cz\u0119\u015b\u0107 terytorium?"},"content":{"rendered":"<div class=\"wp-block-image is-style-rounded\">\n<figure class=\"alignleft size-full is-resized\"><img decoding=\"async\" src=\"https:\/\/kuriercodziennychicago.com\/wp-content\/uploads\/2022\/05\/czarnecki-ryszard.jpg\" alt=\"\" class=\"wp-image-39\" width=\"89\" height=\"67\"\/><\/figure>\n<\/div>\n\n\n<blockquote class=\"wp-block-quote is-layout-flow wp-block-quote-is-layout-flow\">\n<h2 class=\"wp-block-heading\">Ryszard Czarnecki<\/h2>\n<\/blockquote>\n\n\n\n<p>Ostatnio w modzie temat rozbioru Rosji. Mi\u0142o si\u0119 czyta, mi\u0142o si\u0119 s\u0142ucha, bo ,zdaje si\u0119, karma wraca: to przecie\u017c pa\u0144stwo, kt\u00f3re trzykrotnie dokona\u0142o rozbioru Polski w ostatnich trzech dekadach XVIII wieku. Teraz pojawi\u0142a si\u0119 fala spekulacji zar\u00f3wno w Europie, jak i w Ameryce. Na Starym Kontynencie za spraw\u0105 szefa wywiadu wojskowego Ukrainy genera\u0142a Kyry\u0142o Budanowa: przy okazji wywiadu, kt\u00f3ry udziela\u0142 dla jednego z portali, dziennikarze zwr\u00f3cili uwag\u0119 na \u201enow\u0105\u201d map\u0119 Rosji. Wed\u0142ug tej \u201ewizji\u201d Federacja Rosyjska nie ma Wysp Kurylskich \u2013 bo trafi\u0105 one z powrotem do Japonii, Rosja jest te\u017c pozbawiona Karelii kt\u00f3ra wraca do Finlandii, olbrzymie po\u0142acie Dalekiego Wschodu przypisane s\u0105 Chinom, a cz\u0119\u015b\u0107 Rosji, a konkretnie administracyjne obwody ze stolicami w Kursku, Bie\u0142gorodzie, a tak\u017ce Kuba\u0144\u2026 s\u0105 cz\u0119\u015bci\u0105 Ukrainy. Dodajmy, \u017ce Obw\u00f3d Kr\u00f3lewiecki (kaliningradzki) wed\u0142ug tego ukrai\u0144skiego projektu jest te\u017c &#8222;odspawany&#8221; od Rosji, ale przypisano go nie Polsce, ani nawet Polsce i Litwie, tylko&#8230; Niemcom !<\/p>\n\n\n\n<figure class=\"wp-block-image size-full\"><img decoding=\"async\" width=\"740\" height=\"416\" src=\"https:\/\/kuriercodziennychicago.com\/wp-content\/uploads\/2023\/01\/j5mxr4e2v2q4v7d89y9exwd6g9wnfz3k.jpg\" alt=\"\" class=\"wp-image-2946\" srcset=\"https:\/\/kuriercodziennychicago.com\/wp-content\/uploads\/2023\/01\/j5mxr4e2v2q4v7d89y9exwd6g9wnfz3k.jpg 740w, https:\/\/kuriercodziennychicago.com\/wp-content\/uploads\/2023\/01\/j5mxr4e2v2q4v7d89y9exwd6g9wnfz3k-300x169.jpg 300w\" sizes=\"(max-width: 740px) 100vw, 740px\" \/><\/figure>\n\n\n\n<p>Z kolei za Wielk\u0105 Wod\u0105 ameryka\u0144ski politolog polskiego pochodzenia Alexander Motyl na \u0142amach presti\u017cowego \u201eForeign Policy\u201d wprost m\u00f3wi o podziale Rosji . Zw\u0142aszcza ma to dotyczy\u0107 jej terytorium w Eurazji. Wed\u0142ug tej ameryka\u0144skiej prognozy na gruzach wielkiego 145-milionowego pa\u0144stwa rosyjskiego maj\u0105 powsta\u0107 nowe pa\u0144stwowo\u015bci ,jak cho\u0107by- wymieniam w kolejno\u015bci alfabetycznej &#8211;&nbsp;&nbsp;Baszkiria, Czeczenia, Dagestan, Jakucja oraz Tatarstan.<\/p>\n\n\n\n<h2 class=\"wp-block-heading\">&#8222;Satelita Chin&#8221;<\/h2>\n\n\n\n<p>Alternatyw\u0105 jest pozostanie Rosji w granicach zbli\u017conych do obecnych i zachowania status quo w Eurazji i Azji, ale na tyle jej os\u0142abienie, \u017ce Moskwa b\u0119dzie zmuszona sta\u0107 si\u0119 \u201esatelit\u0105 Chi\u0144skiej Republiki Ludowej\u201d i to jeszcze s\u0142abym.<\/p>\n\n\n\n<p>\u017beby by\u0142o jasne, przestrzegam przed dzieleniem sk\u00f3ry na rosyjskim nied\u017awiedziu. Dalej jest on gro\u017any i nawet je\u015bli wojna z naszym wschodnim s\u0105siadem zupe\u0142nie nie posz\u0142a po jego my\u015bli, to nie nale\u017cy Federacji Rosyjskiej nie docenia\u0107. Jeszcze du\u017co Zachodowi krwi napsuje, jeszcze zmusi Zach\u00f3d do znacz\u0105cych wydatk\u00f3w militarnych, jeszcze wymorduje niema\u0142o cywili na Ukrainie i unicestwi cz\u0119\u015b\u0107 si\u0142 ukrai\u0144skich.<\/p>\n\n\n\n<p>Jednak sam fakt, \u017ce zaczyna si\u0119 m\u00f3wi\u0107 o zmianach granic pa\u0144stwowych Rosji, ale w negatywnym dla niej scenariuszu \u015bwiadczy, \u017ce \u201eniemo\u017cliwe\u201d jest troch\u0119 bardziej \u201emo\u017cliwe\u201d. Inna sprawa, \u017ce tego typu spekulacje i pokazywanie Rosjanom gotowo\u015bci \u201erozbioru\u201d ich terytorium \u2013 cementuje opini\u0119 rosyjsk\u0105 wok\u00f3\u0142 w\u0142adzy&#8230;<\/p>\n","protected":false},"excerpt":{"rendered":"<p>Ryszard Czarnecki Ostatnio w modzie temat rozbioru Rosji. Mi\u0142o si\u0119 czyta, mi\u0142o si\u0119 s\u0142ucha, bo ,zdaje si\u0119, karma<\/p>\n","protected":false},"author":1,"featured_media":2946,"comment_status":"closed","ping_status":"closed","sticky":false,"template":"","format":"standard","meta":{"footnotes":""},"categories":[2,9],"tags":[],"class_list":["post-2945","post","type-post","status-publish","format-standard","has-post-thumbnail","hentry","category-polityka","category-start"],"_links":{"self":[{"href":"https:\/\/kuriercodziennychicago.com\/index.php\/wp-json\/wp\/v2\/posts\/2945","targetHints":{"allow":["GET"]}}],"collection":[{"href":"https:\/\/kuriercodziennychicago.com\/index.php\/wp-json\/wp\/v2\/posts"}],"about":[{"href":"https:\/\/kuriercodziennychicago.com\/index.php\/wp-json\/wp\/v2\/types\/post"}],"author":[{"embeddable":true,"href":"https:\/\/kuriercodziennychicago.com\/index.php\/wp-json\/wp\/v2\/users\/1"}],"replies":[{"embeddable":true,"href":"https:\/\/kuriercodziennychicago.com\/index.php\/wp-json\/wp\/v2\/comments?post=2945"}],"version-history":[{"count":1,"href":"https:\/\/kuriercodziennychicago.com\/index.php\/wp-json\/wp\/v2\/posts\/2945\/revisions"}],"predecessor-version":[{"id":2947,"href":"https:\/\/kuriercodziennychicago.com\/index.php\/wp-json\/wp\/v2\/posts\/2945\/revisions\/2947"}],"wp:featuredmedia":[{"embeddable":true,"href":"https:\/\/kuriercodziennychicago.com\/index.php\/wp-json\/wp\/v2\/media\/2946"}],"wp:attachment":[{"href":"https:\/\/kuriercodziennychicago.com\/index.php\/wp-json\/wp\/v2\/media?parent=2945"}],"wp:term":[{"taxonomy":"category","embeddable":true,"href":"https:\/\/kuriercodziennychicago.com\/index.php\/wp-json\/wp\/v2\/categories?post=2945"},{"taxonomy":"post_tag","embeddable":true,"href":"https:\/\/kuriercodziennychicago.com\/index.php\/wp-json\/wp\/v2\/tags?post=2945"}],"curies":[{"name":"wp","href":"https:\/\/api.w.org\/{rel}","templated":true}]}}