{"id":3019,"date":"2023-01-23T17:38:48","date_gmt":"2023-01-23T23:38:48","guid":{"rendered":"https:\/\/kuriercodziennychicago.com\/?p=3019"},"modified":"2023-01-23T17:38:49","modified_gmt":"2023-01-23T23:38:49","slug":"wspanialy-polski-swiety-biskup-jozef-pelczar","status":"publish","type":"post","link":"https:\/\/kuriercodziennychicago.com\/index.php\/2023\/01\/23\/wspanialy-polski-swiety-biskup-jozef-pelczar\/","title":{"rendered":"Wspania\u0142y polski \u015bwi\u0119ty \u2013 biskup J\u00f3zef Pelczar"},"content":{"rendered":"\n<p><strong>J\u00f3zef urodzi\u0142 si\u0119 17 stycznia 1842 roku w Korczynie ko\u0142o Krosna, w rodzinie Wojciecha i Marianny, \u015bredniozamo\u017cnych rolnik\u00f3w. Jeszcze przed urodzeniem zosta\u0142 ofiarowany Naj\u015bwi\u0119tszej Maryi Pannie przez swoj\u0105 pobo\u017cn\u0105 matk\u0119. Ochrzczony zosta\u0142 w dwa dni po urodzeniu. Wzrasta\u0142 w g\u0142\u0119boko religijnej atmosferze.<\/strong><\/p>\n\n\n\n<p>Od sz\u00f3stego roku \u017cycia by\u0142 ministrantem w ko\u015bciele parafialnym. Po uko\u0144czeniu szko\u0142y w Korczynie kontynuowa\u0142 nauk\u0119 w Rzeszowie. Zda\u0142 egzamin dojrza\u0142o\u015bci w 1860 roku i wst\u0105pi\u0142 do seminarium duchownego w Przemy\u015blu. 17 lipca 1864 r. przyj\u0105\u0142 \u015bwi\u0119cenia kap\u0142a\u0144skie. Podj\u0105\u0142 prac\u0119 jako wikariusz w Samborze. W 1865 r. zosta\u0142 skierowany na studia w Kolegium Polskim w Rzymie, na kt\u00f3rych uzyska\u0142 doktoraty z teologii i prawa kanonicznego. Oddawa\u0142 si\u0119 w tym czasie g\u0142\u0119bokiemu \u017cyciu wewn\u0119trznemu i zg\u0142\u0119bia\u0142 dzie\u0142a ascetyk\u00f3w. Zaowocowa\u0142o to jego prac\u0105 zatytu\u0142owan\u0105 <em>\u017bycie duchowe, czyli doskona\u0142o\u015b\u0107 chrze\u015bcija\u0144ska.<\/em> Przez dziesi\u0105tki lat s\u0142u\u017cy\u0142a ona zar\u00f3wno kap\u0142anom, jak i osobom \u015bwieckim.<\/p>\n\n\n\n<figure class=\"wp-block-image size-full\"><img decoding=\"async\" width=\"800\" height=\"509\" src=\"https:\/\/kuriercodziennychicago.com\/wp-content\/uploads\/2023\/01\/pelczar_prostokat.jpg\" alt=\"\" class=\"wp-image-3020\" srcset=\"https:\/\/kuriercodziennychicago.com\/wp-content\/uploads\/2023\/01\/pelczar_prostokat.jpg 800w, https:\/\/kuriercodziennychicago.com\/wp-content\/uploads\/2023\/01\/pelczar_prostokat-300x191.jpg 300w, https:\/\/kuriercodziennychicago.com\/wp-content\/uploads\/2023\/01\/pelczar_prostokat-768x489.jpg 768w\" sizes=\"(max-width: 800px) 100vw, 800px\" \/><\/figure>\n\n\n\n<p>Po powrocie do kraju w pa\u017adzierniku 1869 r. zosta\u0142 wyk\u0142adowc\u0105 teologii pastoralnej i prawa ko\u015bcielnego w seminarium przemyskim, a w latach 1877-1899 by\u0142 profesorem i rektorem Uniwersytetu Jagiello\u0144skiego. Obok zaj\u0119\u0107 uniwersyteckich by\u0142 r\u00f3wnie\u017c znakomitym kaznodziej\u0105, zajmowa\u0142 si\u0119 te\u017c dzia\u0142alno\u015bci\u0105 ko\u015bcielno-spo\u0142eczn\u0105. Odznacza\u0142 si\u0119 gorliwo\u015bci\u0105 i szczeg\u00f3lnym nabo\u017ce\u0144stwem do Naj\u015bwi\u0119tszego Sakramentu, do Serca Bo\u017cego i Naj\u015bwi\u0119tszej Maryi Panny, czemu dawa\u0142 wyraz w swej bogatej pracy pisarskiej i kaznodziejskiej. Podczas pobytu w Krakowie blisko zwi\u0105zany by\u0142 z franciszkanami konwentualnymi, mieszka\u0142 przez siedem lat w klasztorze przy ul. Franciszka\u0144skiej. W\u00f3wczas wst\u0105pi\u0142 do III Zakonu \u015bw. Franciszka, a profesj\u0119 zakonn\u0105 z\u0142o\u017cy\u0142 w Asy\u017cu, przy grobie Biedaczyny.<br>W trosce o najbardziej potrzebuj\u0105cych oraz o rozszerzenie Kr\u00f3lestwa Serca Bo\u017cego w \u015bwiecie za\u0142o\u017cy\u0142 w Krakowie w 1894 r. Zgromadzenie S\u0142u\u017cebnic Naj\u015bwi\u0119tszego Serca Jezusowego (sercanek).<br>W 1899 r. zosta\u0142 biskupem pomocniczym, a 17 grudnia 1900 r. ordynariuszem diecezji przemyskiej. Jako gorliwy arcypasterz dba\u0142 o \u015bwi\u0119to\u015b\u0107 diecezji. By\u0142 m\u0119\u017cem modlitwy, z kt\u00f3rej czerpa\u0142 natchnienie i moc do pracy apostolskiej. Ubodzy i chorzy byli zawsze przedmiotem jego szczeg\u00f3lnej troski. Jego rz\u0105dy by\u0142y czasem wielkiej troski o podniesienie poziomu wiedzy duchowie\u0144stwa i wiernych. W tym celu cz\u0119sto gromadzi\u0142 ksi\u0119\u017cy na zebrania i konferencje oraz pisa\u0142 wiele list\u00f3w pasterskich. Popiera\u0142 bractwa i sodalicj\u0119 maria\u0144sk\u0105. Przeprowadzi\u0142 tak\u017ce reform\u0119 nauczania religii w szko\u0142ach podstawowych. Z jego inicjatywy powsta\u0142 w diecezji Zwi\u0105zek Katolicko-Spo\u0142eczny. Zwi\u0119kszy\u0142 o 57 liczb\u0119 plac\u00f3wek duszpasterskich. Dzi\u0119ki pomocy biskupa sufragana Karola Fischera dokonywa\u0142 cz\u0119sto wizytacji kanonicznych w parafiach.<br>W 1901 roku powo\u0142a\u0142 do \u017cycia redakcj\u0119 miesi\u0119cznika <em>Kronika Diecezji Przemyskiej.<\/em> W 1902 roku urz\u0105dzi\u0142 bibliotek\u0119 i muzeum diecezjalne, za\u0142o\u017cy\u0142 Ma\u0142e Seminarium i odnowi\u0142 katedr\u0119 przemysk\u0105. Jako jedyny biskup w tamtych czasach, pomimo zabor\u00f3w, odwa\u017cy\u0142 si\u0119 w 1902 roku zwo\u0142a\u0107 synod diecezjalny po 179 latach przerwy, aby oprze\u0107 dzia\u0142alno\u015b\u0107 duszpastersk\u0105 na mocnym fundamencie prawa ko\u015bcielnego. W\u015br\u00f3d tych wszechstronnych zaj\u0119\u0107 przez ca\u0142y czas prowadzi\u0142 tak\u017ce dzia\u0142alno\u015b\u0107 pisarsk\u0105. Posiada\u0142 rzadk\u0105 umiej\u0119tno\u015b\u0107 doskona\u0142ego wykorzystywania czasu. Ka\u017cd\u0105 chwil\u0119 umia\u0142 po\u015bwi\u0119ci\u0107 dla chwa\u0142y Bo\u017cej i zbawienia dusz. By\u0142 ogromnie pracowity, systematyczny i roztropny w podejmowaniu wa\u017cnych przedsi\u0119wzi\u0119\u0107, mia\u0142 doskona\u0142\u0105 pami\u0119\u0107. Oszcz\u0119dny dla siebie, hojnie wspiera\u0142 wszelkie dobre i potrzebne inicjatywy.<br>Zmar\u0142 w Przemy\u015blu 28 marca 1924 roku w opinii \u015bwi\u0119to\u015bci. Beatyfikowany zosta\u0142 w Rzeszowie 2 czerwca 1991 roku przez \u015bw. Jana Paw\u0142a II. Papie\u017c podczas homilii m\u00f3wi\u0142 wtedy m.in.:<br>\u015awi\u0119ci i b\u0142ogos\u0142awieni stanowi\u0105 \u017cywy argument na rzecz tej drogi, kt\u00f3ra wiedzie do kr\u00f3lestwa niebieskiego. S\u0105 to ludzie &#8211; tacy jak ka\u017cdy z nas &#8211; kt\u00f3rzy t\u0105 drog\u0105 szli w ci\u0105gu swego ziemskiego \u017cycia i kt\u00f3rzy doszli. Ludzie, kt\u00f3rzy \u017cycie swoje budowali na skale, na opoce, jak to g\u0142osi psalm: na skale, a nie na lotnym piasku (por. Ps 31, 3-4). Co jest t\u0105 ska\u0142\u0105? Jest ni\u0105 wola Ojca, kt\u00f3ra wyra\u017ca si\u0119 w Starym i Nowym Przymierzu. Wyra\u017ca si\u0119 w przykazaniach Dekalogu. Wyra\u017ca si\u0119 w ca\u0142ej Ewangelii, zw\u0142aszcza w Kazaniu na g\u00f3rze, w o\u015bmiu b\u0142ogos\u0142awie\u0144stwach. \u015awi\u0119ci i b\u0142ogos\u0142awieni to chrze\u015bcijanie w najpe\u0142niejszym tego s\u0142owa znaczeniu. Chrze\u015bcijanami nazywamy si\u0119 my wszyscy, kt\u00f3rzy jeste\u015bmy ochrzczeni i wierzymy w Chrystusa Pana.<br>18 maja 2003 r. \u015bw. Jan Pawe\u0142 II kanonizowa\u0142 J\u00f3zefa Sebastiana Pelczara razem z b\u0142. Urszul\u0105 Led\u00f3chowsk\u0105. Powiedzia\u0142 wtedy:<br>\u00a0Dewiz\u0105 \u017cycia biskupa Pelczara by\u0142o zawo\u0142anie: &#8222;Wszystko dla Naj\u015bwi\u0119tszego Serca Jezusowego przez niepokalane r\u0119ce Naj\u015bwi\u0119tszej Maryi Panny&#8221;. To ono kszta\u0142towa\u0142o jego duchow\u0105 sylwetk\u0119, kt\u00f3rej charakterystycznym rysem jest zawierzenie siebie, ca\u0142ego \u017cycia i pos\u0142ugi Chrystusowi przez Maryj\u0119.<br>Swoje oddanie Chrystusowi pojmowa\u0142 nade wszystko jako odpowied\u017a na Jego mi\u0142o\u015b\u0107, jak\u0105 zawar\u0142 i objawi\u0142 w sakramencie Eucharystii. &#8222;Zdumienie &#8211; m\u00f3wi\u0142 &#8211; musi ogarn\u0105\u0107 ka\u017cdego, gdy pomy\u015bli, \u017ce Pan Jezus, maj\u0105c odej\u015b\u0107 do Ojca na tron chwa\u0142y, zosta\u0142 z lud\u017ami na ziemi. Mi\u0142o\u015b\u0107 Jego wynalaz\u0142a ten cud cud\u00f3w, (&#8230;) ustanawiaj\u0105c Naj\u015bwi\u0119tszy Sakrament&#8221;. To zdumienie wiary nieustannie budzi\u0142 w sobie i w innych. Ono prowadzi\u0142o go te\u017c ku Maryi. Jako bieg\u0142y teolog nie m\u00f3g\u0142 nie widzie\u0107 w Maryi Tej, kt\u00f3ra &#8222;w tajemnicy Wcielenia antycypowa\u0142a tak\u017ce wiar\u0119 eucharystyczn\u0105 Ko\u015bcio\u0142a&#8221;; Tej, kt\u00f3ra nosz\u0105c w \u0142onie S\u0142owo, kt\u00f3re sta\u0142o si\u0119 Cia\u0142em, w pewnym sensie by\u0142a &#8222;tabernakulum&#8221; &#8211; pierwszym &#8222;tabernakulum&#8221; w historii (por. encyklika <em>Ecclesia de Eucharistia,<\/em> 55). Zwraca\u0142 si\u0119 wi\u0119c do Niej z dzieci\u0119cym oddaniem i z t\u0105 mi\u0142o\u015bci\u0105, kt\u00f3r\u0105 wyni\u00f3s\u0142 z domu rodzinnego, i innych do tej mi\u0142o\u015bci zach\u0119ca\u0142. Do za\u0142o\u017conego przez siebie Zgromadzenia S\u0142u\u017cebnic Naj\u015bwi\u0119tszego Serca Jezusowego pisa\u0142: &#8222;Po\u015br\u00f3d pragnie\u0144 Serca Jezusowego jednym z najgor\u0119tszych jest to, by Naj\u015bwi\u0119tsza Jego Rodzicielka by\u0142a czczona od wszystkich i mi\u0142owana, raz dlatego, \u017ce J\u0105 Pan sam niewypowiedzianie mi\u0142uje, a po wt\u00f3re, \u017ce J\u0105 uczyni\u0142 Matk\u0105 wszystkich ludzi, \u017ceby Ona sw\u0105 s\u0142odko\u015bci\u0105 poci\u0105ga\u0142a do siebie nawet tych, kt\u00f3rzy uciekaj\u0105 od \u015bwi\u0119tego Krzy\u017ca, i wiod\u0142a ich do Serca Boskiego&#8221;.<br>Relikwie \u015bw. J\u00f3zefa Sebastiana Pelczara znajduj\u0105 si\u0119 w przemyskiej katedrze. W szczeg\u00f3lny spos\u00f3b \u015bwi\u0119ty biskup jest czczony w krakowskim ko\u015bciele sercanek, gdzie znajduje si\u0119 po\u015bwi\u0119cona mu kaplica.<\/p>\n\n\n\n<blockquote class=\"wp-block-quote is-layout-flow wp-block-quote-is-layout-flow\">\n<p><em>brewiarz.pl<\/em><\/p>\n<\/blockquote>\n","protected":false},"excerpt":{"rendered":"<p>J\u00f3zef urodzi\u0142 si\u0119 17 stycznia 1842 roku w Korczynie ko\u0142o Krosna, w rodzinie Wojciecha i Marianny, \u015bredniozamo\u017cnych rolnik\u00f3w.<\/p>\n","protected":false},"author":1,"featured_media":3020,"comment_status":"closed","ping_status":"closed","sticky":false,"template":"","format":"standard","meta":{"footnotes":""},"categories":[3,9],"tags":[],"class_list":["post-3019","post","type-post","status-publish","format-standard","has-post-thumbnail","hentry","category-religia","category-start"],"_links":{"self":[{"href":"https:\/\/kuriercodziennychicago.com\/index.php\/wp-json\/wp\/v2\/posts\/3019","targetHints":{"allow":["GET"]}}],"collection":[{"href":"https:\/\/kuriercodziennychicago.com\/index.php\/wp-json\/wp\/v2\/posts"}],"about":[{"href":"https:\/\/kuriercodziennychicago.com\/index.php\/wp-json\/wp\/v2\/types\/post"}],"author":[{"embeddable":true,"href":"https:\/\/kuriercodziennychicago.com\/index.php\/wp-json\/wp\/v2\/users\/1"}],"replies":[{"embeddable":true,"href":"https:\/\/kuriercodziennychicago.com\/index.php\/wp-json\/wp\/v2\/comments?post=3019"}],"version-history":[{"count":1,"href":"https:\/\/kuriercodziennychicago.com\/index.php\/wp-json\/wp\/v2\/posts\/3019\/revisions"}],"predecessor-version":[{"id":3021,"href":"https:\/\/kuriercodziennychicago.com\/index.php\/wp-json\/wp\/v2\/posts\/3019\/revisions\/3021"}],"wp:featuredmedia":[{"embeddable":true,"href":"https:\/\/kuriercodziennychicago.com\/index.php\/wp-json\/wp\/v2\/media\/3020"}],"wp:attachment":[{"href":"https:\/\/kuriercodziennychicago.com\/index.php\/wp-json\/wp\/v2\/media?parent=3019"}],"wp:term":[{"taxonomy":"category","embeddable":true,"href":"https:\/\/kuriercodziennychicago.com\/index.php\/wp-json\/wp\/v2\/categories?post=3019"},{"taxonomy":"post_tag","embeddable":true,"href":"https:\/\/kuriercodziennychicago.com\/index.php\/wp-json\/wp\/v2\/tags?post=3019"}],"curies":[{"name":"wp","href":"https:\/\/api.w.org\/{rel}","templated":true}]}}