{"id":3119,"date":"2023-01-30T10:42:01","date_gmt":"2023-01-30T16:42:01","guid":{"rendered":"https:\/\/kuriercodziennychicago.com\/?p=3119"},"modified":"2023-01-30T10:42:02","modified_gmt":"2023-01-30T16:42:02","slug":"komunisci-skazali-ja-na-10-lat-w-stanie-wojennym","status":"publish","type":"post","link":"https:\/\/kuriercodziennychicago.com\/index.php\/2023\/01\/30\/komunisci-skazali-ja-na-10-lat-w-stanie-wojennym\/","title":{"rendered":"Komuni\u015bci skazali j\u0105 na 10 lat w stanie wojennym"},"content":{"rendered":"<div class=\"wp-block-image is-style-rounded\">\n<figure class=\"alignleft size-full is-resized\"><img decoding=\"async\" src=\"https:\/\/kuriercodziennychicago.com\/wp-content\/uploads\/2022\/05\/pluzanski-edited-e1674519825278.jpg\" alt=\"\" class=\"wp-image-93\" width=\"60\" height=\"59\"\/><\/figure>\n<\/div>\n\n\n<blockquote class=\"wp-block-quote is-layout-flow wp-block-quote-is-layout-flow\">\n<h2 class=\"wp-block-heading\">Tadeusz P\u0142u\u017ca\u0144ski<\/h2>\n<\/blockquote>\n\n\n\n<p>3 lutego 1982 r. S\u0105d Marynarki Wojennej w Gdyni wyda\u0142 najwy\u017cszy z wyrok\u00f3w wobec dzia\u0142aczy opozycji w stanie wojennym. Ewa Kubasiewicz, kt\u00f3ra pracowa\u0142a w Wy\u017cszej Szkole Morskiej jako kierownik Dzia\u0142u Gromadzenia i Opracowania Zbior\u00f3w uczelnianej biblioteki, zosta\u0142a skazana na 10 lat pozbawienia wolno\u015bci i 5 lat pozbawienia praw publicznych.<\/p>\n\n\n\n<p>Jaki by\u0142 pow\u00f3d drako\u0144skiej kary? Kolporta\u017c ulotki nawo\u0142uj\u0105cej do protest\u00f3w przeciwko stanowi wojennemu. Podpisa\u0142a j\u0105 imieniem i nazwiskiem razem z Jerzym Kowalczykiem. Pokazowy proces mia\u0142 zastraszy\u0107 spo\u0142ecze\u0144stwo. S\u0105dzili: Andrzej Grzybowski, Andrzej Finke i Aleksander G\u0142owa &#8211; ten ostatni do niedawna wzi\u0119ty adwokat w Gdyni.&nbsp;<\/p>\n\n\n\n<h2 class=\"wp-block-heading\">&#8222;Do moich przyjaci\u00f3\u0142&#8221;<\/h2>\n\n\n\n<p>Wcze\u015bniej Kubasiewicz wsp\u00f3\u0142pracowa\u0142a z Wolnymi Zwi\u0105zkami Zawodowymi Wybrze\u017ca i Solidarno\u015bci\u0105. Z Zarz\u0105du Regionu Gda\u0144skiego NSZZ \u201eS\u201d odesz\u0142a po konflikcie z Lechem Wa\u0142\u0119s\u0105. W dniach 14-16 grudnia 1981 r. bra\u0142a udzia\u0142 w strajku w swoim zak\u0142adzie pracy, nast\u0119pnie pozostawa\u0142a w ukryciu. Aresztowana 20 grudnia. W tym samym procesie przed gdy\u0144skim s\u0105dem komuni\u015bci skazali syna p. Ewy &#8211; Marka Czachora, a tak\u017ce Cezarego Godziuka, Krzysztofa Jankowskiego, wspomnianego Jerzego Kowalczyka, Wies\u0142aw\u0119 Kwiatkowsk\u0105, S\u0142awomira Sadowskiego, Jaros\u0142awa Skowronka i W\u0142adys\u0142awa Trzci\u0144skiego. Kubasiewicz trafi\u0142a do Zak\u0142adu Karnego w Gda\u0144sku, a nast\u0119pnie do Fordonu oraz Grudzi\u0105dza. Z wi\u0119zienia napisa\u0142a list otwarty \u201eDo moich przyjaci\u00f3\u0142\u201d, w kt\u00f3rym o\u015bwiadczy\u0142a, by nikt nie prosi\u0142 przewodnicz\u0105cego Rady Pa\u0144stwa o \u0142ask\u0119 dla niej, bo jej nie przyjmie.<\/p>\n\n\n\n<figure class=\"wp-block-image size-full\"><img decoding=\"async\" width=\"815\" height=\"641\" src=\"https:\/\/kuriercodziennychicago.com\/wp-content\/uploads\/2023\/01\/000DYS6TR3210VIU-C122-F4.jpg\" alt=\"\" class=\"wp-image-3120\" srcset=\"https:\/\/kuriercodziennychicago.com\/wp-content\/uploads\/2023\/01\/000DYS6TR3210VIU-C122-F4.jpg 815w, https:\/\/kuriercodziennychicago.com\/wp-content\/uploads\/2023\/01\/000DYS6TR3210VIU-C122-F4-300x236.jpg 300w, https:\/\/kuriercodziennychicago.com\/wp-content\/uploads\/2023\/01\/000DYS6TR3210VIU-C122-F4-768x604.jpg 768w\" sizes=\"(max-width: 815px) 100vw, 815px\" \/><\/figure>\n\n\n\n<h2 class=\"wp-block-heading\">Nie zaprzesta\u0142a dzia\u0142alno\u015bci<\/h2>\n\n\n\n<p>25 kwietnia 1983 r. Izba Wojskowa S\u0105du Najwy\u017cszego zmniejszy\u0142a jej wyrok do 3 lat wi\u0119zienia, 6 maja tego samego roku zosta\u0142a zwolniona na przerw\u0119 w odbywaniu kary ze wzgl\u0119du na stan zdrowia, a 28 lipca obj\u0119ta amnesti\u0105. Na wolno\u015bci zwi\u0105za\u0142a si\u0119 z Solidarno\u015bci\u0105 Walcz\u0105c\u0105, organizuj\u0105c razem z Zofi\u0105 Kwiatkowsk\u0105 i Andrzejem Ko\u0142odziejem tr\u00f3jmiejski oddzia\u0142 SW. W 1984 r. na zaproszenie Amnesty International wyjecha\u0142a na 4 miesi\u0105ce do Francji, by od 1988 r. pozosta\u0107 tam na emigracji. Nie zaprzesta\u0142a dzia\u0142alno\u015bci niepodleg\u0142o\u015bciowej, koordynuj\u0105c przedstawicielstwa SW na Zachodzie.<\/p>\n","protected":false},"excerpt":{"rendered":"<p>Tadeusz P\u0142u\u017ca\u0144ski 3 lutego 1982 r. S\u0105d Marynarki Wojennej w Gdyni wyda\u0142 najwy\u017cszy z wyrok\u00f3w wobec dzia\u0142aczy opozycji<\/p>\n","protected":false},"author":1,"featured_media":3120,"comment_status":"closed","ping_status":"closed","sticky":false,"template":"","format":"standard","meta":{"footnotes":""},"categories":[4,9],"tags":[],"class_list":["post-3119","post","type-post","status-publish","format-standard","has-post-thumbnail","hentry","category-publicystyka","category-start"],"_links":{"self":[{"href":"https:\/\/kuriercodziennychicago.com\/index.php\/wp-json\/wp\/v2\/posts\/3119","targetHints":{"allow":["GET"]}}],"collection":[{"href":"https:\/\/kuriercodziennychicago.com\/index.php\/wp-json\/wp\/v2\/posts"}],"about":[{"href":"https:\/\/kuriercodziennychicago.com\/index.php\/wp-json\/wp\/v2\/types\/post"}],"author":[{"embeddable":true,"href":"https:\/\/kuriercodziennychicago.com\/index.php\/wp-json\/wp\/v2\/users\/1"}],"replies":[{"embeddable":true,"href":"https:\/\/kuriercodziennychicago.com\/index.php\/wp-json\/wp\/v2\/comments?post=3119"}],"version-history":[{"count":1,"href":"https:\/\/kuriercodziennychicago.com\/index.php\/wp-json\/wp\/v2\/posts\/3119\/revisions"}],"predecessor-version":[{"id":3121,"href":"https:\/\/kuriercodziennychicago.com\/index.php\/wp-json\/wp\/v2\/posts\/3119\/revisions\/3121"}],"wp:featuredmedia":[{"embeddable":true,"href":"https:\/\/kuriercodziennychicago.com\/index.php\/wp-json\/wp\/v2\/media\/3120"}],"wp:attachment":[{"href":"https:\/\/kuriercodziennychicago.com\/index.php\/wp-json\/wp\/v2\/media?parent=3119"}],"wp:term":[{"taxonomy":"category","embeddable":true,"href":"https:\/\/kuriercodziennychicago.com\/index.php\/wp-json\/wp\/v2\/categories?post=3119"},{"taxonomy":"post_tag","embeddable":true,"href":"https:\/\/kuriercodziennychicago.com\/index.php\/wp-json\/wp\/v2\/tags?post=3119"}],"curies":[{"name":"wp","href":"https:\/\/api.w.org\/{rel}","templated":true}]}}