{"id":3146,"date":"2023-02-02T11:56:38","date_gmt":"2023-02-02T17:56:38","guid":{"rendered":"https:\/\/kuriercodziennychicago.com\/?p=3146"},"modified":"2023-02-02T11:56:39","modified_gmt":"2023-02-02T17:56:39","slug":"czlowiek-ktory-nie-potrafi-upilnowac-sam-siebie-ma-pilnowac-wyborow","status":"publish","type":"post","link":"https:\/\/kuriercodziennychicago.com\/index.php\/2023\/02\/02\/czlowiek-ktory-nie-potrafi-upilnowac-sam-siebie-ma-pilnowac-wyborow\/","title":{"rendered":"Cz\u0142owiek, kt\u00f3ry nie potrafi upilnowa\u0107 sam siebie, ma pilnowa\u0107 wybor\u00f3w"},"content":{"rendered":"<div class=\"wp-block-image is-style-rounded\">\n<figure class=\"alignleft size-full is-resized\"><img decoding=\"async\" src=\"https:\/\/kuriercodziennychicago.com\/wp-content\/uploads\/2022\/09\/Zbigniew_Kuzmiuk-e1674519588646.jpg\" alt=\"\" class=\"wp-image-1480\" width=\"63\" height=\"66\"\/><\/figure>\n<\/div>\n\n\n<blockquote class=\"wp-block-quote is-layout-flow wp-block-quote-is-layout-flow\">\n<h3 class=\"wp-block-heading\"><a href=\"https:\/\/wpolityce.pl\/autorzy\/274-zbigniew-kuzmiuk\">Zbigniew Ku\u017amiuk<\/a><\/h3>\n\n\n\n<p>Urodzony 19 wrze\u015bnia 1956 roku w Komorowie woj. mazowieckie. Doktor nauk ekonomicznych. Absolwent Politechniki \u015awi\u0119tokrzyskiej w Kielcach Wydzia\u0142 Ekonomiczny w Radomiu oraz Szko\u0142y G\u0142\u00f3wnej Planowania i Statystyki w Warszawie \u2013 obecnie Szko\u0142y G\u0142\u00f3wnej Handlowej \u2013 na Wydziale Finans\u00f3w. Od roku 1979 do chwili obecnej jest wyk\u0142adowc\u0105 akademickim Uniwersytetu Technologiczno Humanistycznego (wcze\u015bniej Politechniki Radomskiej oraz Wy\u017cszej Szko\u0142y In\u017cynierskiej w Radomiu). Pe\u0142ni\u0142 funkcj\u0119 Wojewody Radomskiego, Ministra, cz\u0142onka Rady Ministr\u00f3w, Prezesa Rz\u0105dowego Centrum Studi\u00f3w Strategicznych, Marsza\u0142ka Wojew\u00f3dztwa Mazowieckiego. W czerwcu 2004 roku uzyska\u0142 mandat Deputowanego w wyborach do Parlamentu Europejskiego. Zasiada\u0142 w Komisji Bud\u017cetowej oraz Komisji Gospodarczej i Monetarnej. Pose\u0142 na Sejm IV kadencji (pe\u0142ni\u0142 funkcj\u0119 przewodnicz\u0105cego Sejmowej Komisji Samorz\u0105du Terytorialnego i Polityki Regionalnej Sejmu RP). By\u0142 Pos\u0142em VII kadencji Sejmu (pracowa\u0142 w Komisji Finans\u00f3w Publicznych oraz Komisji Samorz\u0105du Terytorialnego i Polityki Regionalnej). W maju 2014 roku uzyska\u0142 mandat Deputowanego w wyborach do Parlamentu Europejskiego. Pracuje w Komisji Bud\u017cetowej oraz komisji Rolnictwa i Rozwoju Wsi.<\/p>\n<\/blockquote>\n\n\n\n<p><strong>Tu\u017c po&nbsp;przyj\u0119ciu przez Sejm nowelizacji Kodeksu wyborczego, Donald Tusk zorganizowa\u0142 w&nbsp;Senacie konferencj\u0119 prasow\u0105, podczas kt\u00f3rej stwierdzi\u0142 mi\u0119dzy innymi, \u017ce&nbsp;te&nbsp;zmiany \u201eto&nbsp;gwa\u0142t podstawowych zasad&nbsp;demokracji\u201d.<\/strong><\/p>\n\n\n\n<p>Wprawdzie nie wyja\u015bni\u0142 na&nbsp;czym ten \u201egwa\u0142t\u201d mia\u0142by polega\u0107, w&nbsp;sytuacji kiedy zaproponowane w&nbsp;Kodeksie zmiany z&nbsp;jednej strony poprawiaj\u0105 dost\u0119p do&nbsp;lokali wyborczych, szczeg\u00f3lnie na&nbsp;terenach wiejskich, z&nbsp;drugiej pe\u0142niejsz\u0105 ni\u017c do&nbsp;tej pory, kontrol\u0119 liczenia g\u0142os\u00f3w w&nbsp;obwodowych komisjach&nbsp;wyborczych.<\/p>\n\n\n\n<p>Je\u017celi profrekwencyjne zmiany w&nbsp;Kodeksie, co&nbsp;wi\u0119cej dokonane na&nbsp;p\u00f3\u0142 roku przed przewidywanym terminem wybor\u00f3w (zgodnie z&nbsp;rozstrzygni\u0119ciem Trybuna\u0142u Konstytucyjnego w&nbsp;tej sprawie), s\u0105&nbsp;gwa\u0142tem na&nbsp;podstawowych zasadach demokracji, to&nbsp;nie bardzo wiadomo, co&nbsp;Tusk uwa\u017ca\u0142by za&nbsp;zmiany zgodne z&nbsp;zasadami&nbsp;demokracji.<\/p>\n\n\n\n<p>Przy okazji przypomnijmy , \u017ce&nbsp;w&nbsp;styczniu 2011 roku (a&nbsp;wi\u0119c podobnie jak teraz, na&nbsp;9&nbsp;miesi\u0119cy przed wyborami), Platforma z&nbsp;PSL-em&nbsp;przeprowadzi\u0142y powa\u017cne zmiany w&nbsp;prawie wyborczym polegaj\u0105ce mi\u0119dzy innymi na&nbsp;powo\u0142aniu 100 okr\u0119g\u00f3w wyborczych do&nbsp;Senatu i&nbsp;wtedy oczywi\u015bcie \u017cadnego gwa\u0142tu na&nbsp;demokracji nie&nbsp;by\u0142o.<\/p>\n\n\n\n<figure class=\"wp-block-image size-large\"><img decoding=\"async\" width=\"1024\" height=\"576\" src=\"https:\/\/kuriercodziennychicago.com\/wp-content\/uploads\/2023\/02\/uid_024c900c07d2429728e1cda46988e5c61632128635515_width_1280_play_0_pos_0_gs_0_height_720_posel-po-slawomir-nitras-fot-pappiotr-nowak--1024x576.jpg\" alt=\"\" class=\"wp-image-3147\" srcset=\"https:\/\/kuriercodziennychicago.com\/wp-content\/uploads\/2023\/02\/uid_024c900c07d2429728e1cda46988e5c61632128635515_width_1280_play_0_pos_0_gs_0_height_720_posel-po-slawomir-nitras-fot-pappiotr-nowak--1024x576.jpg 1024w, https:\/\/kuriercodziennychicago.com\/wp-content\/uploads\/2023\/02\/uid_024c900c07d2429728e1cda46988e5c61632128635515_width_1280_play_0_pos_0_gs_0_height_720_posel-po-slawomir-nitras-fot-pappiotr-nowak--300x169.jpg 300w, https:\/\/kuriercodziennychicago.com\/wp-content\/uploads\/2023\/02\/uid_024c900c07d2429728e1cda46988e5c61632128635515_width_1280_play_0_pos_0_gs_0_height_720_posel-po-slawomir-nitras-fot-pappiotr-nowak--768x432.jpg 768w, https:\/\/kuriercodziennychicago.com\/wp-content\/uploads\/2023\/02\/uid_024c900c07d2429728e1cda46988e5c61632128635515_width_1280_play_0_pos_0_gs_0_height_720_posel-po-slawomir-nitras-fot-pappiotr-nowak-.jpg 1280w\" sizes=\"(max-width: 1024px) 100vw, 1024px\" \/><\/figure>\n\n\n\n<p>Podczas tej konferencji, Tusk w&nbsp;swej retoryce posun\u0105\u0142 si\u0119 jeszcze dalej, stwierdzi\u0142, \u201e\u017ce&nbsp;obawy, i\u017c&nbsp;PiS jest got\u00f3w fa\u0142szowa\u0107 wybory, s\u0105&nbsp;coraz bardziej uzasadnione\u201d i&nbsp;w&nbsp;zwi\u0105zku z&nbsp;tym Platforma ma&nbsp;organizowa\u0107 ruch spo\u0142eczny do&nbsp;pilnowania&nbsp;wybor\u00f3w.<\/p>\n\n\n\n<p>Jego tworzeniem ma&nbsp;si\u0119 zaj\u0105\u0107 pose\u0142 S\u0142awomir Nitras, kt\u00f3ry do&nbsp;tej pory by\u0142 raczej stronnikiem Trzaskowskiego (organizowa\u0142 mi\u0119dzy innymi Campus \u201ePolska przysz\u0142o\u015bci\u201d) i&nbsp;nie pojawia\u0142 si\u0119 w&nbsp;otoczeniu&nbsp;Tuska.<\/p>\n\n\n\n<p>Zreszt\u0105 Tusk zapowiadaj\u0105c tworzenie ruchu pilnowania wybor\u00f3w, u\u017cy\u0142 niezbyt nobilituj\u0105cego stwierdzenia, dotycz\u0105cego bliskiego wsp\u00f3\u0142pracownika Trzaskowskiego \u201emamy w&nbsp;naszych szeregach S\u0142awomira Nitrasa i&nbsp;nie zawahamy si\u0119&nbsp;go&nbsp;u\u017cy\u0107\u201d.<\/p>\n\n\n\n<p>Tusk jak wida\u0107, cz\u0119sto nawi\u0105zuje to&nbsp;filmu \u201eShrek\u201d, w&nbsp;2010 roku, kiedy nielubiany przez niego Grzegorz Schetyna, zosta\u0142 wybrany marsza\u0142kiem Sejmu, Tusk stwierdzi\u0142, \u017ce&nbsp;przypomina mu&nbsp;w\u0142a\u015bnie Shreka, teraz promuj\u0105c Nitrasa, nawi\u0105za\u0142 wprost do&nbsp;jednego z&nbsp;cytat\u00f3w z&nbsp;tego filmu \u201emam smoka i&nbsp;nie zawaham si\u0119&nbsp;go&nbsp;u\u017cy\u0107\u201d.<\/p>\n\n\n\n<p>W&nbsp;pilnowaniu uczciwo\u015bci wybor\u00f3w nie ma&nbsp;oczywi\u015bcie nic zdro\u017cnego, wr\u0119cz przeciwnie, wszystkim powinno na&nbsp;tym zale\u017ce\u0107, \u017ceby wybory by\u0142a jak najbardziej transparentne, w&nbsp;2015 i&nbsp;2019 roku robi\u0142a to&nbsp;tak\u017ce Zjednoczona Prawica tworz\u0105c \u201eRuch Ochrony wybor\u00f3w\u201d, w&nbsp;tym roku , taki kilkudziesi\u0119ciotysi\u0119czny ruch b\u0119dzie tak\u017ce&nbsp;tworzony.<\/p>\n\n\n\n<h2 class=\"wp-block-heading\">Rola&nbsp;Nitrasa<\/h2>\n\n\n\n<p>Ale postawienie przez Tuska na&nbsp;czele ruchu pilnowania wybor\u00f3w, pos\u0142a S\u0142awomira Nitrasa, kt\u00f3ry jak powszechnie wiadomo, sam si\u0119 nie potrafi upilnowa\u0107 jest wr\u0119cz zaproszeniem do&nbsp;awantur i&nbsp;r\u00f3\u017cnego rodzaju prowokacji, z&nbsp;kt\u00f3rych ten cz\u0142owiek, zrobi\u0142 sobie wr\u0119cz spos\u00f3b&nbsp;na&nbsp;istnienie.<\/p>\n\n\n\n<p>Mimo tego, \u017ce&nbsp;jest ju\u017c pos\u0142em kilku kadencji, nie s\u0105&nbsp;szerzej znane jego jakiekolwiek dokonania na&nbsp;tym polu, a&nbsp;r\u00f3\u017cnego rodzaju awantur i&nbsp;nazwijmy to&nbsp;naj\u0142agodniej \u201eniekonwencjonalnych\u201d zachowa\u0144, ma&nbsp;na&nbsp;swoim koncie&nbsp;co&nbsp;niemiara.<\/p>\n\n\n\n<p>Przypomnijmy, \u017ce&nbsp;jedn\u0105 z&nbsp;jego pierwszych szerzej znanych akcji, pokazuj\u0105cych zreszt\u0105 bezwzgl\u0119dno\u015b\u0107 i&nbsp;cynizm Nitrasa w&nbsp;ca\u0142ej okaza\u0142o\u015bci, by\u0142o bezpodstawne oskar\u017cenie w&nbsp;2006 kandydatki na&nbsp;prezydenta Szczecina prof. Teresy Lubi\u0144skiej o&nbsp;umorzenie pos\u0142owi Samoobrony 300 tys.&nbsp;z\u0142&nbsp;d\u0142ugu.<\/p>\n\n\n\n<p>Po&nbsp;latach sam Nitras w&nbsp;wywiadzie dla \u201eRzeczpospolitej\u201d opisywa\u0142 to&nbsp;tak: \u201ePosadzi\u0142em kilka os\u00f3b przed komputerem i&nbsp;kaza\u0142em szuka\u0107. No&nbsp;i&nbsp;znale\u017ali\u015bmy: spraw\u0119 umorzenia d\u0142ug\u00f3w pewnego dzia\u0142acza Samoobrony. Gdy oskar\u017cy\u0142em o&nbsp;to&nbsp;Lubi\u0144sk\u0105, wiedzia\u0142em, \u017ce&nbsp;to&nbsp;nie ona podejmowa\u0142a decyzj\u0119 i&nbsp;\u017ce&nbsp;potem b\u0119d\u0119 musia\u0142 przeprasza\u0107. Ale efekt zosta\u0142&nbsp;osi\u0105gni\u0119ty\u201d.<\/p>\n\n\n\n<p>Ale pose\u0142 Nitras jest tak\u017ce znany nie tylko ze&nbsp;s\u0142ynnej zapowiedzi \u201eo&nbsp;opi\u0142owaniu katolik\u00f3w z&nbsp;przywilej\u00f3w\u201d ale tak\u017ce fizycznych atak\u00f3w na&nbsp;r\u00f3\u017cne osoby w&nbsp;Sejmie i&nbsp;poza nim, mi\u0119dzy innymi kopni\u0119cia pose\u0142 Iwony Arent, brutalnego popchni\u0119cia pos\u0142a Wies\u0142awa Krajewskiego (w&nbsp;obydwu tych sprawach trwaj\u0105 post\u0119powania&nbsp;prokuratorskie).<\/p>\n\n\n\n<p>Atakowa\u0142 tak\u017ce przypadkowych ludzi, kt\u00f3rzy przychodzili na&nbsp;spotkania z&nbsp;kandydatami Platformy, fizycznie zatrzyma\u0142 tak\u017ce wiceministra Sebastiana Kalet\u0119, gdy ten chcia\u0142 wej\u015b\u0107 na&nbsp;otwart\u0105 konferencj\u0119 prasow\u0105 Rafa\u0142a Trzaskowskiego na&nbsp;terenie warszawskiej oczyszczalni&nbsp;\u015bciek\u00f3w.<\/p>\n\n\n\n<p>Do&nbsp;pos\u0142a Nitrasa, tworz\u0105cego ruch pilnowania wybor\u00f3w, b\u0119d\u0105 zapewne lgn\u0105\u0107 ludzie podobnego jak on&nbsp;pokroju z&nbsp;takich grup jak \u201eSilni Razem\u201d, KOD, Obywatele RP, \u201eLotna Brygada Opozycji\u201d czy spod znaku \u201eSok&nbsp;z&nbsp;buraka\u201d.<\/p>\n\n\n\n<p>Ludzie z&nbsp;tych organizacji i&nbsp;\u015brodowisk, pokazywali publicznie od&nbsp;listopada 2015 roku, po&nbsp;wielokro\u0107 jak rozumiej\u0105 demokracj\u0119, a&nbsp;ich g\u0142\u00f3wnym sposobem dzia\u0142ania jest przemoc, niestety cz\u0119sto tak\u017ce&nbsp;fizyczna.<\/p>\n\n\n\n<p>To&nbsp;gotowy przepis, na&nbsp;zadymy i&nbsp;awantury podczas kampanii wyborczej i&nbsp;samych wybor\u00f3w na&nbsp;du\u017c\u0105 skal\u0119, \u017ceby po&nbsp;ich przegraniu przez Platform\u0119, mie\u0107 postawy do&nbsp;\u017c\u0105da\u0144 o&nbsp;nieuznanie ich wynik\u00f3w, zar\u00f3wno przed krajowymi s\u0105dami jak i&nbsp;za&nbsp;granic\u0105 g\u0142\u00f3wnie w&nbsp;unijnych&nbsp;instytucjach.<\/p>\n","protected":false},"excerpt":{"rendered":"<p>Zbigniew Ku\u017amiuk Urodzony 19 wrze\u015bnia 1956 roku w Komorowie woj. mazowieckie. Doktor nauk ekonomicznych. Absolwent Politechniki \u015awi\u0119tokrzyskiej w<\/p>\n","protected":false},"author":1,"featured_media":3147,"comment_status":"closed","ping_status":"closed","sticky":false,"template":"","format":"standard","meta":{"footnotes":""},"categories":[2,9],"tags":[],"class_list":["post-3146","post","type-post","status-publish","format-standard","has-post-thumbnail","hentry","category-polityka","category-start"],"_links":{"self":[{"href":"https:\/\/kuriercodziennychicago.com\/index.php\/wp-json\/wp\/v2\/posts\/3146","targetHints":{"allow":["GET"]}}],"collection":[{"href":"https:\/\/kuriercodziennychicago.com\/index.php\/wp-json\/wp\/v2\/posts"}],"about":[{"href":"https:\/\/kuriercodziennychicago.com\/index.php\/wp-json\/wp\/v2\/types\/post"}],"author":[{"embeddable":true,"href":"https:\/\/kuriercodziennychicago.com\/index.php\/wp-json\/wp\/v2\/users\/1"}],"replies":[{"embeddable":true,"href":"https:\/\/kuriercodziennychicago.com\/index.php\/wp-json\/wp\/v2\/comments?post=3146"}],"version-history":[{"count":1,"href":"https:\/\/kuriercodziennychicago.com\/index.php\/wp-json\/wp\/v2\/posts\/3146\/revisions"}],"predecessor-version":[{"id":3148,"href":"https:\/\/kuriercodziennychicago.com\/index.php\/wp-json\/wp\/v2\/posts\/3146\/revisions\/3148"}],"wp:featuredmedia":[{"embeddable":true,"href":"https:\/\/kuriercodziennychicago.com\/index.php\/wp-json\/wp\/v2\/media\/3147"}],"wp:attachment":[{"href":"https:\/\/kuriercodziennychicago.com\/index.php\/wp-json\/wp\/v2\/media?parent=3146"}],"wp:term":[{"taxonomy":"category","embeddable":true,"href":"https:\/\/kuriercodziennychicago.com\/index.php\/wp-json\/wp\/v2\/categories?post=3146"},{"taxonomy":"post_tag","embeddable":true,"href":"https:\/\/kuriercodziennychicago.com\/index.php\/wp-json\/wp\/v2\/tags?post=3146"}],"curies":[{"name":"wp","href":"https:\/\/api.w.org\/{rel}","templated":true}]}}