{"id":3281,"date":"2023-02-12T22:34:54","date_gmt":"2023-02-13T04:34:54","guid":{"rendered":"https:\/\/kuriercodziennychicago.com\/?p=3281"},"modified":"2023-02-12T22:34:55","modified_gmt":"2023-02-13T04:34:55","slug":"kolejny-skandal-wokol-sikorskiego-i-znowu-politycy-platformy-rzucili-sie-do-jego-obrony","status":"publish","type":"post","link":"https:\/\/kuriercodziennychicago.com\/index.php\/2023\/02\/12\/kolejny-skandal-wokol-sikorskiego-i-znowu-politycy-platformy-rzucili-sie-do-jego-obrony\/","title":{"rendered":"Kolejny skandal wok\u00f3\u0142 Sikorskiego i znowu politycy Platformy rzucili si\u0119 do jego obrony"},"content":{"rendered":"<div class=\"wp-block-image is-style-rounded\">\n<figure class=\"alignleft size-full is-resized\"><img decoding=\"async\" src=\"https:\/\/kuriercodziennychicago.com\/wp-content\/uploads\/2022\/09\/Zbigniew_Kuzmiuk-e1674519588646.jpg\" alt=\"\" class=\"wp-image-1480\" width=\"51\" height=\"53\"\/><\/figure>\n<\/div>\n\n\n<blockquote class=\"wp-block-quote is-layout-flow wp-block-quote-is-layout-flow\">\n<h3 class=\"wp-block-heading\"><a href=\"https:\/\/wpolityce.pl\/autorzy\/274-zbigniew-kuzmiuk\">Zbigniew Ku\u017amiuk<\/a><\/h3>\n<\/blockquote>\n\n\n\n<p><strong>Najpierw holenderski dziennik \u201eNRC\u201d, a&nbsp;za&nbsp;nim tak\u017ce belgijski \u201eDe&nbsp;Staandard\u201d, a&nbsp;tak\u017ce telewizje w&nbsp;tych krajach pisz\u0105 i&nbsp;m\u00f3wi\u0105 o&nbsp;500 tys. USD, kt\u00f3re przez 5&nbsp;lat mia\u0142 otrzyma\u0107 europose\u0142 Rados\u0142aw Sikorski ze&nbsp;Zjednoczonych Emirat\u00f3w&nbsp;Arabskich.<\/strong><\/p>\n\n\n\n<p>Pisz\u0105 i&nbsp;m\u00f3wi\u0105 wprost o&nbsp;korupcji, a&nbsp;holenderska telewizja publiczna NPO 1&nbsp;na&nbsp;swoim portalu w&nbsp;kontek\u015bcie nazwiska Sikorskiego, tak formu\u0142uje oskar\u017cenie: \u201eWalizki z&nbsp;pieni\u0119dzmi i&nbsp;s\u0142odkie wycieczki do&nbsp;kurort\u00f3w\u201d. Dziennikarze tak\u017ce zwracaj\u0105 przy tej okazji uwag\u0119, \u017ce&nbsp;\u201eParlament Europejskie jest podatny na&nbsp;wp\u0142ywy autokratycznych re\u017cim\u00f3w\u201d, \u017ce&nbsp;Zjednoczone Emiraty Arabskie maj\u0105 grono przyjaci\u00f3\u0142, a&nbsp;\u201enajbardziej znanym jego cz\u0142onkiem jest europose\u0142 Rados\u0142aw Sikorski, by\u0142y minister sprawa zagranicznych&nbsp;Polski\u201d.<\/p>\n\n\n\n<h2 class=\"wp-block-heading\">Platforma rusza do&nbsp;obrony&nbsp;Sikorskiego<\/h2>\n\n\n\n<p>Mimo tych licznych oskar\u017ce\u0144, pochodz\u0105cych z&nbsp;powa\u017cnych zagranicznych medi\u00f3w, politycy Platformy rzucili si\u0119 do&nbsp;obrony swojego prominentnego kolegi (mi\u0119dzy innymi europose\u0142 Andrzej Halicki, wiceprzewodnicz\u0105cy Platformy pose\u0142 Tomasz Siemoniak, przewodnicz\u0105cy klubu PO&nbsp;Borys Budka, czy przewodnicz\u0105cy Platformy w&nbsp;regionie bydgosko- toru\u0144skim Tomasz Lenz). Ta&nbsp;obrona jest i\u015bcie kuriozalna. Borys Budka stwierdzi\u0142, \u017ce&nbsp;\u201epolitycy zazdroszcz\u0105 Sikorskiemu dzia\u0142ania w&nbsp;presti\u017cowych organizacjach i&nbsp;wysokich zarobk\u00f3w\u201d, a&nbsp;Tomasz Siemoniak stanowczo stwierdzi\u0142, \u017ce&nbsp;Sikorski nadal cieszy si\u0119 pe\u0142nym zaufaniem partii. Ba, szef regionu z&nbsp;kt\u00f3rego startowa\u0142 do&nbsp;Parlamentu Europejskiego, wspomniany Tomasz Lenz, bardzo mocno podkre\u015bli\u0142, \u017ce&nbsp;Sikorski ma&nbsp;zapewnion\u0105 \u201ejedynk\u0119\u201d w&nbsp;zbli\u017caj\u0105cych si\u0119 wyborach&nbsp;parlamentarnych.<\/p>\n\n\n\n<figure class=\"wp-block-image size-large\"><img decoding=\"async\" width=\"1024\" height=\"576\" src=\"https:\/\/kuriercodziennychicago.com\/wp-content\/uploads\/2023\/02\/maxresdefault-1024x576.jpg\" alt=\"\" class=\"wp-image-3282\" srcset=\"https:\/\/kuriercodziennychicago.com\/wp-content\/uploads\/2023\/02\/maxresdefault-1024x576.jpg 1024w, https:\/\/kuriercodziennychicago.com\/wp-content\/uploads\/2023\/02\/maxresdefault-300x169.jpg 300w, https:\/\/kuriercodziennychicago.com\/wp-content\/uploads\/2023\/02\/maxresdefault-768x432.jpg 768w, https:\/\/kuriercodziennychicago.com\/wp-content\/uploads\/2023\/02\/maxresdefault.jpg 1280w\" sizes=\"(max-width: 1024px) 100vw, 1024px\" \/><\/figure>\n\n\n\n<p>Przypomnijmy, \u017ce&nbsp;pod koniec stycznia tego roku, po&nbsp;skandalicznej wypowiedzi europos\u0142a Rados\u0142awa Sikorskiego w&nbsp;Radiu Zet, \u017ce&nbsp;Polska rozwa\u017ca\u0142a udzia\u0142 w&nbsp;rozbiorze Ukrainy, wydawa\u0142o si\u0119 przez par\u0119 godzin, \u017ce&nbsp;Platforma si\u0119 od&nbsp;niej odetnie, a&nbsp;jej autora spotkaj\u0105 partyjne sankcje. Kilkoro pos\u0142\u00f3w PO, obecnych w&nbsp;r\u00f3\u017cnych programach radiowych i&nbsp;telewizyjnych, j\u0105&nbsp;skrytykowa\u0142o, ba&nbsp;ubolewa\u0142o, \u017ce&nbsp;natychmiast wykorzysta\u0142a j\u0105&nbsp;rosyjska propaganda, ale gdy wieczorem media wyemitowa\u0142y wypowied\u017a Donalda Tuska w&nbsp;tej sprawie, w&nbsp;kt\u00f3rej broni\u0142 Sikorskiego, postawa polityk\u00f3w Platformy, zmieni\u0142a si\u0119 o&nbsp;180 stopni. Tusk na&nbsp;spotkaniu z&nbsp;wyborcami w&nbsp;Siedlcach, pytany przez jednego z&nbsp;jego uczestnik\u00f3w, zbagatelizowa\u0142 jej znaczenie, ba&nbsp;stwierdzi\u0142, \u017ce&nbsp;Sikorski walczy\u0142 z&nbsp;Rosjanami w&nbsp;Afganistanie, wi\u0119c trudno go&nbsp;podejrzewa\u0107 o&nbsp;sprzyjanie temu krajowi. A&nbsp;przecie\u017c Tusk potrafi\u0142 karci\u0107 swoich polityk\u00f3w, prawie natychmiast po&nbsp;tym jak uzna\u0142, \u017ce&nbsp;szkodz\u0105 partii, w&nbsp;takim trybie ukarany zosta\u0142 na&nbsp;przyk\u0142ad bydgoski baron Platformy Tomasz Lenz, kt\u00f3ry jaki\u015b czas temu w&nbsp;programie w&nbsp;TVP Info powiedzia\u0142, \u017ce&nbsp;trzeba zawiesi\u0107 13. i&nbsp;14. emerytury w&nbsp;zwi\u0105zku z&nbsp;podwy\u017cszon\u0105 inflacj\u0105, a&nbsp;ju\u017c nast\u0119pnego dnia Tusk og\u0142osi\u0142 decyzj\u0119, \u017ce&nbsp;nie znajdzie si\u0119 on&nbsp;na&nbsp;listach wyborczych Platformy w&nbsp;nadchodz\u0105cych wyborach&nbsp;parlamentarnych.<\/p>\n\n\n\n<p>Ta&nbsp;wypowied\u017a Sikorskiego, natychmiast zosta\u0142a wykorzystana przez rosyjsk\u0105 propagand\u0119 do&nbsp;uwiarygodnienia jej przekazu o&nbsp;ch\u0119ci uczestnictwa Polski w&nbsp;rozbiorze Ukrainy i&nbsp;przej\u0119cia jej zachodniej cz\u0119\u015bci. Rosjanie robi\u0105 to&nbsp;zreszt\u0105 od&nbsp;wielu miesi\u0119cy, chc\u0105c sk\u0142\u00f3ci\u0107 Ukrain\u0119 i&nbsp;Polsk\u0119, szeroko propaguj\u0105 ka\u017cd\u0105 tego rodzaju informacje pochodz\u0105c\u0105 z&nbsp;Polski, a&nbsp;ju\u017c wypowied\u017a w&nbsp;tym duchu, wieloletniego ministra spraw zagranicznych jest dla nich wr\u0119cz nie lada gratk\u0105. Rzeczniczka prasowa Kremla Maria Zacharowa, uzna\u0142a wypowied\u017a Sikorskiego za&nbsp;potwierdzenie podejrze\u0144 jakie mia\u0142a Rosja w&nbsp;tej sprawie, co&nbsp;wi\u0119cej nazwa\u0142a go&nbsp;\u201eor\u0119downikiem prawa&nbsp;mi\u0119dzynarodowego\u201d.<\/p>\n\n\n\n<h2 class=\"wp-block-heading\">Szkodliwe wpisy&nbsp;Sikorskiego<\/h2>\n\n\n\n<p>Wszystko wskazuje na&nbsp;to, \u017ce&nbsp;Rosja mo\u017ce liczy\u0107 na&nbsp;Sikorskiego w&nbsp;trudnych dla siebie momentach, pod koniec wrze\u015bnia gdy dosz\u0142o do&nbsp;podmorskich wybuch\u00f3w gazoci\u0105g\u00f3w Nord Stream 1&nbsp;i&nbsp;Nord Stream 2, Sikorski napisa\u0142 na&nbsp;jednym z&nbsp;portali spo\u0142eczno\u015bciowych \u201eThank you, USA\u201d (wtedy na&nbsp;froncie Ukrai\u0144cy mieli liczne sukcesy i&nbsp;odzyskali spor\u0105 cz\u0119\u015b\u0107 swojego terytorium, wcze\u015bniej zaj\u0119tych przez Rosjan). Wpis wywo\u0142a\u0142 mi\u0119dzynarodowy skandal, przedstawiciel Rosji na&nbsp;forum Rady Bezpiecze\u0144stwa ONZ pokaza\u0142 jego wydruk, atakuj\u0105c USA za&nbsp;zaanga\u017cowanie si\u0119 w&nbsp;pomoc Ukrainie, ale rzecznik Pentagonu, nazwa\u0142 go&nbsp;wprost rosyjsk\u0105 propagand\u0105. Ale i&nbsp;ten skandal uszed\u0142 Sikorskiemu na&nbsp;sucho, wprawdzie Tusk wed\u0142ug medi\u00f3w odby\u0142 z&nbsp;nim rozmow\u0119 ostrzegawcz\u0105, ale na&nbsp;nic si\u0119 to&nbsp;zda\u0142o, Sikorski w&nbsp;ostatnim wywiadzie w&nbsp;Radiu Zet, w&nbsp;zasadzie powt\u00f3rzy\u0142 poprzednie oskar\u017cenie. Na&nbsp;pytanie komu mog\u0142o zale\u017ce\u0107 na&nbsp;uszkodzeniu obydwu gazoci\u0105g\u00f3w odpowiedzia\u0142: po&nbsp;pierwsze Ukrainie, po&nbsp;drugie Polsce, po&nbsp;trzecie prywatnemu sektorowi energetycznemu w&nbsp;USA, a&nbsp;wi\u0119c ju\u017c nie tylko USA ale tak\u017ce Ukraina i&nbsp;Polska mia\u0142yby by\u0107 zainteresowanie tym sabota\u017cem. A&nbsp;przecie\u017c po&nbsp;badaniach przeprowadzonych przez Szwed\u00f3w i&nbsp;Du\u0144czyk\u00f3w, wszystko wskazuje na&nbsp;to, \u017ce&nbsp;zrobili to&nbsp;Rosjanie, nie chc\u0105c p\u0142aci\u0107 wysokich kar za&nbsp;blokad\u0119 dostaw gazu do&nbsp;kraj\u00f3w Europy Zachodniej w&nbsp;zwi\u0105zku z&nbsp;dekretem Putina o&nbsp;konieczno\u015bci rozliczania transakcji gazowych&nbsp;w&nbsp;rublach.<\/p>\n\n\n\n<p>Te&nbsp;nowe oskar\u017cenia pod adresem Sikorskiego pochodz\u0105ce z&nbsp;licznych zagranicznych medi\u00f3w, zawieraj\u0105 i&nbsp;ten wa\u017cny aspekt, \u017ce&nbsp;kraj od&nbsp;kt\u00f3rego bra\u0142 on&nbsp;bardzo du\u017ce pieni\u0105dze jest nie tylko niedemokratyczny, ale jest wr\u0119cz autokratycznym&nbsp;re\u017cimem.<\/p>\n\n\n\n<p>Jednocze\u015bnie ten sam Sikorski, zar\u00f3wno w&nbsp;Parlamencie Europejskim jak i&nbsp;w&nbsp;kraju po&nbsp;wielokro\u0107 oskar\u017ca\u0142 rz\u0105d Zjednoczonej Prawicy o&nbsp;\u0142amanie regu\u0142 demokracji, a&nbsp;nawet \u201eo&nbsp;standardy bia\u0142oruskie i&nbsp;rosyjskie\u201d, bez \u017cadnych faktycznych podstaw, domagaj\u0105c si\u0119 jednocze\u015bnie zablokowania \u015brodk\u00f3w dla Polski nie tylko z&nbsp;KPO ale tak\u017ce wieloletniego unijnego&nbsp;bud\u017cetu.<\/p>\n","protected":false},"excerpt":{"rendered":"<p>Zbigniew Ku\u017amiuk Najpierw holenderski dziennik \u201eNRC\u201d, a&nbsp;za&nbsp;nim tak\u017ce belgijski \u201eDe&nbsp;Staandard\u201d, a&nbsp;tak\u017ce telewizje w&nbsp;tych krajach pisz\u0105 i&nbsp;m\u00f3wi\u0105 o&nbsp;500 tys.<\/p>\n","protected":false},"author":1,"featured_media":3282,"comment_status":"closed","ping_status":"closed","sticky":false,"template":"","format":"standard","meta":{"footnotes":""},"categories":[2,9],"tags":[],"class_list":["post-3281","post","type-post","status-publish","format-standard","has-post-thumbnail","hentry","category-polityka","category-start"],"_links":{"self":[{"href":"https:\/\/kuriercodziennychicago.com\/index.php\/wp-json\/wp\/v2\/posts\/3281","targetHints":{"allow":["GET"]}}],"collection":[{"href":"https:\/\/kuriercodziennychicago.com\/index.php\/wp-json\/wp\/v2\/posts"}],"about":[{"href":"https:\/\/kuriercodziennychicago.com\/index.php\/wp-json\/wp\/v2\/types\/post"}],"author":[{"embeddable":true,"href":"https:\/\/kuriercodziennychicago.com\/index.php\/wp-json\/wp\/v2\/users\/1"}],"replies":[{"embeddable":true,"href":"https:\/\/kuriercodziennychicago.com\/index.php\/wp-json\/wp\/v2\/comments?post=3281"}],"version-history":[{"count":1,"href":"https:\/\/kuriercodziennychicago.com\/index.php\/wp-json\/wp\/v2\/posts\/3281\/revisions"}],"predecessor-version":[{"id":3283,"href":"https:\/\/kuriercodziennychicago.com\/index.php\/wp-json\/wp\/v2\/posts\/3281\/revisions\/3283"}],"wp:featuredmedia":[{"embeddable":true,"href":"https:\/\/kuriercodziennychicago.com\/index.php\/wp-json\/wp\/v2\/media\/3282"}],"wp:attachment":[{"href":"https:\/\/kuriercodziennychicago.com\/index.php\/wp-json\/wp\/v2\/media?parent=3281"}],"wp:term":[{"taxonomy":"category","embeddable":true,"href":"https:\/\/kuriercodziennychicago.com\/index.php\/wp-json\/wp\/v2\/categories?post=3281"},{"taxonomy":"post_tag","embeddable":true,"href":"https:\/\/kuriercodziennychicago.com\/index.php\/wp-json\/wp\/v2\/tags?post=3281"}],"curies":[{"name":"wp","href":"https:\/\/api.w.org\/{rel}","templated":true}]}}