{"id":335,"date":"2022-05-21T02:28:33","date_gmt":"2022-05-21T00:28:33","guid":{"rendered":"https:\/\/kuriercodziennychicago.com\/?p=335"},"modified":"2022-05-21T02:28:34","modified_gmt":"2022-05-21T00:28:34","slug":"witamy-cie-dziadku-dziekujemy-za-wolna-polske","status":"publish","type":"post","link":"https:\/\/kuriercodziennychicago.com\/index.php\/2022\/05\/21\/witamy-cie-dziadku-dziekujemy-za-wolna-polske\/","title":{"rendered":"&#8222;Witamy Ci\u0119, Dziadku, Dzi\u0119kujemy za woln\u0105 Polsk\u0119&#8221;"},"content":{"rendered":"\n<div class=\"wp-block-image\"><figure class=\"alignleft size-full is-resized\"><img decoding=\"async\" src=\"https:\/\/kuriercodziennychicago.com\/wp-content\/uploads\/2022\/05\/pluzanski-edited.jpg\" alt=\"\" class=\"wp-image-93\" width=\"80\" height=\"106\"\/><\/figure><\/div>\n\n\n\n<h3 class=\"wp-block-heading\">Tadeusz P\u0142u\u017ca\u0144ski<\/h3>\n\n\n\n<p>Ppor. Zygmunt Libera ps. Babinicz spocz\u0105\u0142 18 maja br. na cmentarzu komunalnym przy ul. Jask\u00f3\u0142czej w Grudzi\u0105dzu. Szcz\u0105tki \u017bo\u0142nierza Wykl\u0119tego zosta\u0142y odnalezione w 2019 r. na cmentarzu przy ul. Unickiej w Lublinie \u2013 miejscu, gdzie komuni\u015bci zrzucali do bezimiennych do\u0142\u00f3w ofiary Zamku Lubelskiego.<\/p>\n\n\n\n<p>Zygmunt Libera urodzi\u0142 si\u0119 w 1906 r. na Lubelszczy\u017anie. W dwudziestoleciu mieszka\u0142 i odbywa\u0142 s\u0142u\u017cb\u0119 wojskow\u0105 na Kujawach i Pomorzu. Bra\u0142 udzia\u0142 w wojnie obronnej 1939 r., a nast\u0119pnie wst\u0105pi\u0142 do konspiracji niepodleg\u0142o\u015bciowej, do Polskiej Organizacji Zbrojnej \u201eRac\u0142awice\u201d. W maju 1942 r. przeszed\u0142 do Armii Krajowej, gdzie pe\u0142ni\u0142 funkcj\u0119 komendanta plac\u00f3wki, a w 1944 r. do\u0142\u0105czy\u0142 do oddzia\u0142u Zdzis\u0142awa Bro\u0144skiego \u201eUskoka\u201d.<\/p>\n\n\n\n<p>W lutym 1945 r. \u201eUskok\u201d reaktywowa\u0142 oddzia\u0142 partyzancki w ramach Zrzeszenia Wolno\u015b\u0107 i Niezawis\u0142o\u015b\u0107 \u2013 \u201eBabinicz\u201d pe\u0142ni\u0142 w nim funkcj\u0119 zast\u0119pcy dow\u00f3dcy do spraw administracyjnych oraz dowodzi\u0142 jednym z patroli.<\/p>\n\n\n\n<figure class=\"wp-block-image size-full is-resized\"><img decoding=\"async\" src=\"https:\/\/kuriercodziennychicago.com\/wp-content\/uploads\/2022\/05\/index.jpg\" alt=\"\" class=\"wp-image-336\" width=\"570\" height=\"319\"\/><\/figure>\n\n\n\n<p>Od jesieni 1947 r. kpt. Bro\u0144ski ukrywa\u0142 si\u0119 w zamaskowanym podziemnym bunkrze pod stodo\u0142\u0105 w gospodarstwie Lisowskich w D\u0105br\u00f3wce (dzisiaj Nowogr\u00f3d). Razem z nim ukrywa\u0142 si\u0119 \u201eBabinicz\u201d. Tak by\u0142o do 18 maja 1949 r. Za wskazanie miejsca, w kt\u00f3rym przebywali, komuni\u015bci dwukrotnie wyznaczyli nagrod\u0119 finansow\u0105.<\/p>\n\n\n\n<h2 class=\"wp-block-heading\"><strong>Zdrajca &#8222;Hardy&#8221;<\/strong><\/h2>\n\n\n\n<p>19 maja 1949 r. Zygmunt Libera zosta\u0142 aresztowany w Nowej Woli przez funkcjonariuszy PUBP Lubart\u00f3w wskutek zdrady Franciszka Kasperka \u201eHardego\u201d, by\u0142ego podkomendnego \u201eUskoka\u201d. \u201eHardy\u201d w 1947 r. wyszed\u0142 z lasu i ujawni\u0142 si\u0119. Zosta\u0142 agentem UB, przyjmuj\u0105c pseudonim \u201eJanek\u201d. To on doprowadzi\u0142 ubek\u00f3w do \u201eBabinicza\u201d, a ten po wielodniowym bestialskim przes\u0142uchaniu zdradzi\u0142 kryj\u00f3wk\u0119 \u201eUskoka\u201d.&nbsp;<\/p>\n\n\n\n<p>21 maja 1949 r. gospodarstwo Lisowskich zosta\u0142o otoczone przez specjaln\u0105 grup\u0119 operacyjn\u0105 Milicji Obywatelskiej, Korpusu Bezpiecze\u0144stwa Wewn\u0119trznego oraz Urz\u0119du Bezpiecze\u0144stwa. Ubecy przywie\u017ali te\u017c \u201eBabinicza\u201d. \u201eI nawet nie jego opuchni\u0119ta, zasiniaczona twarz najbardziej mnie zaszokowa\u0142a. Przerazi\u0142 mnie wygl\u0105d jego bosych st\u00f3p. By\u0142y to dwie k\u0142ody! Tak spuchni\u0119te, \u017ce chyba nie istnia\u0142y na \u015bwiecie buty, w kt\u00f3re by wesz\u0142y te stopy!\u201d \u2013 tak wygl\u0105d Zygmunta Libery opisa\u0142a Irena Dybkowska-Sobieszcza\u0144ska, wnuczka Lisowskich, a wtedy r\u00f3wnie\u017c \u0142\u0105czniczka \u201eUskoka\u201d.<\/p>\n\n\n\n<p>Kapitana Bro\u0144skiego pr\u00f3bowano uj\u0105\u0107 \u017cywego. Chciano go u\u015bpi\u0107, zala\u0107 bunkier wod\u0105, kuszono \u0142agodnym wyrokiem\u2026 Ten jednak nie mia\u0142 zamiaru si\u0119 podda\u0107. 21 maja 1949 r. rano rozerwa\u0142 si\u0119 granatem. Wiadomo, \u017ce cia\u0142o przewieziono do Lublina. Miejsce jego poch\u00f3wku wci\u0105\u017c nie jest znane.<\/p>\n\n\n\n<p>Zdrajca nie po\u017cy\u0142 d\u0142ugo. 1 wrze\u015bnia 1950 r. wyrok \u015bmierci na \u201eHardym\u201d wykonali \u017co\u0142nierze podziemia.<br>Wracaj\u0105c do \u201eBabinicza\u201d. &#8222;Rok \u015bledztwa \u2014 od aresztowania do egzekucji \u2014 sp\u0119dzi\u0142 w najci\u0119\u017cszym wi\u0119zieniu, jakie by\u0142o w komunistycznej Polsce &#8211; na Zamku Lubelskim. Zwyrodnialcy przes\u0142uchiwali tam zatrzymanych patriot\u00f3w. (&#8230;) Dzi\u015b przywracamy kolejnego patriot\u0119 naszej zbiorowej pami\u0119ci&#8221; &#8211; m\u00f3wi\u0142 podczas pogrzebu ppor. Zygmunta Libery 18 maja br. wicewojewoda kujawsko-pomorski J\u00f3zef Ramlau.<\/p>\n\n\n\n<p>23 marca 1950 r. \u201eBabinicz\u201d zosta\u0142 skazany na kar\u0119 \u015bmierci przez Wojskowy S\u0105d Rejonowy w Lublinie. Wyrok wykonano 28 maja 1950 r. na Zamku.<\/p>\n\n\n\n<h2 class=\"wp-block-heading\"><strong>&#8222;Witamy Ci\u0119, Dziadku&#8221;<\/strong><\/h2>\n\n\n\n<p>Teraz, podczas pogrzebu, odczytano s\u0142owa wnuka ppor. \u201eBabinicza\u201d, Krystiana Libery: \u201eWitamy Ci\u0119, Dziadku, w\u015br\u00f3d rodziny! Jeste\u015b w ko\u0144cu z nami, po siedemdziesi\u0119ciu dw\u00f3ch latach, w dniu Twoich 116 urodzin. Nie dane mi by\u0142o Ci\u0119 pozna\u0107, nie mia\u0142em mo\u017cliwo\u015bci usi\u0105\u015b\u0107 na kolanach ani przytuli\u0107 si\u0119 do Ciebie. Przez 30 lat szukali\u015bmy Ci\u0119 z moim ojcem, a Twoim synem. Ojciec m\u00f3j nie doczeka\u0142 tej chwili, ale na \u0142o\u017cu \u015bmierci obieca\u0142em mu, \u017ce Ci\u0119 odnajd\u0119 i godnie pochowam. Jeste\u015bmy dumni i pe\u0142ni podziwu dla Twojej bohaterskiej postawy, Babinicz. Cze\u015b\u0107, pami\u0119\u0107 i chwa\u0142a bohaterom niez\u0142omnym. Dzi\u0119kujemy za woln\u0105 Polsk\u0119\u201d.<br>Krystian Libera doda\u0142, \u017ce bardzo ubolewa, i\u017c jako rodzina nie posiadaj\u0105 \u017cadnych pami\u0105tek po dziadku. Teraz \u2013 po latach \u2013 z\u0142o\u017cyli szcz\u0105tki do grobu, gdzie mog\u0105 oddawa\u0107 ho\u0142d ppor. Zygmuntowi Liberze \u201eBabiniczowi\u201d, \u017co\u0142nierzowi niepodleg\u0142o\u015bci.<\/p>\n","protected":false},"excerpt":{"rendered":"<p>Tadeusz P\u0142u\u017ca\u0144ski Ppor. Zygmunt Libera ps. Babinicz spocz\u0105\u0142 18 maja br. na cmentarzu komunalnym przy ul. Jask\u00f3\u0142czej w<\/p>\n","protected":false},"author":1,"featured_media":336,"comment_status":"closed","ping_status":"closed","sticky":false,"template":"","format":"standard","meta":{"footnotes":""},"categories":[4,9],"tags":[],"class_list":["post-335","post","type-post","status-publish","format-standard","has-post-thumbnail","hentry","category-publicystyka","category-start"],"_links":{"self":[{"href":"https:\/\/kuriercodziennychicago.com\/index.php\/wp-json\/wp\/v2\/posts\/335","targetHints":{"allow":["GET"]}}],"collection":[{"href":"https:\/\/kuriercodziennychicago.com\/index.php\/wp-json\/wp\/v2\/posts"}],"about":[{"href":"https:\/\/kuriercodziennychicago.com\/index.php\/wp-json\/wp\/v2\/types\/post"}],"author":[{"embeddable":true,"href":"https:\/\/kuriercodziennychicago.com\/index.php\/wp-json\/wp\/v2\/users\/1"}],"replies":[{"embeddable":true,"href":"https:\/\/kuriercodziennychicago.com\/index.php\/wp-json\/wp\/v2\/comments?post=335"}],"version-history":[{"count":1,"href":"https:\/\/kuriercodziennychicago.com\/index.php\/wp-json\/wp\/v2\/posts\/335\/revisions"}],"predecessor-version":[{"id":337,"href":"https:\/\/kuriercodziennychicago.com\/index.php\/wp-json\/wp\/v2\/posts\/335\/revisions\/337"}],"wp:featuredmedia":[{"embeddable":true,"href":"https:\/\/kuriercodziennychicago.com\/index.php\/wp-json\/wp\/v2\/media\/336"}],"wp:attachment":[{"href":"https:\/\/kuriercodziennychicago.com\/index.php\/wp-json\/wp\/v2\/media?parent=335"}],"wp:term":[{"taxonomy":"category","embeddable":true,"href":"https:\/\/kuriercodziennychicago.com\/index.php\/wp-json\/wp\/v2\/categories?post=335"},{"taxonomy":"post_tag","embeddable":true,"href":"https:\/\/kuriercodziennychicago.com\/index.php\/wp-json\/wp\/v2\/tags?post=335"}],"curies":[{"name":"wp","href":"https:\/\/api.w.org\/{rel}","templated":true}]}}