{"id":3484,"date":"2023-03-06T07:27:57","date_gmt":"2023-03-06T13:27:57","guid":{"rendered":"https:\/\/kuriercodziennychicago.com\/?p=3484"},"modified":"2023-03-06T07:27:58","modified_gmt":"2023-03-06T13:27:58","slug":"lze-realizm-donalda-tuska","status":"publish","type":"post","link":"https:\/\/kuriercodziennychicago.com\/index.php\/2023\/03\/06\/lze-realizm-donalda-tuska\/","title":{"rendered":"\u0141\u017ce-realizm Donalda Tuska"},"content":{"rendered":"<div class=\"wp-block-image is-style-rounded\">\n<figure class=\"alignleft size-full is-resized\"><img decoding=\"async\" src=\"https:\/\/kuriercodziennychicago.com\/wp-content\/uploads\/2022\/05\/czarnecki-ryszard-e1674519703884.jpg\" alt=\"\" class=\"wp-image-39\" width=\"52\" height=\"52\" srcset=\"https:\/\/kuriercodziennychicago.com\/wp-content\/uploads\/2022\/05\/czarnecki-ryszard-e1674519703884.jpg 164w, https:\/\/kuriercodziennychicago.com\/wp-content\/uploads\/2022\/05\/czarnecki-ryszard-e1674519703884-150x150.jpg 150w\" sizes=\"(max-width: 52px) 100vw, 52px\" \/><\/figure>\n<\/div>\n\n\n<blockquote class=\"wp-block-quote is-layout-flow wp-block-quote-is-layout-flow\">\n<h3 class=\"wp-block-heading\"><a href=\"https:\/\/naszeblogi.pl\/users\/ryszard-czarnecki\">Ryszard Czarnecki<\/a><\/h3>\n<\/blockquote>\n\n\n\n<p>W historii polskiej my\u015bli politycznej byli tacy, kt\u00f3rzy chcieli blisko wsp\u00f3\u0142pracowa\u0107 z Niemcami przeciw Rosji, tak definiuj\u0105c polski interes narodowy. Takim politykiem by\u0142 np. W\u0142adys\u0142aw Studnicki. Byli te\u017c tacy, kt\u00f3rzy taktycznie, czasowo chcieli zagra\u0107 z Rosj\u0105 przeciwko Niemcom, jak w okresie przed I wojn\u0105 \u015bwiatow\u0105 i w jej trakcie Roman Dmowski. Pi\u0142sudski chcia\u0142 z kolei oprze\u0107 polityk\u0119 polsk\u0105 o Austro-W\u0119gry w kontrze do Moskwy, ale po to, aby w odpowiednim czasie wysi\u0105\u015b\u0107 na przystanku \u201eNiepodleg\u0142o\u015b\u0107\u201d. Mo\u017cna ka\u017cdego z nich krytykowa\u0107 i- zw\u0142aszcza po up\u0142ywie lat &#8211; wskazywa\u0107 b\u0142\u0119dy. Jednak trudno odm\u00f3wi\u0107 im patriotyzmu, a tak\u017ce konsekwencji w dzia\u0142aniu. Min\u0119\u0142o 100 lat i oto mamy w polityce mo\u017ce nie tyle polskiej, co w Polsce (to zasadnicze rozr\u00f3\u017cnienie!) polityka, kt\u00f3ry jednocze\u015bnie i to w tym samym czasie by\u0142 i proniemiecki i prorosyjski. To Donald Tusk. Oczywi\u015bcie nie \u0142\u0105czy\u0142 wody z ogniem, bo Berlin z Moskw\u0105 zgodnie wsp\u00f3\u0142pracowa\u0142y i w wymiarze gospodarczym i geopolitycznym. Tusk chcia\u0142 by\u0107 uznawany za \u201eswojego\u201d i przez naszych zachodnich s\u0105siad\u00f3w i przez wschodnich. \u017beby by\u0142o jasne : obu s\u0105siadom to nie przeszkadza\u0142o. Niemcy byli z pewno\u015bci\u0105 zachwyceni, \u017ce Tusk, w odr\u00f3\u017cnieniu od swoich poprzednik\u00f3w \u2013 premier\u00f3w III RP z pierwsz\u0105 wizyt\u0105 na Wsch\u00f3d wybra\u0142 si\u0119 nie do Kijowa, jak tamci (nawet ci z SLD), ale do Moskwy. Kreml te\u017c sk\u0142ada\u0142 r\u0119ce do oklask\u00f3w, gdy Tusk inwestowa\u0142 w relacje z Berlinem (zw\u0142aszcza swoje osobiste) , a unika\u0142, jak diabe\u0142 \u015bwi\u0119conej wody realnej wsp\u00f3\u0142pracy w ramach Grupy Wyszehradzkiej (bo to si\u0119 nie podoba\u0142o ani Niemcom ani Rosjanom).<\/p>\n\n\n\n<figure class=\"wp-block-image size-full\"><img decoding=\"async\" width=\"815\" height=\"611\" src=\"https:\/\/kuriercodziennychicago.com\/wp-content\/uploads\/2023\/03\/000GJWHPSYD127RD-C122-F4.jpg\" alt=\"\" class=\"wp-image-3485\" srcset=\"https:\/\/kuriercodziennychicago.com\/wp-content\/uploads\/2023\/03\/000GJWHPSYD127RD-C122-F4.jpg 815w, https:\/\/kuriercodziennychicago.com\/wp-content\/uploads\/2023\/03\/000GJWHPSYD127RD-C122-F4-300x225.jpg 300w, https:\/\/kuriercodziennychicago.com\/wp-content\/uploads\/2023\/03\/000GJWHPSYD127RD-C122-F4-768x576.jpg 768w\" sizes=\"(max-width: 815px) 100vw, 815px\" \/><\/figure>\n\n\n\n<p>By\u0142em po raz pierwszy pos\u0142em na Sejm RP , gdy p\u00f3\u017aniej coraz bardziej kontrowersyjny, ale wtedy jednoznaczny Leszek Moczulski rzuci\u0142 z trybuny przy Wiejskiej s\u0142owa o politykach \u2013 chodzi\u0142o o postkomunistyczn\u0105 lewic\u0119 \u2013 kt\u00f3rzy \u201ewidz\u0105 tylko tyle, ile zobacz\u0105 uderzaj\u0105c czo\u0142em o ziemi\u0119\u201d. S\u0142owa te u\u017cyte zosta\u0142y w walce wewn\u0119trznej z rosn\u0105cymi w si\u0142\u0119 sierotami po PZPR, ale znakomicie pasuj\u0105 one do Donalda Tuska. Ten\u017ce ju\u017c nie tyle \u201eczapkowa\u0142\u201d, pada\u0142 do n\u00f3\u017cek, gi\u0105\u0142 si\u0119 kornie, ale w\u0142a\u015bnie wali\u0142 miedzianym czo\u0142em o gleb\u0119 przed Wschodem czyli Rosj\u0105 i Zachodem czyli Niemcami (do USA mia\u0142 stosunek sceptyczny, co jego rz\u0105d pokaza\u0142 przy okazji tarczy antyrakietowej). Nie chodzi tylko o spacery po sopockim molo z Putinem i \u015bciskanie si\u0119 z nim w dniu najwi\u0119kszej tragedii narodowej od II wojny \u015bwiatowej czyli 10 kwietnia 2010 roku. Chodzi o to, \u017ce uwielbiaj\u0105cy gra\u0107 w pi\u0142k\u0119 no\u017cn\u0105 Tusk zaakceptowa\u0142 i by\u0142 twarz\u0105 uczynienia z Polski pi\u0142ki do kopania i przez Rosjan i przez Niemc\u00f3w.<br>\u00a0<br>Rozgoryczony na Tuska, \u017ce ten sprz\u0105tn\u0105\u0142 mu sprzed nosa kluczowe stanowisko w Unii Europejskiej Rados\u0142aw Sikorski (szef MSZ marzy\u0142 o stanowisku szefa unijnej dyplomacji, co si\u0119 wi\u0105za\u0142o z byciem wiceprzewodnicz\u0105cym Komisji Europejskiej ds. polityki zagranicznej i bezpiecze\u0144stwa)w emocjach ujawni\u0142 przebieg rozmowy Putina i Tuska na Kremlu, gdzie wsp\u00f3\u0142czesny rosyjski Iwan Gro\u017any z\u0142o\u017cy\u0142 premierowi III RP propozycj\u0119 podzia\u0142u Ukrainy: jej wschodnie ziemie mia\u0142y wr\u00f3ci\u0107 do Rosji, a zachodnie \u2013 wr\u00f3ci\u0107 do Polski. Tusk s\u0142ucha\u0142 w milczeniu tej oferty \u2013 prowokacji i nie zareagowa\u0142, co oczywi\u015bcie utwierdzi\u0142o Putina, \u017ce Polsk\u0119 mo\u017ce traktowa\u0107 instrumentalnie, bo szef jej rz\u0105du potulnie to akceptuje.<br>Juliusz Mieroszewski pisa\u0142 w swoim czasie, \u017ce polityka polska, aby by\u0142a realistyczna, musi by\u0107 najpierw s\u0142uszna. Polityka Donalda Tuska nie by\u0142a ani realistyczna ani s\u0142uszna: by\u0142a \u0142\u017ce \u2013 realizmem. Aspiracje Tuska wyczerpywa\u0142y jednoczesne pochwa\u0142y rosyjskich medi\u00f3w, i\u017c jest &#8221; naszym cz\u0142owiekiem w Warszawie&#8221;, a z drugiej nagrody i tytu\u0142y przyznawane przez niemieckie organizacje i instytuty. Tusk by\u0142 \u201epremierem na telefon\u201d obu tych pa\u0144stw, kt\u00f3re kiedy\u015b symbolizowane by\u0142y przez czarne or\u0142y.<br>Marzeniem Moskwy i Berlina jest to, aby Tusk wr\u00f3ci\u0142 do w\u0142adzy. Nie warto spe\u0142nia\u0107 cudzych marze\u0144\u2026<\/p>\n","protected":false},"excerpt":{"rendered":"<p>Ryszard Czarnecki W historii polskiej my\u015bli politycznej byli tacy, kt\u00f3rzy chcieli blisko wsp\u00f3\u0142pracowa\u0107 z Niemcami przeciw Rosji, tak<\/p>\n","protected":false},"author":1,"featured_media":3485,"comment_status":"closed","ping_status":"closed","sticky":false,"template":"","format":"standard","meta":{"footnotes":""},"categories":[2,9],"tags":[],"class_list":["post-3484","post","type-post","status-publish","format-standard","has-post-thumbnail","hentry","category-polityka","category-start"],"_links":{"self":[{"href":"https:\/\/kuriercodziennychicago.com\/index.php\/wp-json\/wp\/v2\/posts\/3484","targetHints":{"allow":["GET"]}}],"collection":[{"href":"https:\/\/kuriercodziennychicago.com\/index.php\/wp-json\/wp\/v2\/posts"}],"about":[{"href":"https:\/\/kuriercodziennychicago.com\/index.php\/wp-json\/wp\/v2\/types\/post"}],"author":[{"embeddable":true,"href":"https:\/\/kuriercodziennychicago.com\/index.php\/wp-json\/wp\/v2\/users\/1"}],"replies":[{"embeddable":true,"href":"https:\/\/kuriercodziennychicago.com\/index.php\/wp-json\/wp\/v2\/comments?post=3484"}],"version-history":[{"count":1,"href":"https:\/\/kuriercodziennychicago.com\/index.php\/wp-json\/wp\/v2\/posts\/3484\/revisions"}],"predecessor-version":[{"id":3486,"href":"https:\/\/kuriercodziennychicago.com\/index.php\/wp-json\/wp\/v2\/posts\/3484\/revisions\/3486"}],"wp:featuredmedia":[{"embeddable":true,"href":"https:\/\/kuriercodziennychicago.com\/index.php\/wp-json\/wp\/v2\/media\/3485"}],"wp:attachment":[{"href":"https:\/\/kuriercodziennychicago.com\/index.php\/wp-json\/wp\/v2\/media?parent=3484"}],"wp:term":[{"taxonomy":"category","embeddable":true,"href":"https:\/\/kuriercodziennychicago.com\/index.php\/wp-json\/wp\/v2\/categories?post=3484"},{"taxonomy":"post_tag","embeddable":true,"href":"https:\/\/kuriercodziennychicago.com\/index.php\/wp-json\/wp\/v2\/tags?post=3484"}],"curies":[{"name":"wp","href":"https:\/\/api.w.org\/{rel}","templated":true}]}}