{"id":3570,"date":"2023-03-19T12:24:06","date_gmt":"2023-03-19T17:24:06","guid":{"rendered":"https:\/\/kuriercodziennychicago.com\/?p=3570"},"modified":"2023-03-19T12:24:07","modified_gmt":"2023-03-19T17:24:07","slug":"ks-pralat-bolczyk-ks-blachnicki-upominal-sie-o-prawa-czlowieka-i-jego-godnosc","status":"publish","type":"post","link":"https:\/\/kuriercodziennychicago.com\/index.php\/2023\/03\/19\/ks-pralat-bolczyk-ks-blachnicki-upominal-sie-o-prawa-czlowieka-i-jego-godnosc\/","title":{"rendered":"Ks. pra\u0142at Bolczyk: Ks. Blachnicki upomina\u0142 si\u0119 o prawa cz\u0142owieka i jego godno\u015b\u0107"},"content":{"rendered":"\n<p><strong>W krajach Europy Zachodniej cz\u0119sto dokonywano pewnej manipulacji, poniewa\u017c nie upominano si\u0119 o kraje Europy Wschodniej, o ich kultur\u0119 i \u017cycie spo\u0142eczne, dlatego w swoim nauczaniu ks. Blachnicki upomina\u0142 si\u0119 cz\u0119sto o prawa cz\u0142owieka i jego godno\u015b\u0107 \u2013 podkre\u015bli\u0142 ks. pra\u0142at Henryk Bolczyk, moderator krajowy i generalny Ruchu \u015awiat\u0142o-\u017bycie w latach 1985-2001. IPN ustali\u0142, \u017ce \u015bmier\u0107 za\u0142o\u017cyciela Ruchu Czcigodnego S\u0142ugi Bo\u017cego ks. Franciszka Blachnickiego by\u0142a morderstwem na skutek podania mu substancji toksycznych, o czym poinformowano 14 marca.<\/strong><\/p>\n\n\n\n<p>Jak podkre\u015bli\u0142 ks. pra\u0142at Henryk Bolczyk, \u015bmier\u0107 ks. Blachnickiego mia\u0142a \u201epod\u0142o\u017ce wiary, a nie polityki&#8221;. Zaznaczy\u0142, \u017ce ca\u0142e \u017cycie za\u0142o\u017cyciela ruchu oazowego \u201enie by\u0142o uprawianiem polityki, ale nauki spo\u0142ecznej Ko\u015bcio\u0142a, kt\u00f3ra dotyka\u0142a kwestii praw cz\u0142owieka, praw wolno\u015bci do w\u0142asnych pogl\u0105d\u00f3w i wolno\u015bci do wyra\u017cania swoich opinii&#8221;.<\/p>\n\n\n<div class=\"wp-block-image\">\n<figure class=\"aligncenter size-full\"><img decoding=\"async\" width=\"392\" height=\"532\" src=\"https:\/\/kuriercodziennychicago.com\/wp-content\/uploads\/2023\/03\/Franciszek_Blachnicki.jpg\" alt=\"\" class=\"wp-image-3571\" srcset=\"https:\/\/kuriercodziennychicago.com\/wp-content\/uploads\/2023\/03\/Franciszek_Blachnicki.jpg 392w, https:\/\/kuriercodziennychicago.com\/wp-content\/uploads\/2023\/03\/Franciszek_Blachnicki-221x300.jpg 221w\" sizes=\"(max-width: 392px) 100vw, 392px\" \/><\/figure>\n<\/div>\n\n\n<p>Ks. S\u0142awomir Wojciechowski pracuj\u0105cy we Francji, od lat zwi\u0105zany z ruchem oazowym, w rozmowie z portalem polonijnym Polskifr.fr podkre\u015bli\u0142, \u017ce ks. Franciszek Blachnicki \u201erobi\u0142 wszystko, \u017ceby og\u0142osi\u0107 Dobr\u0105 Nowin\u0119, \u017ce Jezus Chrystus jest tym, kt\u00f3ry wyzwala ludy i narody z r\u00f3\u017cnych rodzaj\u00f3w niewoli&#8221;.&nbsp; W zwi\u0105zku z tym \u201eoaza objawia si\u0119 jako to \u017ar\u00f3d\u0142o nowego \u017cycia \u2013 wyzwolenia, w ka\u017cdym wymiarze \u017cycia cz\u0142owieka&#8221;.<\/p>\n\n\n\n<p>\u017bycie ks. Franciszka Blachnickiego nie by\u0142o nigdy uprawianiem polityki, tylko og\u0142aszaniem nauki Ko\u015bcio\u0142a, kt\u00f3ra \u201edotyka ka\u017cdego cz\u0142owieka w ka\u017cdej sferze jego \u017cycia, ca\u0142ego cz\u0142owieka w ka\u017cdym jego wymiarze: rodzinnym, wsp\u00f3lnotowym, spo\u0142ecznym, podejmowanych prac, jak i osobistej relacji mi\u0119dzy Bogiem a nim samym&#8221;.<\/p>\n\n\n\n<p>Ks. Blachnicki by\u0142 darem dla innych. \u201ePosiada\u0107 siebie, aby ofiarowa\u0107 \u2013 to jest wz\u00f3r cz\u0142owieka. Nie branie dla siebie, tylko \u017cycie od siebie. Bo tyle mam, ile dam. Nie mam nic, co bym mia\u0142, je\u017celi tego nie dam&#8221; \u2013 podkre\u015bli\u0142 ks. Wojciechowski, przypominaj\u0105c tak\u017ce posta\u0107 \u015bw. o. Maksymiliana Kolbego, kt\u00f3ry r\u00f3wnie\u017c jest wzorem oddania \u017cycia za drugiego cz\u0142owieka.<\/p>\n\n\n\n<p>Wa\u017cn\u0105 osob\u0105 w \u017cyciu ks. Blachnickiego by\u0142a Maryja jako wz\u00f3r prawdziwej wolno\u015bci. \u201eKs. Blachnicki by\u0142 str\u00f3\u017cem i aposto\u0142em nios\u0105cym jutrzenk\u0119 wolno\u015bci w Maryi, Niepokalanej Dziewicy. Czyta\u0142 j\u0105 na ka\u017cdym kroku jako t\u0119, kt\u00f3ra w pe\u0142ni do\u015bwiadcza\u0142a wyzwolenia od grzechu, od \u015bmierci, by\u0142a w pe\u0142ni wolna w dawaniu siebie dla innych&#8221; \u2013 powiedzia\u0142 ks. S\u0142awomir Wojciechowski w rozmowie z Polskifr.fr.<\/p>\n\n\n\n<p>\u201eKs. Blachnicki zawsze chcia\u0142, \u017ceby g\u0142osi\u0107 Ewangeli\u0119, a nie uprawia\u0107 polityki. Nawet je\u015bli m\u00f3wi\u0142 o wyzwoleniu narod\u00f3w s\u0142owia\u0144skich spod niewoli komunistycznej, to nie by\u0142a walka polityczna, ale o wyzwolenie cz\u0142owieka&#8221; \u2013 podsumowa\u0142 ks. Wojciechowski, wyra\u017caj\u0105c nadziej\u0119, \u017ce informacja o morderstwie dokonanym na ks. Blachnickim nie zostanie odebrana politycznie, ale w duchu wiary.<\/p>\n\n\n\n<p>Ks. Franciszek Blachnicki urodzi\u0142 si\u0119 24 marca 1921 r. w Rybniku. Przed II wojn\u0105 \u015bwiatow\u0105 by\u0142 aktywnym uczestnikiem polskiego harcerstwa. Po zako\u0144czeniu wojny wst\u0105pi\u0142 do Wy\u017cszego Seminarium Duchownego w Krakowie, a w 1950 r. zosta\u0142 kap\u0142anem. Najwi\u0119kszym i najbardziej ambitnym dzie\u0142em ks. Franciszka Blachnickiego by\u0142 oazowy Ruch \u015awiat\u0142o-\u017bycie, w kt\u00f3rym w latach 1964\u20131989 wzi\u0119\u0142o udzia\u0142 ok. 2 mln os\u00f3b. Spotka\u0142 si\u0119 z represjami ze strony w\u0142adzy komunistycznej. Dzi\u015b ju\u017c wiadomo, \u017ce jego nag\u0142a \u015bmier\u0107 27 lutego 1987 r. nast\u0105pi\u0142a na skutek morderstwa, a nie z przyczyn naturalnych.<\/p>\n\n\n\n<p>Ks. Blachnicki jest wa\u017cn\u0105 postaci\u0105 dla Polonii. Na emigracji w niemieckim Carlsbergu za\u0142o\u017cy\u0142 Instytut Niepokalanej Matki Ko\u015bcio\u0142a, O\u015brodek \u201eMarianum&#8221; i \u201eChrze\u015bcija\u0144sk\u0105 S\u0142u\u017cb\u0119 Wyzwolenia Narod\u00f3w&#8221;. Rozwija\u0142 te\u017c inicjatywy zwi\u0105zane z dzia\u0142alno\u015bci\u0105 Ruchu \u015awiat\u0142o-\u017bycie.<\/p>\n\n\n\n<blockquote class=\"wp-block-quote is-layout-flow wp-block-quote-is-layout-flow\">\n<p><em>Polskifr.fr<\/em><\/p>\n<\/blockquote>\n","protected":false},"excerpt":{"rendered":"<p>W krajach Europy Zachodniej cz\u0119sto dokonywano pewnej manipulacji, poniewa\u017c nie upominano si\u0119 o kraje Europy Wschodniej, o ich<\/p>\n","protected":false},"author":1,"featured_media":3571,"comment_status":"closed","ping_status":"closed","sticky":false,"template":"","format":"standard","meta":{"footnotes":""},"categories":[3,9],"tags":[],"class_list":["post-3570","post","type-post","status-publish","format-standard","has-post-thumbnail","hentry","category-religia","category-start"],"_links":{"self":[{"href":"https:\/\/kuriercodziennychicago.com\/index.php\/wp-json\/wp\/v2\/posts\/3570","targetHints":{"allow":["GET"]}}],"collection":[{"href":"https:\/\/kuriercodziennychicago.com\/index.php\/wp-json\/wp\/v2\/posts"}],"about":[{"href":"https:\/\/kuriercodziennychicago.com\/index.php\/wp-json\/wp\/v2\/types\/post"}],"author":[{"embeddable":true,"href":"https:\/\/kuriercodziennychicago.com\/index.php\/wp-json\/wp\/v2\/users\/1"}],"replies":[{"embeddable":true,"href":"https:\/\/kuriercodziennychicago.com\/index.php\/wp-json\/wp\/v2\/comments?post=3570"}],"version-history":[{"count":1,"href":"https:\/\/kuriercodziennychicago.com\/index.php\/wp-json\/wp\/v2\/posts\/3570\/revisions"}],"predecessor-version":[{"id":3572,"href":"https:\/\/kuriercodziennychicago.com\/index.php\/wp-json\/wp\/v2\/posts\/3570\/revisions\/3572"}],"wp:featuredmedia":[{"embeddable":true,"href":"https:\/\/kuriercodziennychicago.com\/index.php\/wp-json\/wp\/v2\/media\/3571"}],"wp:attachment":[{"href":"https:\/\/kuriercodziennychicago.com\/index.php\/wp-json\/wp\/v2\/media?parent=3570"}],"wp:term":[{"taxonomy":"category","embeddable":true,"href":"https:\/\/kuriercodziennychicago.com\/index.php\/wp-json\/wp\/v2\/categories?post=3570"},{"taxonomy":"post_tag","embeddable":true,"href":"https:\/\/kuriercodziennychicago.com\/index.php\/wp-json\/wp\/v2\/tags?post=3570"}],"curies":[{"name":"wp","href":"https:\/\/api.w.org\/{rel}","templated":true}]}}