{"id":3637,"date":"2023-03-21T20:19:16","date_gmt":"2023-03-22T01:19:16","guid":{"rendered":"https:\/\/kuriercodziennychicago.com\/?p=3637"},"modified":"2023-03-21T20:19:17","modified_gmt":"2023-03-22T01:19:17","slug":"wybitny-teolog-i-goracy-patriota-100-lat-temu-odszedl-jeden-z-najwybitniejszych-polskich-biskupow","status":"publish","type":"post","link":"https:\/\/kuriercodziennychicago.com\/index.php\/2023\/03\/21\/wybitny-teolog-i-goracy-patriota-100-lat-temu-odszedl-jeden-z-najwybitniejszych-polskich-biskupow\/","title":{"rendered":"Wybitny teolog i gor\u0105cy patriota. 100 lat temu odszed\u0142 jeden z najwybitniejszych polskich biskup\u00f3w"},"content":{"rendered":"\n<p><strong>Dok\u0142adnie sto lat temu, 20 marca 1923 roku do Domu Ojca odszed\u0142 \u015bw. J\u00f3zef Bilczewski, arcybiskup lwowski. By\u0142 wybitnym teologiem i gor\u0105cym patriot\u0105, zas\u0142u\u017conym zw\u0142aszcza dla ziemi lwowskiej. Wytrwale zbli\u017ca\u0142 wiernych do Eucharystii i cz\u0119stej Komunii \u015bwi\u0119tej oraz do kultu maryjnego, oddaj\u0105c Maryi cze\u015b\u0107 szczeg\u00f3lnie w wizerunku jasnog\u00f3rskim.<\/strong><\/p>\n\n\n\n<p>J\u00f3zef Bilczewski urodzi\u0142 si\u0119 26 kwietnia 1860 r. w Wilamowicach ko\u0142o K\u0119t. Po uko\u0144czeniu szko\u0142y podstawowej w Wilamowicach, a potem w K\u0119tach, ucz\u0119szcza\u0142 do gimnazjum w Wadowicach, gdzie zda\u0142 matur\u0119 w czerwcu 1880 r., i wst\u0105pi\u0142 do seminarium duchownego w Krakowie. 6 lipca 1884 r. przyj\u0105\u0142 tu \u015bwi\u0119cenia kap\u0142a\u0144skie. W latach 1886-1888 odby\u0142 studia teologiczne w Wiedniu (gdzie uzyska\u0142 doktorat z teologii), w Rzymie i Pary\u017cu. Po powrocie do kraju by\u0142 wikariuszem w K\u0119tach i w Krakowie. W 1890 r. uzyska\u0142 habilitacj\u0119 na Uniwersytecie Jagiello\u0144skim. W rok p\u00f3\u017aniej zosta\u0142 profesorem teologii dogmatycznej na Uniwersytecie Jana Kazimierza we Lwowie, na kt\u00f3rym przez pewien okres pe\u0142ni\u0142 funkcj\u0119 dziekana wydzia\u0142u teologicznego i rektora. Jako profesor uniwersytetu by\u0142 bardzo ceniony przez student\u00f3w, cieszy\u0142 si\u0119 szacunkiem i przyja\u017ani\u0105 innych pracownik\u00f3w naukowych. Opublikowa\u0142 wiele artyku\u0142\u00f3w z dziedziny teologii i archeologii chrze\u015bcija\u0144skiej, a tak\u017ce na temat Eucharystii.<\/p>\n\n\n\n<figure class=\"wp-block-image size-large\"><img decoding=\"async\" width=\"760\" height=\"1024\" src=\"https:\/\/kuriercodziennychicago.com\/wp-content\/uploads\/2023\/03\/719e27ab4e196e87a0606b49536f77ac860000-760x1024.jpg\" alt=\"\" class=\"wp-image-3638\" srcset=\"https:\/\/kuriercodziennychicago.com\/wp-content\/uploads\/2023\/03\/719e27ab4e196e87a0606b49536f77ac860000-760x1024.jpg 760w, https:\/\/kuriercodziennychicago.com\/wp-content\/uploads\/2023\/03\/719e27ab4e196e87a0606b49536f77ac860000-223x300.jpg 223w, https:\/\/kuriercodziennychicago.com\/wp-content\/uploads\/2023\/03\/719e27ab4e196e87a0606b49536f77ac860000-768x1034.jpg 768w, https:\/\/kuriercodziennychicago.com\/wp-content\/uploads\/2023\/03\/719e27ab4e196e87a0606b49536f77ac860000.jpg 859w\" sizes=\"(max-width: 760px) 100vw, 760px\" \/><\/figure>\n\n\n\n<p><br>17 grudnia 1900 r. Leon XIII mianowa\u0142 40-letniego ks. pra\u0142. J\u00f3zefa Bilczewskiego arcybiskupem lwowskim obrz\u0105dku \u0142aci\u0144skiego. Konsekracja biskupia odby\u0142a si\u0119 20 stycznia 1901 r. w katedrze we Lwowie. Nowy biskup wyr\u00f3\u017cnia\u0142 si\u0119 ogromn\u0105 dobroci\u0105 serca, wyrozumia\u0142o\u015bci\u0105, pokor\u0105, pobo\u017cno\u015bci\u0105, pracowito\u015bci\u0105 i gorliwo\u015bci\u0105 duszpastersk\u0105, kt\u00f3re p\u0142yn\u0119\u0142y z wielkiej mi\u0142o\u015bci do Boga i bli\u017aniego. By\u0142 m\u0119\u017cem modlitwy, kt\u00f3ra inspirowa\u0142a wszelk\u0105 jego dzia\u0142alno\u015b\u0107. Fundowa\u0142 ko\u015bcio\u0142y i kaplice, szko\u0142y i ochronki, krzewi\u0142 o\u015bwiat\u0119. Wspiera\u0142 duchowo i materialnie wszystkie wa\u017cniejsze dzie\u0142a powstaj\u0105ce w archidiecezji lwowskiej. Uwa\u017ca\u0142, \u017ce jego obowi\u0105zkiem jest bronienie i ratowanie obrz\u0105dku \u0142aci\u0144skiego, za kt\u00f3ry odpowiada\u0142 przed Bogiem i Ko\u015bcio\u0142em, w\u0142asnym sumieniem i narodem. \u017bycie abp. J\u00f3zefa Bilczewskiego, wype\u0142nione modlitw\u0105, prac\u0105 i dzie\u0142ami mi\u0142osierdzia, sprawi\u0142o, \u017ce cieszy\u0142 si\u0119 wielkim szacunkiem ludzi wszystkich wyzna\u0144, obrz\u0105dk\u00f3w i narodowo\u015bci.<br>W duchu nauczania Piusa X zbli\u017ca\u0142 wiernych do Eucharystii, cz\u0119stej Komunii \u015bw., pobo\u017cnego uczestniczenia w Mszy \u015bw. W czasach I wojny \u015bwiatowej rozwija\u0142 kult Naj\u015bwi\u0119tszego Serca Pana Jezusa, ukazuj\u0105c ludziom niesko\u0144czon\u0105 mi\u0142o\u015b\u0107 Boga, zdoln\u0105 do przebaczenia i darowania wszystkich grzech\u00f3w. Czci\u0105 i mi\u0142o\u015bci\u0105 najlepszego syna otacza\u0142 Matk\u0119 Naj\u015bwi\u0119tsz\u0105, nazywaj\u0105c J\u0105 sw\u0105 \u00abMatuchn\u0105\u00bb. Pragn\u0105\u0142, by tak\u0105 sam\u0105 pobo\u017cno\u015bci\u0105 darzyli J\u0105 wierni archidiecezji, na\u015bladuj\u0105c Jej cnoty, szczeg\u00f3lnie ca\u0142kowite zaufanie Bogu.<\/p>\n\n\n\n<p><br>Umar\u0142 z przepracowania 20 marca 1923 r. Jego zabalsamowane serce umieszczono w kaplicy b\u0142. Jakuba w bazylice katedralnej we Lwowie, a cia\u0142o zosta\u0142o z\u0142o\u017cone w grobie na cmentarzu janowskim, gdzie grzebano ubogich, dla kt\u00f3rych by\u0142 zawsze ojcem i opiekunem.<\/p>\n\n\n\n<p><br>Staraniem archidiecezji lwowskiej przeprowadzono proces beatyfikacyjny J\u00f3zefa Bilczewskiego, kt\u00f3rego pierwsza faza zosta\u0142a zako\u0144czona 18 grudnia 1997 r. og\u0142oszeniem przez \u015bw. Jana Paw\u0142a II dekretu o heroiczno\u015bci jego cn\u00f3t. W czerwcu 2001 r. za cudowny zosta\u0142 uznany przez Kongregacj\u0119 Spraw Kanonizacyjnych fakt nag\u0142ego, trwa\u0142ego i niewyt\u0142umaczalnego co do sposobu uzdrowienia dziewi\u0119cioletniego ch\u0142opca Marcina Gawlika z bardzo ci\u0119\u017ckich poparze\u0144, dokonanego przez Boga za wstawiennictwem J\u00f3zefa Bilczewskiego &#8211; co otworzy\u0142o drog\u0119 do beatyfikacji arcybiskupa lwowskiego. Dokona\u0142 jej \u015bw. Jan Pawe\u0142 II 26 czerwca 2001 r. we Lwowie podczas swej podr\u00f3\u017cy apostolskiej na Ukrain\u0119. W 2005 r. \u015bwi\u0119tym og\u0142osi\u0142 go papie\u017c Benedykt XVI.<\/p>\n\n\n\n<blockquote class=\"wp-block-quote is-layout-flow wp-block-quote-is-layout-flow\">\n<p><em>Brewiarz.pl<\/em><\/p>\n<\/blockquote>\n","protected":false},"excerpt":{"rendered":"<p>Dok\u0142adnie sto lat temu, 20 marca 1923 roku do Domu Ojca odszed\u0142 \u015bw. J\u00f3zef Bilczewski, arcybiskup lwowski. By\u0142<\/p>\n","protected":false},"author":1,"featured_media":3638,"comment_status":"closed","ping_status":"closed","sticky":false,"template":"","format":"standard","meta":{"footnotes":""},"categories":[3,9],"tags":[],"class_list":["post-3637","post","type-post","status-publish","format-standard","has-post-thumbnail","hentry","category-religia","category-start"],"_links":{"self":[{"href":"https:\/\/kuriercodziennychicago.com\/index.php\/wp-json\/wp\/v2\/posts\/3637","targetHints":{"allow":["GET"]}}],"collection":[{"href":"https:\/\/kuriercodziennychicago.com\/index.php\/wp-json\/wp\/v2\/posts"}],"about":[{"href":"https:\/\/kuriercodziennychicago.com\/index.php\/wp-json\/wp\/v2\/types\/post"}],"author":[{"embeddable":true,"href":"https:\/\/kuriercodziennychicago.com\/index.php\/wp-json\/wp\/v2\/users\/1"}],"replies":[{"embeddable":true,"href":"https:\/\/kuriercodziennychicago.com\/index.php\/wp-json\/wp\/v2\/comments?post=3637"}],"version-history":[{"count":1,"href":"https:\/\/kuriercodziennychicago.com\/index.php\/wp-json\/wp\/v2\/posts\/3637\/revisions"}],"predecessor-version":[{"id":3639,"href":"https:\/\/kuriercodziennychicago.com\/index.php\/wp-json\/wp\/v2\/posts\/3637\/revisions\/3639"}],"wp:featuredmedia":[{"embeddable":true,"href":"https:\/\/kuriercodziennychicago.com\/index.php\/wp-json\/wp\/v2\/media\/3638"}],"wp:attachment":[{"href":"https:\/\/kuriercodziennychicago.com\/index.php\/wp-json\/wp\/v2\/media?parent=3637"}],"wp:term":[{"taxonomy":"category","embeddable":true,"href":"https:\/\/kuriercodziennychicago.com\/index.php\/wp-json\/wp\/v2\/categories?post=3637"},{"taxonomy":"post_tag","embeddable":true,"href":"https:\/\/kuriercodziennychicago.com\/index.php\/wp-json\/wp\/v2\/tags?post=3637"}],"curies":[{"name":"wp","href":"https:\/\/api.w.org\/{rel}","templated":true}]}}