{"id":3643,"date":"2023-03-21T20:22:19","date_gmt":"2023-03-22T01:22:19","guid":{"rendered":"https:\/\/kuriercodziennychicago.com\/?p=3643"},"modified":"2023-03-21T20:22:20","modified_gmt":"2023-03-22T01:22:20","slug":"sw-mikolaj-z-flue-przez-19-lat-odzywial-sie-tylko-eucharystia","status":"publish","type":"post","link":"https:\/\/kuriercodziennychicago.com\/index.php\/2023\/03\/21\/sw-mikolaj-z-flue-przez-19-lat-odzywial-sie-tylko-eucharystia\/","title":{"rendered":"\u015aw. Miko\u0142aj z Flue &#8211; przez 19 lat od\u017cywia\u0142 si\u0119 tylko Eucharysti\u0105"},"content":{"rendered":"\n<p><strong>Miko\u0142aj (znany r\u00f3wnie\u017c jako brat Klaus, Nicolaus de Rupe, Nicolas de la Roche) urodzi\u0142 si\u0119 w 1417 r. w Fl\u00fce, w pobli\u017cu Sachseln (w kantonie Unterwalden w Szwajcarii), nad Jeziorem Czterech Kanton\u00f3w. Jego ojciec, Henryk, by\u0142 skromnym i prostym g\u00f3ralem, ale mia\u0142 taki autorytet, \u017ce piastowa\u0142 r\u00f3\u017cne stanowiska, tak w s\u0105downictwie, jak i w zarz\u0105dzie i sejmiku lokalnym.<\/strong><\/p>\n\n\n\n<p>Miko\u0142aj pocz\u0105tkowo zamierza\u0142 po\u015bwi\u0119ci\u0107 si\u0119 wy\u0142\u0105cznie s\u0142u\u017cbie Bogu. Wst\u0105pi\u0142 do benedyktyn\u00f3w w Engelberg. Ostatecznie jednak wr\u00f3ci\u0142 do \u015bwiata, a nawet za rad\u0105 rodzic\u00f3w wst\u0105pi\u0142 w zwi\u0105zek ma\u0142\u017ce\u0144ski. Z Dorot\u0105 Wyss mia\u0142 10 dzieci: 5 syn\u00f3w i 5 c\u00f3rek. Najm\u0142odszy syn po zdobyciu stopnia akademickiego zosta\u0142 proboszczem w Sachseln. Mieszka\u0144cy kantonu mieli tak wielkie zaufanie do Miko\u0142aja, \u017ce wybrali go na radc\u0119 i kantonalnego s\u0119dziego oraz deputowanego do federacji kanton\u00f3w szwajcarskich. W latach 1433-1460 Miko\u0142aj pe\u0142ni\u0142 s\u0142u\u017cb\u0119 wojskow\u0105 w randze oficera. Wyr\u00f3\u017cnia\u0142 si\u0119 \u0142agodno\u015bci\u0105 w traktowaniu je\u0144c\u00f3w, opiek\u0105 nad ko\u015bcio\u0142ami i nad ubogimi. To wszystko zyskiwa\u0142o mu powszechny szacunek i mi\u0142o\u015b\u0107.<\/p>\n\n\n<div class=\"wp-block-image\">\n<figure class=\"alignleft size-full is-resized\"><img decoding=\"async\" src=\"https:\/\/kuriercodziennychicago.com\/wp-content\/uploads\/2023\/03\/154px-Nicholas-Flue.jpg\" alt=\"\" class=\"wp-image-3644\" width=\"309\" height=\"482\"\/><\/figure>\n<\/div>\n\n\n<p>Po kampanii wojennej, za zezwoleniem ma\u0142\u017conki i zabezpieczywszy odpowiednio rodzin\u0119, ponownie wst\u0105pi\u0142 do klasztoru reformowanych benedyktyn\u00f3w nazywaj\u0105cych si\u0119 &#8222;Przyjaci\u00f3\u0142mi Boga&#8221; (1467); mia\u0142 ju\u017c wtedy 50 lat. We \u015bnie otrzyma\u0142 jednak napomnienie, \u017ce wol\u0105 Bo\u017c\u0105 jest, aby w rodzinnych stronach jako pustelnik budowa\u0142 i zach\u0119ca\u0142 do bogobojnego \u017cycia swoich wsp\u00f3\u0142ziomk\u00f3w. Dlatego za\u0142o\u017cy\u0142 w Ranft w pobli\u017cu Fl\u00fce ma\u0142y domek i kapliczk\u0119, gdzie modlitw\u0119 \u0142\u0105czy\u0142 z uczynkami pokutnymi. S\u0142awa pustelnika zacz\u0119\u0142a \u015bci\u0105ga\u0107 do niego ciekawych i pobo\u017cnych. Korzysta\u0142 z ka\u017cdej okazji, by m\u00f3wi\u0107 o Panu Bogu i o konieczno\u015bci zbawienia swojej duszy. Dop\u00f3ki nie otrzyma\u0142 w\u0142asnego kapelana, chodzi\u0142 na Msz\u0119 do pobliskiego miasteczka, gdzie ksi\u0119dzem by\u0142 jego syn.<\/p>\n\n\n\n<p>Kiedy w roku 1473 nieomal ponownie nie dosz\u0142o do wojny z Austri\u0105, Miko\u0142aj podj\u0105\u0142 si\u0119 trudu, by za\u0142agodzi\u0107 zaogniony sp\u00f3r. W roku 1481 wybuch\u0142a wojna domowa mi\u0119dzy kantonami Szwajcarii. W\u00f3wczas Miko\u0142aj uratowa\u0142 jedno\u015b\u0107 Szwajcarii. Przez proboszcza Stans, Heimo am Grund, kt\u00f3ry przyby\u0142 do niego po rad\u0119, przekaza\u0142, \u017ce ka\u017cde z miast i kanton\u00f3w musi si\u0119 zrzec swoich specjalnych przywilej\u00f3w i praw. Dzi\u0119ki temu podpisano tzw. &#8222;umowy ze Stans&#8221; i utworzono Zwi\u0105zek Szwajcarski. Wdzi\u0119czni mieszka\u0144cy tego kraju nadali mu tytu\u0142 &#8222;Ojca Ojczyzny&#8221;. Popularnie za\u015b zwano go z niemiecka &#8222;Bratem Klausem&#8221; (Bruder Klaus).<\/p>\n\n\n\n<p>By\u0142 jednym z najwybitniejszych mistrz\u00f3w medytacji i mistyk\u00f3w u schy\u0142ku \u015bredniowiecza. Obdarowany zosta\u0142 niezwyk\u0142ymi charyzmatami &#8211; przez 19 lat jego po\u017cywieniem by\u0142a wy\u0142\u0105cznie Eucharystia. Fakt ten zosta\u0142 potwierdzony kanonicznym procesem. Uciekano si\u0119 do niego we wszelkich potrzebach, radzono si\u0119 w najtrudniejszych sprawach, proszono o modlitw\u0119. Nawr\u00f3ci\u0142 wiele zb\u0142\u0105kanych dusz.<\/p>\n\n\n\n<p>Zmar\u0142 21 marca 1487 roku po kr\u00f3tkiej, ale bolesnej chorobie (spotyka si\u0119 te\u017c dat\u0119 18 marca tego roku). Pan B\u00f3g ws\u0142awi\u0142 jego gr\u00f3b licznymi cudami, kt\u00f3re zosta\u0142y spisane w osobnej ksi\u0119dze. W roku 1501 powsta\u0142 jego pierwszy \u017cywot.<\/p>\n\n\n\n<p>Proces kanoniczny m\u00f3g\u0142 si\u0119 jednak rozpocz\u0105\u0107 dopiero w roku 1587, ze wzgl\u0119du na okres wojen religijno-politycznych w Szwajcarii. 8 marca 1669 r. papie\u017c Klemens IX beatyfikowa\u0142 Miko\u0142aja i zezwoli\u0142 na jego kult, a papie\u017c Klemens X rozszerzy\u0142 ten kult na ca\u0142\u0105 Szwajcari\u0119, a przede wszystkim na diecezj\u0119 w Konstancji, na kt\u00f3rej terenie znajduje si\u0119 Fl\u00fce i Sachseln. 15 maja 1947 r. papie\u017c Pius XII dokona\u0142 uroczystej kanonizacji Miko\u0142aja, og\u0142aszaj\u0105c go r\u00f3wnocze\u015bnie g\u0142\u00f3wnym patronem Szwajcarii. Jego cia\u0142o doznaje czci w ko\u015bciele parafialnym w Sachseln, najbli\u017cszym miejsca urodzenia. Jest ponadto patronem papieskiej Gwardii Szwajcarskiej, s\u0119dzi\u00f3w, radnych, rodzin wielodzietnych.<\/p>\n\n\n\n<p>W ikonografii \u015bw. Miko\u0142aj przedstawiany jest w d\u0142ugiej pokutnej szacie, boso. Jego atrybutami s\u0105: kij w\u0119drowca, wieniec z r\u00f3\u017c, krzak cierniowy.<\/p>\n\n\n\n<blockquote class=\"wp-block-quote is-layout-flow wp-block-quote-is-layout-flow\">\n<p><em>Brewiarz.pl<\/em><\/p>\n<\/blockquote>\n","protected":false},"excerpt":{"rendered":"<p>Miko\u0142aj (znany r\u00f3wnie\u017c jako brat Klaus, Nicolaus de Rupe, Nicolas de la Roche) urodzi\u0142 si\u0119 w 1417 r.<\/p>\n","protected":false},"author":1,"featured_media":3644,"comment_status":"closed","ping_status":"closed","sticky":false,"template":"","format":"standard","meta":{"footnotes":""},"categories":[3,9],"tags":[],"class_list":["post-3643","post","type-post","status-publish","format-standard","has-post-thumbnail","hentry","category-religia","category-start"],"_links":{"self":[{"href":"https:\/\/kuriercodziennychicago.com\/index.php\/wp-json\/wp\/v2\/posts\/3643","targetHints":{"allow":["GET"]}}],"collection":[{"href":"https:\/\/kuriercodziennychicago.com\/index.php\/wp-json\/wp\/v2\/posts"}],"about":[{"href":"https:\/\/kuriercodziennychicago.com\/index.php\/wp-json\/wp\/v2\/types\/post"}],"author":[{"embeddable":true,"href":"https:\/\/kuriercodziennychicago.com\/index.php\/wp-json\/wp\/v2\/users\/1"}],"replies":[{"embeddable":true,"href":"https:\/\/kuriercodziennychicago.com\/index.php\/wp-json\/wp\/v2\/comments?post=3643"}],"version-history":[{"count":1,"href":"https:\/\/kuriercodziennychicago.com\/index.php\/wp-json\/wp\/v2\/posts\/3643\/revisions"}],"predecessor-version":[{"id":3645,"href":"https:\/\/kuriercodziennychicago.com\/index.php\/wp-json\/wp\/v2\/posts\/3643\/revisions\/3645"}],"wp:featuredmedia":[{"embeddable":true,"href":"https:\/\/kuriercodziennychicago.com\/index.php\/wp-json\/wp\/v2\/media\/3644"}],"wp:attachment":[{"href":"https:\/\/kuriercodziennychicago.com\/index.php\/wp-json\/wp\/v2\/media?parent=3643"}],"wp:term":[{"taxonomy":"category","embeddable":true,"href":"https:\/\/kuriercodziennychicago.com\/index.php\/wp-json\/wp\/v2\/categories?post=3643"},{"taxonomy":"post_tag","embeddable":true,"href":"https:\/\/kuriercodziennychicago.com\/index.php\/wp-json\/wp\/v2\/tags?post=3643"}],"curies":[{"name":"wp","href":"https:\/\/api.w.org\/{rel}","templated":true}]}}