{"id":3745,"date":"2023-03-31T17:26:13","date_gmt":"2023-03-31T22:26:13","guid":{"rendered":"https:\/\/kuriercodziennychicago.com\/?p=3745"},"modified":"2023-03-31T17:26:14","modified_gmt":"2023-03-31T22:26:14","slug":"emancypacja-europy-wschodniej","status":"publish","type":"post","link":"https:\/\/kuriercodziennychicago.com\/index.php\/2023\/03\/31\/emancypacja-europy-wschodniej\/","title":{"rendered":"Emancypacja Europy Wschodniej"},"content":{"rendered":"<div class=\"wp-block-image is-style-rounded\">\n<figure class=\"alignleft size-full is-resized\"><img decoding=\"async\" src=\"https:\/\/kuriercodziennychicago.com\/wp-content\/uploads\/2022\/06\/Pilka-Marian.jpeg\" alt=\"\" class=\"wp-image-487\" width=\"78\" height=\"78\" srcset=\"https:\/\/kuriercodziennychicago.com\/wp-content\/uploads\/2022\/06\/Pilka-Marian.jpeg 400w, https:\/\/kuriercodziennychicago.com\/wp-content\/uploads\/2022\/06\/Pilka-Marian-300x300.jpeg 300w, https:\/\/kuriercodziennychicago.com\/wp-content\/uploads\/2022\/06\/Pilka-Marian-150x150.jpeg 150w, https:\/\/kuriercodziennychicago.com\/wp-content\/uploads\/2022\/06\/Pilka-Marian-250x250.jpeg 250w\" sizes=\"(max-width: 78px) 100vw, 78px\" \/><\/figure>\n<\/div>\n\n\n<blockquote class=\"wp-block-quote is-layout-flow wp-block-quote-is-layout-flow\">\n<blockquote class=\"wp-block-quote is-layout-flow wp-block-quote-is-layout-flow\">\n<blockquote class=\"wp-block-quote is-layout-flow wp-block-quote-is-layout-flow\">\n<h3 class=\"wp-block-heading\"><a href=\"https:\/\/wpolityce.pl\/autorzy\/380-marian-pilka\">Marian Pi\u0142ka<\/a><\/h3>\n\n\n\n<p><strong><em>Historyk, publicysta, ekspert Instytutu Ordo Caritatis, cz\u0142onek Prawicy Rzeczypospolitej. Pose\u0142 na Sejm I, III, IV i V kadencji. Radny Sejmiku wojew\u00f3dztwa mazowieckiego V kadencji. Od po\u0142owy lat 70. anga\u017cowa\u0142 si\u0119 w dzia\u0142alno\u015b\u0107 opozycyjn\u0105. W latach 1977\u20131978 dzia\u0142a\u0142 w Ruchu Obrony Praw Cz\u0142owieka i Obywatela. W latach 80. uczestniczy\u0142 w dzia\u0142alno\u015bci Ruchu M\u0142odej Polski. W czasie stanu wojennego internowany przez okres oko\u0142o roku. 19 kwietnia 2007 zadeklarowa\u0142 odej\u015bcie z Prawa i Sprawiedliwo\u015bci, a dzie\u0144 p\u00f3\u017aniej przyst\u0105pi\u0142 do nowo tworzonej Prawicy Rzeczypospolitej.<\/em><\/strong><\/p>\n<\/blockquote>\n<\/blockquote>\n<\/blockquote>\n\n\n\n<p><strong>Wraz z&nbsp;wojn\u0105 na&nbsp;Ukrainie, \u015bwiat wkroczy\u0142 w&nbsp;d\u0142ugotrwa\u0142y okres jawnych konflikt\u00f3w i&nbsp;rywalizacji mocarstw na&nbsp;polu ekonomicznym, technologicznym i&nbsp;energetycznym. W&nbsp;okres zawirowa\u0144, napi\u0119\u0107 i&nbsp;wojen o&nbsp;nowy kszta\u0142t \u015bwiata. Sko\u0144czy\u0142 si\u0119 bowiem porz\u0105dek ustanowiony w&nbsp;latach 1990-1992 wraz z&nbsp;upadkiem komunizmu i&nbsp;pocz\u0105tkiem hegemonii USA. Ta&nbsp;hegemonia by\u0142a kwestionowana ju\u017c wcze\u015bniej, ale w&nbsp;spos\u00f3b pokojowy i&nbsp;nie narusza\u0142a fundament\u00f3w \u00f3wczesnego \u0142adu. Ale czas tej hegemonii ju\u017c si\u0119 sko\u0144czy\u0142 &#8211; weszli\u015bmy w&nbsp;okres swoistej \u201ewojny trzydziestoletniej\u201d, kt\u00f3rej konsekwencje doprowadz\u0105 do&nbsp;ca\u0142kowitej przebudowy \u015bwiatowego porz\u0105dku. Filary obecnego systemu nie przetrwaj\u0105 w&nbsp;takim kszta\u0142cie, w&nbsp;jakim zosta\u0142y ukszta\u0142towane zar\u00f3wno po&nbsp;II&nbsp;wojnie \u015bwiatowej, jak i&nbsp;po&nbsp;upadku&nbsp;komunizmu.<\/strong><\/p>\n\n\n\n<figure class=\"wp-block-image size-full\"><img decoding=\"async\" width=\"800\" height=\"533\" src=\"https:\/\/kuriercodziennychicago.com\/wp-content\/uploads\/2023\/03\/feche-acima-do-mapa-de-europa-127739288.jpg\" alt=\"\" class=\"wp-image-3746\" srcset=\"https:\/\/kuriercodziennychicago.com\/wp-content\/uploads\/2023\/03\/feche-acima-do-mapa-de-europa-127739288.jpg 800w, https:\/\/kuriercodziennychicago.com\/wp-content\/uploads\/2023\/03\/feche-acima-do-mapa-de-europa-127739288-300x200.jpg 300w, https:\/\/kuriercodziennychicago.com\/wp-content\/uploads\/2023\/03\/feche-acima-do-mapa-de-europa-127739288-768x512.jpg 768w\" sizes=\"(max-width: 800px) 100vw, 800px\" \/><\/figure>\n\n\n\n<p>G\u0142\u00f3wna batalia o&nbsp;przysz\u0142y kszta\u0142t \u015bwiata rozegra si\u0119 pomi\u0119dzy obecnym hegemonem, broni\u0105cym swojej pozycji, a&nbsp;mocarstwami rewizjonistycznymi &#8211; przede wszystkim Chinami i&nbsp;Rosj\u0105. Ale tak\u017ce inne pa\u0144stwa b\u0119d\u0105 mia\u0142y wp\u0142yw na&nbsp;kszta\u0142towanie si\u0119 i&nbsp;wynik tej zasadniczej rywalizacji. Pierwszy etap tej \u015bwiatowej batalii ma&nbsp;miejsce w&nbsp;Europie i&nbsp;od&nbsp;odpowiedzi USA i&nbsp;pa\u0144stw europejskich zale\u017cy i&nbsp;wynik tej rywalizacji na&nbsp;naszym kontynencie, jak te\u017c p\u00f3\u017aniejsze ukszta\u0142towanie si\u0119 europejskiego systemu, kt\u00f3ry okre\u015bli miejsce i&nbsp;rol\u0119 poszczeg\u00f3lnych pa\u0144stw i&nbsp;narod\u00f3w. A&nbsp;sukces lub pora\u017cka Ukrainy b\u0119d\u0105 mia\u0142y zasadniczy wp\u0142yw na&nbsp;p\u00f3\u017aniejsze etapy rywalizacji mocarstw i&nbsp;kszta\u0142t porz\u0105dku europejskiego. Wojna na&nbsp;Ukrainie rozpocz\u0119\u0142a proces ujawniania podstawowych konflikt\u00f3w na&nbsp;kontynencie. Bo&nbsp;do&nbsp;tej pory te&nbsp;konflikty wydawa\u0142y si\u0119 pasywne lub nie ujawnia\u0142y swojego potencja\u0142u. Natomiast wojna uruchomi\u0142a procesy, kt\u00f3re je&nbsp;aktywuj\u0105 i&nbsp;stawiaj\u0105 na&nbsp;porz\u0105dku dziennym europejskiej polityki. A&nbsp;Europa jest podzielona na&nbsp;dwa podstawowe obszary &#8211; Europ\u0119 Zachodni\u0105 i&nbsp;Wschodni\u0105. Ten jej historyczny podzia\u0142 przebiega mniej wi\u0119cej na&nbsp;linii \u0141aby, cz\u0119\u015bci Dunaju i&nbsp;Adriatyku. Granica na&nbsp;\u0141abie dzieli Europ\u0119 ekonomicznie i&nbsp;historycznie lepiej rozwini\u0119t\u0105 i&nbsp;z&nbsp;aspiracjami do&nbsp;kolonizacji Europy Wschodniej. A&nbsp;wschodni\u0105 granic\u0119 Europy tworzy historyczny zasi\u0119g cywilizacji \u0142aci\u0144skiej &#8211; pokrywaj\u0105cy si\u0119 mniej wi\u0119cej ze&nbsp;wschodnimi granicami I&nbsp;Rzeczpospolitej i&nbsp;z&nbsp;dorzeczami Ba\u0142tyku i&nbsp;Morza Czarnego. Natomiast Rosja, zar\u00f3wno w&nbsp;sensie geograficznym, jak i&nbsp;cywilizacyjnym, nie nale\u017cy do&nbsp;Europy. A&nbsp;XIX-wieczna granica Europy, og\u0142oszona przez Rosjan na&nbsp;Uralu, jest propozycj\u0105 sztuczn\u0105 i&nbsp;nie maj\u0105c\u0105 \u017cadnego uzasadnienia. Natomiast koncept Europy \u015arodkowej ma&nbsp;charakter literacki, a&nbsp;nie geograficzny czy geopolityczny. W&nbsp;tym sensie jest on&nbsp;sztuczny i&nbsp;nie ma&nbsp;istotnego znaczenia w&nbsp;kszta\u0142towaniu przysz\u0142ej geopolityki europejskiej. A&nbsp;nawet mo\u017ce by\u0107 szkodliwy, bo&nbsp;zaciera istot\u0119 europejskiego uk\u0142adu si\u0142 &#8211; przyznaj\u0105c Rosji prawo do&nbsp;obecno\u015bci w&nbsp;Europie. W&nbsp;tym sensie autonomiczny porz\u0105dek europejski istnieje wtedy, gdy \u017cadne mocarstwa pozaeuropejskie nie maj\u0105 wp\u0142ywu na&nbsp;kszta\u0142towanie uk\u0142adu si\u0142&nbsp;w&nbsp;Europie.<\/p>\n\n\n\n<h3 class=\"wp-block-heading\">Podzia\u0142&nbsp;Europy<\/h3>\n\n\n\n<p>Podzia\u0142 Europy na&nbsp;Wschodni\u0105 i&nbsp;Zachodni\u0105 od&nbsp;pocz\u0105tku XVIII wieku by\u0142 zacierany przez procesy zdominowania naszej cz\u0119\u015bci Europy przez Prusy, a&nbsp;na&nbsp;po\u0142udnie i&nbsp;zach\u00f3d od&nbsp;Karpat przez pa\u0144stwo Habsburg\u00f3w. A&nbsp;tak\u017ce przez powierzchown\u0105 europeizacj\u0119 Rosji. Od&nbsp;upadku Rzeczpospolitej, a&nbsp;na&nbsp;po\u0142udniu od&nbsp;upadku W\u0119gier, ten obszar nie by\u0142 samodzielnym podmiotem polityki europejskiej &#8211; by\u0142 kolonizowany i&nbsp;porz\u0105dkowany przede wszystkim przez Niemcy. Ale Niemcy nie by\u0142y na&nbsp;tyle silne, \u017ceby samodzielnie zdominowa\u0107 ten obszar &#8211; dlatego wsp\u00f3\u0142pracowa\u0142y z&nbsp;Rosj\u0105 nad podzia\u0142em wp\u0142yw\u00f3w. Dop\u00f3ki ta&nbsp;nasza cz\u0119\u015b\u0107 Europy wykazywa\u0142a ambitne d\u0105\u017cenia do&nbsp;podmiotowo\u015bci, to&nbsp;wsp\u00f3\u0142praca niemiecko-rosyjska rozkwita\u0142a. Dopiero gdy Niemcy w&nbsp;czasie I&nbsp;i&nbsp;II&nbsp;wojny \u015bwiatowej poczu\u0142y si\u0119 wystarczaj\u0105co silne, to&nbsp;przeciwstawia\u0142y si\u0119 Rosji, d\u0105\u017c\u0105c do&nbsp;samodzielnego zdominowania ca\u0142ej Europy Wschodniej, a&nbsp;nawet samej Rosji. Po&nbsp;upadku sowieckiego komunizmu Niemcy wr\u00f3cili do&nbsp;kooperacji z&nbsp;Rosj\u0105 w&nbsp;podziale dominacji w&nbsp;Europie Wschodniej. Ale wojna na&nbsp;Ukrainie wywr\u00f3ci\u0142a t\u0119&nbsp;polityk\u0119, co&nbsp;nie znaczy, \u017ce&nbsp;ju\u017c nie b\u0119dzie niemieckich pr\u00f3b powrotu do&nbsp;porozumienia si\u0119 z&nbsp;Rosj\u0105. W&nbsp;przeciwnym razie Europa Wschodnia mog\u0142aby odzyska\u0107 swoj\u0105 podmiotowo\u015b\u0107, utracon\u0105 w&nbsp;pocz\u0105tkach XVIII wieku, a&nbsp;to&nbsp;by&nbsp;oznacza\u0142o kres nie tylko wschodnioeuropejskiej dominacji Niemiec, ale tak\u017ce kres ich pozycji w&nbsp;Europie Zachodniej i&nbsp;w&nbsp;mi\u0119dzynarodowym podziale pracy. Odzyskanie podmiotowo\u015bci przez kraje Europy Wschodniej, kt\u00f3rej podstaw\u0105 jest odbudowa bloku kraj\u00f3w by\u0142ej Rzeczpospolitej w&nbsp;porozumieniu z&nbsp;pa\u0144stwami skandynawskimi i&nbsp;ba\u0142ka\u0144skimi, oznacza\u0142aby kres dotychczasowej pozycji Niemiec w&nbsp;polityce i&nbsp;gospodarce europejskiej. To&nbsp;by\u0142aby kl\u0119ska Niemiec. Wi\u0119c podstawowym celem polityki polskiej musi by\u0107 emancypacja Europy Wschodniej, a&nbsp;to&nbsp;oznacza fundamentalny konflikt z&nbsp;interesami i&nbsp;polityk\u0105&nbsp;niemieck\u0105.<\/p>\n\n\n\n<h3 class=\"wp-block-heading\">Wojna o&nbsp;podmiotowo\u015b\u0107 Europy&nbsp;Wschodniej<\/h3>\n\n\n\n<p>Wojna na&nbsp;Ukrainie zapocz\u0105tkowa\u0142a wojn\u0119 o&nbsp;podmiotowo\u015b\u0107 naszej cz\u0119\u015bci Europy, kt\u00f3rej celem jest nie tylko wypchni\u0119cie Rosji z&nbsp;polityki europejskiej, ale tak\u017ce Niemiec z&nbsp;polityki w&nbsp;Europie Wschodniej. Sukces Ukrainy w&nbsp;wojnie z&nbsp;Rosj\u0105 jest warunkiem zapocz\u0105tkowania procesu emancypacji i&nbsp;budowania podmiotowo\u015bci ca\u0142ej Europy Wschodniej. A&nbsp;jej kl\u0119ska by\u0142aby radykalnym wzmocnieniem rosyjsko-niemieckiej dominacji w&nbsp;naszej cz\u0119\u015bci kontynentu. Dlatego sukces Ukrainy jest sprzeczny z&nbsp;dalszymi celami polityki niemieckiej. Bo&nbsp;zbudowanie \u015bcis\u0142ego sojuszu pa\u0144stw le\u017c\u0105cych na&nbsp;terenie dawnej I&nbsp;Rzeczpospolitej, poszerzonej o&nbsp;pa\u0144stwa skandynawskie i&nbsp;ba\u0142ka\u0144skie, oznacza\u0142by geopolityczny przewr\u00f3t nie tylko w&nbsp;Europie Wschodniej, ale w&nbsp;ca\u0142ym porz\u0105dku europejskim. W&nbsp;tym sensie strategiczne cele Polski i&nbsp;Niemiec s\u0105&nbsp;g\u0142\u0119boko sprzeczne i&nbsp;nie daj\u0105 si\u0119 pogodzi\u0107. A&nbsp;wszelka polityka zmierzaj\u0105ca do&nbsp;pogodzenia cel\u00f3w polityki polskiej i&nbsp;niemieckiej musi oznacza\u0107 kl\u0119sk\u0119 jednej lub drugiej&nbsp;strony.<\/p>\n\n\n\n<p>Dzi\u015b porz\u0105dek europejski jest zbudowany na&nbsp;dw\u00f3ch filarach. Pierwszy to&nbsp;NATO, dzi\u0119ki kt\u00f3remu Washington dominuje nad pa\u0144stwami europejskimi, b\u0119d\u0105c te\u017c gwarantem ich bezpiecze\u0144stwa. Drugi to&nbsp;Unia Europejska &#8211; zdominowana przez Niemcy, dla kt\u00f3rych Unia jest podstaw\u0105 ich europejskiej pozycji. Oba te&nbsp;filary s\u0105&nbsp;dzi\u015b w&nbsp;kryzysie, kt\u00f3ry wynika g\u0142\u00f3wnie z&nbsp;d\u0105\u017ce\u0144 niemieckich i&nbsp;francuskich do&nbsp;odzyskania pozycji \u015bwiatowej i&nbsp;autonomicznej wobec USA. Pomimo niemieckich i&nbsp;francuskich aspiracji przeciwstawienia si\u0119 dominacji USA, obecnie nie s\u0105&nbsp;one w&nbsp;stanie skutecznie realizowa\u0107 swoich cel\u00f3w i&nbsp;s\u0105&nbsp;zmuszone do&nbsp;stopniowego pod\u0105\u017cania za&nbsp;polityk\u0105 ameryka\u0144sk\u0105. Dlatego, pomimo pocz\u0105tkowego sprzeciwu Pary\u017ca i&nbsp;Berlina wobec militarnej pomocy Ukrainie, Waszyngton wywieraj\u0105c na&nbsp;te&nbsp;rz\u0105dy systematyczne naciski, wymusza korzystn\u0105 dla siebie zmian\u0119 polityki tych mocarstw. Jednak efektywno\u015b\u0107 ka\u017cdego sojuszu zale\u017cy od&nbsp;wsp\u00f3lnego postrzegania wroga. A&nbsp;tymczasem Berlin i&nbsp;Pary\u017c maj\u0105 ca\u0142kowicie inny pogl\u0105d dot. wsp\u00f3lnego wroga. Dla Berlina i&nbsp;Pary\u017ca Rosja nie jest wrogiem, a&nbsp;po\u017c\u0105danym partnerem w&nbsp;koncepcji podwa\u017cenia pozycji USA w&nbsp;systemie \u015bwiatowym. To&nbsp;powoduje, \u017ce&nbsp;sojusz NATO w&nbsp;sytuacji jakiej\u015b zasadniczej pr\u00f3by mo\u017ce okaza\u0107 si\u0119 tak samo skuteczny, jak sojusze Polski w&nbsp;roku 1939. Zw\u0142aszcza, gdyby USA musia\u0142y skoncentrowa\u0107 sw\u00f3j wysi\u0142ek militarny na&nbsp;Dalekim Wschodzie i&nbsp;tym samym os\u0142abi\u0107 swoj\u0105 pozycj\u0119 militarn\u0105 w&nbsp;Europie. Na&nbsp;pomoc Niemiec czy Francji w&nbsp;sytuacji konfliktu z&nbsp;Rosj\u0105 nikt rozs\u0105dny liczy\u0107 wi\u0119c nie mo\u017ce. Nie znaczy to, \u017ce&nbsp;nale\u017cy podwa\u017ca\u0107 pozycje sojuszu NATO. P\u00f3ki co, jest on&nbsp;u\u017cyteczny dla Amerykan\u00f3w i&nbsp;tym samym dla bezpiecze\u0144stwa Polski. Ale nie nale\u017cy s\u0105dzi\u0107, \u017ce&nbsp;w&nbsp;chwili pr\u00f3by, gdyby ameryka\u0144skie wojska by\u0142y mocno zaanga\u017cowane na&nbsp;Dalekim Wschodzie, to&nbsp;ten sojusz b\u0119dzie nas broni\u0142. Dlatego nie dezawuuj\u0105c go, nale\u017cy budowa\u0107 alternatyw\u0119 w&nbsp;postaci sojuszu pa\u0144stw realnie zagro\u017conych rosyjskim ekspansjonizmem. By\u0142by to&nbsp;sojusz mniejszy, ale bardziej skutecznie odpowiadaj\u0105cy na&nbsp;rosyjskie zagro\u017cenie &#8211; powi\u0119kszony o&nbsp;Wlk. Brytani\u0119 m\u00f3g\u0142by skutecznie powstrzyma\u0107 ewentualne zagro\u017cenie&nbsp;rosyjskie.<\/p>\n\n\n\n<h3 class=\"wp-block-heading\">UE&nbsp;transmisj\u0105 polityki niemieckiej&nbsp;w&nbsp;Europie<\/h3>\n\n\n\n<p>Tak jak NATO jest transmisj\u0105 polityki USA, tak Unia Europejska jest transmisj\u0105 polityki niemieckiej w&nbsp;Europie. Jej celem jest wy\u0142\u0105czenie Polski i&nbsp;innych pa\u0144stw naszego obszaru z&nbsp;procesu kszta\u0142towania przysz\u0142ego porz\u0105dku europejskiego. W&nbsp;tym celu Niemcy d\u0105\u017c\u0105 nie tylko do&nbsp;zainstalowania u&nbsp;w\u0142adzy w&nbsp;Polsce niemieckiej agentury wp\u0142ywu, kt\u00f3ra, tak jak w&nbsp;roku 2014, b\u0119dzie realizowa\u0142a w&nbsp;stosunku do&nbsp;Rosji i&nbsp;Ukrainy niemiecki punkt widzenia. D\u0105\u017c\u0105 te\u017c do&nbsp;ca\u0142kowitego podporz\u0105dkowania pa\u0144stw naszej cz\u0119\u015bci Europy interesom Berlina, co&nbsp;oznacza faktyczne pozbawienie nas suwerenno\u015bci i&nbsp;mo\u017cliwo\u015bci samodzielnego kszta\u0142towania naszego rozwoju. W&nbsp;wymiarze gospodarczym ju\u017c w&nbsp;znacz\u0105cym zakresie zosta\u0142o zrealizowane podporz\u0105dkowanie gospodarki polskiej gospodarce niemieckiej. Niemcy narzuci\u0142y Polsce model gospodarki zale\u017cnej, kt\u00f3ry, ze&nbsp;wzgl\u0119du na&nbsp;nasze zap\u00f3\u017anienie gospodarcze, do&nbsp;niedawna sprzyja\u0142 rozwojowi naszego kraju. Ale w&nbsp;miar\u0119 wzrostu naszej gospodarki, jej mo\u017cliwo\u015bci rozwojowe wyczerpuj\u0105 si\u0119 i&nbsp;Polska staje przed wyzwaniem przezwyci\u0119\u017cenia tego, je\u017celi chce osi\u0105gn\u0105\u0107 poziom podobny do&nbsp;poziomu gospodarek pa\u0144stw Europy Zachodniej i&nbsp;zapewni\u0107 ekonomiczne podstawy naszego narodowego bezpiecze\u0144stwa. Jednak Berlin, sprzeciwiaj\u0105c si\u0119 r\u00f3\u017cnym polskim inwestycjom, jak np. CPK, budowie elektrowni j\u0105drowej, energetyce w\u0119glowej, czy narzucaj\u0105c nam szale\u0144cz\u0105 polityk\u0119 klimatyczno-energetyczn\u0105, blokuje Polsce przezwyci\u0119\u017cenie modelu gospodarki zale\u017cnej. Bo&nbsp;przezwyci\u0119\u017cenie tego modelu oznacza\u0142oby nie tylko stworzenie konkurencji dla gospodarki niemieckiej, ale przede wszystkim utrat\u0119 przez Niemcy taniej si\u0142y roboczej, warunkuj\u0105cej konkurencyjno\u015b\u0107 niemieckich przedsi\u0119biorstw. By\u0142oby to&nbsp;za\u0142amanie jednego z&nbsp;najwa\u017cniejszych czynnik\u00f3w przyczyniaj\u0105cych si\u0119 do&nbsp;konkurencyjno\u015bci niemieckich produkt\u00f3w. St\u0105d te\u017c blokowanie przez Niemcy, poprzez instytucje UE, rozwoju konkurencyjnych polskich produkt\u00f3w &#8211; przede wszystkim poprzez znaczne podniesienie koszt\u00f3w polskiej produkcji przy pomocy unijnej polityki klimatyczno-energetycznej. Wi\u0119c bez likwidacji unijnej polityki \u201eFit for 55\u201d, czy innych polityk UE&nbsp;blokuj\u0105cych polski rozw\u00f3j gospodarczy, Polska nie b\u0119dzie w&nbsp;stanie sfinansowa\u0107 swojej polityki obronnej tak, \u017ceby skutecznie wypchn\u0105\u0107 Rosj\u0119 poza teren Europy&nbsp;Wschodniej.<\/p>\n\n\n\n<p>Wojna na&nbsp;Ukrainie uruchomi\u0142a mechanizm przezwyci\u0119\u017cenia niemieckiego projektu \u201eMitteleuropa\u201d w&nbsp;dziedzinie politycznej. \u015acis\u0142a wsp\u00f3\u0142praca Polski ze&nbsp;Stanami Zjednoczonymi w&nbsp;pomocy dla Ukrainy i&nbsp;ukrai\u0144skie aspiracje stworzenia sytemu bezpiecze\u0144stwa chroni\u0105cego przed rosyjskim zagro\u017ceniem spowodowa\u0142y, \u017ce&nbsp;w&nbsp;wymiarze politycznym Polska przezwyci\u0119\u017cy\u0142a redukcje naszej pozycji &#8211; przewidziane w&nbsp;niemieckiej koncepcji. Jednak w&nbsp;wymiarze ekonomicznym jeste\u015bmy nadal uzale\u017cnieni od&nbsp;gospodarki niemieckiej. Ale przebudowa \u0142adu europejskiego wymaga przezwyci\u0119\u017cenia nie tylko modelu gospodarki zale\u017cnej, ale tak\u017ce modelu integracji opartej na&nbsp;obecnej Unii Europejskiej. Bo&nbsp;ten model pracuje i&nbsp;b\u0119dzie pracowa\u0142 w&nbsp;przysz\u0142o\u015bci g\u0142\u00f3wnie dla Niemiec. Dla pa\u0144stw naszego obszaru dost\u0119p do&nbsp;rynku kraj\u00f3w UE, na&nbsp;kt\u00f3rego zamkni\u0119cie Niemcy nie mog\u0105 sobie pozwoli\u0107, bez poniesienia du\u017cych strat przez niemiecki przemys\u0142, jest wa\u017cny. Ale te\u017c pa\u0144stwom naszej cz\u0119\u015bci kontynentu jest potrzebna polityka emancypacji spod niemieckiej dominacji. Nie tylko emancypacji politycznej, ale tak\u017ce gospodarczej i&nbsp;uniezale\u017cnienia si\u0119 w&nbsp;zakresie bezpiecze\u0144stwa od&nbsp;niemieckich mo\u017cliwo\u015bci blokowania NATO. Tym bardziej, \u017ce&nbsp;Niemcy rozszerzenie UE&nbsp;w&nbsp;2004 r. i&nbsp;w&nbsp;2007 potraktowa\u0142y jako przy\u0142\u0105czenie tych kraj\u00f3w, a&nbsp;nie jako uni\u0119 r\u00f3wnoprawnych pa\u0144stw. I&nbsp;cho\u0107 w&nbsp;latach 2004-2008 samo przyst\u0105pienie do&nbsp;UE, ze&nbsp;wzgl\u0119du na&nbsp;gospodarcze zap\u00f3\u017anienia pa\u0144stw naszego regionu, by\u0142o atrakcyjne i&nbsp;korzystne, to&nbsp;jednak korzy\u015bci z&nbsp;przyst\u0105pienia do&nbsp;Unii systematycznie si\u0119 wyczerpuj\u0105, a&nbsp;coraz bardziej rosn\u0105 rozwojowe bariery narzucane nam przez Berlin za&nbsp;parawanem unijnej Brukseli. Najbardziej korzystna by\u0142aby reforma Unii &#8211; przywracaj\u0105ca jej traktatowy i&nbsp;partnerski charakter jako forum pa\u0144stw narodowych wsp\u00f3\u0142pracuj\u0105cych ze&nbsp;sob\u0105 i&nbsp;wzajemnie si\u0119 wspieraj\u0105cych w&nbsp;rozwoju. Niestety, jest to&nbsp;ju\u017c niemo\u017cliwe &#8211; przede wszystkim z&nbsp;powodu politycznych cel\u00f3w Niemiec. Gdy\u017c powr\u00f3t do&nbsp;takiej formu\u0142y oznacza\u0142by rezygnacj\u0119 Berlina z&nbsp;polityki dominacji, kt\u00f3ra jest ju\u017c trwa\u0142ym elementem niemieckiej polityki. Dzisiejsze koncepcje polityki niemieckiej, w&nbsp;tym plany likwidacji zasady jednomy\u015blno\u015bci w&nbsp;decyzjach Rady UE, jest zagro\u017ceniem nie tylko dla pa\u0144stw naszego regionu w&nbsp;zakresie rozwoju ekonomicznego, ale tak\u017ce w&nbsp;zakresie naszego bezpiecze\u0144stwa. Bo&nbsp;posiadaj\u0105c dominacj\u0119 polityczn\u0105 w&nbsp;instytucjach UE, Berlin by\u0142by w&nbsp;stanie wymusi\u0107 ka\u017cd\u0105 decyzj\u0119 korzystn\u0105 dla siebie i&nbsp;sprzeczn\u0105 z&nbsp;interesami pa\u0144stw Europy Wschodniej &#8211; tak\u017ce co&nbsp;do&nbsp;wsp\u00f3\u0142pracy z&nbsp;Rosj\u0105 i&nbsp;co&nbsp;do&nbsp;podzia\u0142u wp\u0142yw\u00f3w w&nbsp;naszej cz\u0119\u015bci&nbsp;kontynentu.<\/p>\n\n\n\n<h3 class=\"wp-block-heading\">UE&nbsp;czynnikiem destrukcji europejskiej&nbsp;cywilizacji<\/h3>\n\n\n\n<p>Jednak w&nbsp;Unii Europejskiej, ze&nbsp;wzgl\u0119du na&nbsp;dominuj\u0105c\u0105 w&nbsp;niej pozycj\u0119 lewicowych w\u0142adz Niemiec i&nbsp;Francji, ju\u017c nie ma&nbsp;mo\u017cliwo\u015bci reformy Unii w&nbsp;kierunku ograniczania brukselskiej biurokracji i&nbsp;przywr\u00f3cenia kompetencji narodowym pa\u0144stwom. UE&nbsp;sta\u0142a si\u0119 ju\u017c czynnikiem destrukcji nie tylko narodowych pa\u0144stw, b\u0119d\u0105cych gwarantem narodowych i&nbsp;obywatelskich wolno\u015bci, ale tak\u017ce europejskiej cywilizacji i&nbsp;jej chrze\u015bcija\u0144skich tradycji. Polityce stopniowego likwidowania suwerenno\u015bci Polski i&nbsp;innych pa\u0144stw towarzyszy polityka niszczenia kulturowej to\u017csamo\u015bci poszczeg\u00f3lnych narod\u00f3w. Jest to&nbsp;polityka niszczenia tego, co&nbsp;decyduje o&nbsp;naszej to\u017csamo\u015bci. To&nbsp;przejaw szale\u0144stwa, kt\u00f3re w&nbsp;pierwszym rz\u0119dzie uderza w&nbsp;narody mniejsze i&nbsp;s\u0142absze. Dzi\u015b op\u00f3r wobec polityki w\u0142adz UE&nbsp;oznacza wi\u0119c tak\u017ce obron\u0119 naszej to\u017csamo\u015bci &#8211; tego wszystkiego, co&nbsp;decyduje o&nbsp;tym, kim jeste\u015bmy, w&nbsp;co&nbsp;wierzymy i&nbsp;co&nbsp;jest dla nas&nbsp;cenne.<\/p>\n\n\n\n<p>Przewaga instytucjonalna Niemiec powoduje, \u017ce&nbsp;nale\u017cy odrzuci\u0107 w\u0105tpliw\u0105 drog\u0119 reformowania Unii. By\u0142aby to&nbsp;bowiem polityka niepotrzebnego zu\u017cywania energii w&nbsp;ustawicznych konfliktach i&nbsp;sporach &#8211; bez \u017cadnych szans sukcesu. Najskuteczniejsza formu\u0142\u0105 polityki budowy nowego \u0142adu europejskiego by\u0142oby opuszczenie Unii Europejskiej i&nbsp;budowanie alternatywy wsp\u00f3lnie z&nbsp;tymi pa\u0144stwami, dla kt\u00f3rych najwi\u0119kszym zagro\u017ceniem jest ekspansjonizm rosyjski, z&nbsp;kt\u00f3rym w&nbsp;przysz\u0142o\u015bci Berlin i&nbsp;Pary\u017c b\u0119d\u0105 chcia\u0142y wsp\u00f3\u0142pracowa\u0107 w&nbsp;celu podwa\u017cenia pozycji USA. Wtedy, gdy USA b\u0119d\u0105 musia\u0142y skoncentrowa\u0107 swe wysi\u0142ki na&nbsp;Dalekim Wschodzie. Wyj\u015bcie z&nbsp;UE&nbsp;to&nbsp;nie jest kwestia referendum, a&nbsp;przede wszystkim proces przygotowania naszego pa\u0144stwa i&nbsp;narodu do&nbsp;budowy alternatywnego \u0142adu europejskiego. Pierwszym etapem tego \u0142adu powinno by\u0107 utworzenie wschodnioeuropejskiego sojuszu wojskowego. To&nbsp;uruchomi dynamik\u0119 zmian, kt\u00f3ra u\u0142atwi wsp\u00f3\u0142prac\u0119 w&nbsp;dziedzinach pozamilitarnych i&nbsp;tym samym u\u0142atwi polityk\u0119 wychodzenia z&nbsp;Unii i&nbsp;przygotowania polskiego spo\u0142ecze\u0144stwa do&nbsp;zaakceptowania alternatywnego systemu mi\u0119dzynarodowego&nbsp;w&nbsp;Europie.<\/p>\n\n\n\n<h3 class=\"wp-block-heading\">Blokowanie dzia\u0142a\u0144 rozszerzaj\u0105cych kompetencje&nbsp;UE<\/h3>\n\n\n\n<p>Pierwszym zadaniem na&nbsp;dzi\u015b jest blokowanie wszelkich dzia\u0142a\u0144, kt\u00f3re rozszerzaj\u0105 kompetencje UE&nbsp;poza te&nbsp;przyznane jej w&nbsp;traktatach. Wszelkie pr\u00f3by naruszania traktat\u00f3w powinny by\u0107 traktowane jako przejaw ra\u017c\u0105cego naruszenia praworz\u0105dno\u015bci, a&nbsp;ich autorzy powinni by\u0107 \u015bcigani s\u0105downie jako dzia\u0142aj\u0105cy na&nbsp;szkod\u0119 poszczeg\u00f3lnych pa\u0144stw. To&nbsp;wymaga\u0142oby stworzenia koalicji pa\u0144stw nie tylko z&nbsp;Europy Wschodniej, ale z&nbsp;ca\u0142ej Unii. Nast\u0119pnie konieczne jest zablokowanie katastrofalnej w&nbsp;skutkach polityki klimatyczno-energetycznej. Bez zablokowania tego \u201eklimatycznego\u201d szale\u0144stwa, Polska nie b\u0119dzie w&nbsp;stanie zbudowa\u0107 takiego potencja\u0142u gospodarczego, kt\u00f3ry by\u0142by wystarczaj\u0105cy do&nbsp;odstraszenia agresji rosyjskiej czy innej. Konieczne jest te\u017c zablokowanie wszelkich postulat\u00f3w UE&nbsp;naruszaj\u0105cych to\u017csamo\u015b\u0107 kulturow\u0105 Polski i&nbsp;innych pa\u0144stw. Nale\u017ca\u0142oby te\u017c opracowa\u0107 program stopniowego uniezale\u017cniania si\u0119 od&nbsp;niemieckiej gospodarki poprzez wzmacnianie wsp\u00f3\u0142pracy regionalnej i&nbsp;budowanie wi\u0119zi ekonomicznych z&nbsp;krajami spoza UE. Nale\u017ca\u0142oby te\u017c doprowadzi\u0107 do&nbsp;neutralizacji niemieckiej agentury wp\u0142ywu &#8211; dzia\u0142aj\u0105cej od&nbsp;lat w&nbsp;Polsce i&nbsp;pozosta\u0142ych pa\u0144stwach naszego obszaru. Budowanie koalicji sprzeciwu wobec niemieckiej polityki w&nbsp;Unii powinno stopniowo przybiera\u0107 charakter instytucjonalny, prowadz\u0105cy do&nbsp;kszta\u0142towania odr\u0119bnego o\u015brodka wsp\u00f3\u0142pracy politycznej, kt\u00f3ry stopniowo zast\u0119powa\u0142by instytucje UE. Ten proces mo\u017ce trwa\u0107 nawet kilkana\u015bcie lat, ale wykuwanie wsp\u00f3\u0142pracy wschodnioeuropejskiej stworzy gwarancje naszego bezpiecze\u0144stwa, kt\u00f3re nie b\u0119dzie dezorganizowane przez polityk\u0119 UE, Berlina&nbsp;i&nbsp;Pary\u017ca.<\/p>\n\n\n\n<p>Europa Wschodnia jest odr\u0119bnym obszarem geopolitycznym &#8211; z&nbsp;odmiennymi, cz\u0119sto konfliktowymi z&nbsp;Niemcami i&nbsp;Francj\u0105 interesami w&nbsp;zakresie narodowego bezpiecze\u0144stwa i&nbsp;gospodarki. Obszarem z&nbsp;odmienn\u0105 to\u017csamo\u015bci\u0105 kulturow\u0105. \u017beby ten nasz obszar m\u00f3g\u0142 by\u0107 bezpieczny, zachowa\u0107 swoje tradycyjne warto\u015bci i&nbsp;rozwija\u0107 si\u0119 gospodarczo, musi wyemancypowa\u0107 si\u0119 spod hegemoni niemieckiej i&nbsp;cz\u0119\u015bciowo francuskiej. Musi wi\u0119c opu\u015bci\u0107 struktury Unii Europejskiej i&nbsp;zbudowa\u0107 nowy \u0142ad na&nbsp;warunkach partnerskich, w&nbsp;kt\u00f3rych Europa Wschodnia nie b\u0119dzie przedmiotem ekonomicznej czy politycznej kolonizacji. Dopiero takie zorganizowanie samodzielnej Europy Wschodniej mo\u017ce stworzy\u0107 warunki trwa\u0142ego pokoju na&nbsp;naszym kontynencie &#8211; poprzez wypchni\u0119cie Rosji z&nbsp;polityki europejskiej i&nbsp;tym samym likwidacj\u0119 niemiecko-francuskich aspiracji do&nbsp;wsp\u00f3lnego z&nbsp;Moskw\u0105 kszta\u0142towania systemu europejskiego. Tylko w&nbsp;ten spos\u00f3b zbudujemy Europ\u0119 bardziej sprawiedliw\u0105 i&nbsp;gwarantuj\u0105c\u0105 nasze&nbsp;bezpiecze\u0144stwo.<\/p>\n\n\n\n<p>Natomiast jakiekolwiek pr\u00f3by zmierzaj\u0105ce do&nbsp;zmiany zasad funkcjonowania Unii Europejskiej &#8211; w&nbsp;sytuacji obecnej wielkiej instytucjonalnej przewagi Niemiec i&nbsp;Francji w&nbsp;UE&nbsp;&#8211; s\u0105&nbsp;skazane na&nbsp;pora\u017ck\u0119. A&nbsp;polityka dalszego pozostawania w&nbsp;Unii b\u0119dzie nieuchronnie prowadzi\u0142a do&nbsp;unicestwienia naszej suwerenno\u015bci, do&nbsp;zniszczenia naszej to\u017csamo\u015bci kulturowej i&nbsp;zablokowania naszego gospodarczego rozwoju. To&nbsp;droga&nbsp;donik\u0105d.<\/p>\n","protected":false},"excerpt":{"rendered":"<p>Wraz z&nbsp;wojn\u0105 na&nbsp;Ukrainie, \u015bwiat wkroczy\u0142 w&nbsp;d\u0142ugotrwa\u0142y okres jawnych konflikt\u00f3w i&nbsp;rywalizacji mocarstw na&nbsp;polu ekonomicznym, technologicznym i&nbsp;energetycznym. W&nbsp;okres zawirowa\u0144, napi\u0119\u0107<\/p>\n","protected":false},"author":1,"featured_media":3746,"comment_status":"closed","ping_status":"closed","sticky":false,"template":"","format":"standard","meta":{"footnotes":""},"categories":[2,9],"tags":[],"class_list":["post-3745","post","type-post","status-publish","format-standard","has-post-thumbnail","hentry","category-polityka","category-start"],"_links":{"self":[{"href":"https:\/\/kuriercodziennychicago.com\/index.php\/wp-json\/wp\/v2\/posts\/3745","targetHints":{"allow":["GET"]}}],"collection":[{"href":"https:\/\/kuriercodziennychicago.com\/index.php\/wp-json\/wp\/v2\/posts"}],"about":[{"href":"https:\/\/kuriercodziennychicago.com\/index.php\/wp-json\/wp\/v2\/types\/post"}],"author":[{"embeddable":true,"href":"https:\/\/kuriercodziennychicago.com\/index.php\/wp-json\/wp\/v2\/users\/1"}],"replies":[{"embeddable":true,"href":"https:\/\/kuriercodziennychicago.com\/index.php\/wp-json\/wp\/v2\/comments?post=3745"}],"version-history":[{"count":1,"href":"https:\/\/kuriercodziennychicago.com\/index.php\/wp-json\/wp\/v2\/posts\/3745\/revisions"}],"predecessor-version":[{"id":3747,"href":"https:\/\/kuriercodziennychicago.com\/index.php\/wp-json\/wp\/v2\/posts\/3745\/revisions\/3747"}],"wp:featuredmedia":[{"embeddable":true,"href":"https:\/\/kuriercodziennychicago.com\/index.php\/wp-json\/wp\/v2\/media\/3746"}],"wp:attachment":[{"href":"https:\/\/kuriercodziennychicago.com\/index.php\/wp-json\/wp\/v2\/media?parent=3745"}],"wp:term":[{"taxonomy":"category","embeddable":true,"href":"https:\/\/kuriercodziennychicago.com\/index.php\/wp-json\/wp\/v2\/categories?post=3745"},{"taxonomy":"post_tag","embeddable":true,"href":"https:\/\/kuriercodziennychicago.com\/index.php\/wp-json\/wp\/v2\/tags?post=3745"}],"curies":[{"name":"wp","href":"https:\/\/api.w.org\/{rel}","templated":true}]}}